{"id":6691,"date":"2024-04-11T15:09:40","date_gmt":"2024-04-11T13:09:40","guid":{"rendered":"https:\/\/pasaenmendoza.com\/?p=6691"},"modified":"2024-04-11T15:09:42","modified_gmt":"2024-04-11T13:09:42","slug":"principio-de-acuerdo-entre-oficialismo-y-oposicion-para-constituir-la-resistida-bicameral-de-seguridad","status":"publish","type":"post","link":"https:\/\/pasaenmendoza.com\/?p=6691","title":{"rendered":"Principio de acuerdo entre oficialismo y oposici\u00f3n para constituir la resistida Bicameral de Seguridad"},"content":{"rendered":"\n<p>Las negociaciones se destrabaron y la Comisi\u00f3n Bicameral de Seguridad volver\u00e1 a funcionar, luego de las quejas manifestadas por opositores. En 2023 no hubo actividad, lo cual gener\u00f3 cr\u00edticas.<\/p>\n\n\n\n<p>Tras idas y vueltas, diputados y senadores provinciales avanzar\u00e1n en la constituci\u00f3n de la\u00a0<strong>Comisi\u00f3n Bicameral de Seguridad<\/strong>. La decisi\u00f3n se da luego de\u00a0una reuni\u00f3n convocada este mi\u00e9rcoles por el presidente de la C\u00e1mara baja, Andr\u00e9s Lombardi, y el titular de bloque del Partido Justicialista en Diputados, Germ\u00e1n G\u00f3mez. Dos legisladores -Gabriel Pradines (demarchista) y F\u00e9lix Gonz\u00e1lez (peronista)- amenazaron con conformar una &#8220;comisi\u00f3n blue&#8221;, es decir, paralela y con el fin de causar revuelo, pese a no ser oficial. Esto habr\u00eda motivado la realizaci\u00f3n\u00a0del c\u00f3nclave que destrab\u00f3 la situaci\u00f3n.<\/p>\n\n\n\n<p>Con el correr del tiempo, no hab\u00eda se\u00f1ales de que la Comisi\u00f3n se conformara y el malestar por parte de todos los bloques opositores comenz\u00f3 a incrementar poco a poco. Los legisladores no alineados al Gobierno mencionaban la tem\u00e1tica cada vez que ten\u00edan la oportunidad y elevaban notas, con el fin de ejercer presi\u00f3n sobre el oficialismo. Todo, bajo el clima de inseguridad creciente en todo el territorio provincial.<\/p>\n\n\n\n<p>En un principio, uno de los problemas para constituir la Comisi\u00f3n era que ambas c\u00e1maras se disputaban presidirla (corresponde alternancia cada a\u00f1o). En 2023 no hubo actividad de la bicameral, por lo que se form\u00f3 una especie de &#8220;hueco&#8221;.<\/p>\n\n\n\n<p>&#8220;La presiden senadores hasta el 1 de mayo, pero no tiene sentido. Por eso acordamos que la va presidir Diputados a partir de esa fecha. Oficialmente empieza en mayo (despu\u00e9s de la Apertura de Sesiones Ordinarias)&#8221;, coment\u00f3 a este diario el presidente de la C\u00e1mara baja, Andr\u00e9s Lombardi, quien tambi\u00e9n\u00a0justific\u00f3 el no funcionamiento de la\u00a0<strong>Bicameral\u00a0<\/strong>en 2023 al sostener que &#8220;era un a\u00f1o de elecciones e iba a ser show&#8221;.<\/p>\n\n\n\n<p>&#8220;Se descomprimi\u00f3 el tema. Por una cuesti\u00f3n de reglamento tiene que empezar a funcionar el 1 de mayo, Vamos a aprovechar estos \u00faltimos d\u00edas de abril. Hay que respetar la\u00a0<strong>Bicameral<\/strong>. Con di\u00e1logo, hoy se acord\u00f3 que no va a ser para armar show, sino para trabajar seriamente. Esperemos que se respete con el tiempo&#8221;, aport\u00f3.<\/p>\n\n\n\n<p>Se trata de una postura un poco m\u00e1s &#8220;conciliadora&#8221;, despu\u00e9s de que desde el equipo de la vicegobernadora, Hebe Casado, indicaran&nbsp;durante marzo a este diario que a la&nbsp;<strong>Bicameral&nbsp;<\/strong>\u201csiempre la quieren usar para politizar los temas de seguridad. Hoy es m\u00e1s importante que el Ministerio y toda la c\u00fapula est\u00e9 abocada a las tareas de prevenci\u00f3n y combate del delito y no yendo a la&nbsp;Legislatura\u201d.<\/p>\n\n\n\n<p>Ahora, resta que se determine si ser\u00e1n 13 o\u00a014 los legisladores que la integren. La\u00a0propuesta m\u00e1s equilibrada consiste en dos\u00a0miembros por C\u00e1mara\u00a0del PJ, dos de\u00a0Cambia Mendoza, dos de La Uni\u00f3n Mendocina y uno\u00a0del Partido Verde&#8221;. Es que, en 1999 -cuando se sancion\u00f3 la ley-\u00a0hab\u00eda \u00fanicamente\u00a0tres bloques: peronismo, radicalismo y dem\u00f3cratas. Tras las \u00faltimas elecciones, en la\u00a0Legislatura\u00a0conviven once bloques en Diputados y cuatro en el Senado.\u00a0<\/p>\n\n\n\n<p>Germ\u00e1n G\u00f3mez, titular de la bancada peronista, subray\u00f3: &#8220;Hubo un avance. Ven\u00edamos insistiendo en la conformaci\u00f3n. Fue una reuni\u00f3n para coordinar el funcionamiento y la constituci\u00f3n de la&nbsp;<strong>Bicameral<\/strong>. Acordamos elevar los nombres esta semana y que la pr\u00f3xima se junte la comisi\u00f3n para designar las autoridades. El oficialismo ha prestado su voluntad de resolver este reclamo&#8221;.&nbsp;<\/p>\n\n\n\n<p>&#8220;Fue un trabajo insistente por parte del Justicialismo. La ley dice que tiene que ser conformada por todos los bloques con representaci\u00f3n parlamentaria. Es una comisi\u00f3n que no emite despachos. Es netamente pol\u00edtica. La&nbsp;gran problem\u00e1tica en Mendoza&nbsp;es el tema vinculado a la&nbsp;<strong>seguridad<\/strong>&#8220;, dijo.<\/p>\n\n\n\n<p>Un tema a tener en cuenta es que, por ley, debe tener como titular a un opositor. &#8220;Entendemos que tiene que presidir el justicialismo. Hoy en d\u00eda la principal fuerza opositora es el justicialismo con todos sus frentes. Creemos que, siendo respetuosos porque todav\u00eda no est\u00e1 conformada, el que presida tiene que ser del peronismo. Es una decisi\u00f3n que ser\u00e1 votada&#8221;, consider\u00f3 G\u00f3mez. La Uni\u00f3n Mendocina, por su parte, se meter\u00e1 en la pelea por la Presidencia.<\/p>\n\n\n\n<p>En el encuentro de este \u00faltimo mi\u00e9rcoles, adem\u00e1s de G\u00f3mez y Lombardi, dieron el presente: Cecilia Rodr\u00edguez (CM), Mart\u00edn Kerchner (CM), Cintia G\u00f3mez (LUM), Gustavo Cairo (LUM), Marcos Quattrini (LUM), Adriana Cano (PJ), Ver\u00f3nica Valverde (PJ), Jos\u00e9 Luis Ram\u00f3n (Protectora) y Emanuel Fugazzotto (Partido Verde).<\/p>\n\n\n\n<h2 class=\"wp-block-heading\">Qu\u00e9 es la Bicameral de Seguridad<\/h2>\n\n\n\n<p>Para entender el por qu\u00e9 existe la&nbsp;<strong>Bicameral de Seguridad&nbsp;<\/strong>hay que ir al contexto hist\u00f3rico. La comisi\u00f3n se cre\u00f3 por ley en 1999, en medio de las reformas del sistema policial y la decisi\u00f3n pol\u00edtica de dejar en manos de una civil el mando de las fuerzas de seguridad. La comisi\u00f3n nace para seguir de cerca las reformas tras el acuerdo de las fuerzas pol\u00edticas de la provincia.<\/p>\n\n\n\n<p>La norma le otorga ciertas facultades, por ejemplo, es la encargada de fiscalizar y controlar el sistema provincial de seguridad de Mendoza. \u201cTendr\u00e1 por misi\u00f3n la supervisi\u00f3n y el control de los organismos que ejecutan y desarrollan pol\u00edticas de seguridad en Mendoza\u201d, dice la norma en el art\u00edculo 32.<\/p>\n\n\n\n<p>Entre las facultades de la\u00a0<strong>Bicameral de Seguridad<\/strong>, la norma establece la facultad de requerir de todo organismo p\u00fablico o privado, nacional, provincial o municipal toda la informaci\u00f3n que estime conveniente. Todos los a\u00f1os, la comisi\u00f3n debe hacer un informe p\u00fablico.<\/p>\n\n\n\n<p>FUENTE: MDZonline.<\/p>\n","protected":false},"excerpt":{"rendered":"<p>Las negociaciones se destrabaron y la Comisi\u00f3n Bicameral de Seguridad volver\u00e1 a funcionar, luego de las quejas manifestadas por opositores. En 2023 no hubo actividad, lo cual gener\u00f3 cr\u00edticas. Tras idas y vueltas, diputados y senadores provinciales avanzar\u00e1n en la constituci\u00f3n de la\u00a0Comisi\u00f3n Bicameral de Seguridad. La decisi\u00f3n se da luego de\u00a0una reuni\u00f3n convocada este [&hellip;]<\/p>\n","protected":false},"author":2,"featured_media":6692,"comment_status":"open","ping_status":"open","sticky":true,"template":"","format":"standard","meta":[],"categories":[47],"tags":[],"_links":{"self":[{"href":"https:\/\/pasaenmendoza.com\/index.php?rest_route=\/wp\/v2\/posts\/6691"}],"collection":[{"href":"https:\/\/pasaenmendoza.com\/index.php?rest_route=\/wp\/v2\/posts"}],"about":[{"href":"https:\/\/pasaenmendoza.com\/index.php?rest_route=\/wp\/v2\/types\/post"}],"author":[{"embeddable":true,"href":"https:\/\/pasaenmendoza.com\/index.php?rest_route=\/wp\/v2\/users\/2"}],"replies":[{"embeddable":true,"href":"https:\/\/pasaenmendoza.com\/index.php?rest_route=%2Fwp%2Fv2%2Fcomments&post=6691"}],"version-history":[{"count":1,"href":"https:\/\/pasaenmendoza.com\/index.php?rest_route=\/wp\/v2\/posts\/6691\/revisions"}],"predecessor-version":[{"id":6693,"href":"https:\/\/pasaenmendoza.com\/index.php?rest_route=\/wp\/v2\/posts\/6691\/revisions\/6693"}],"wp:featuredmedia":[{"embeddable":true,"href":"https:\/\/pasaenmendoza.com\/index.php?rest_route=\/wp\/v2\/media\/6692"}],"wp:attachment":[{"href":"https:\/\/pasaenmendoza.com\/index.php?rest_route=%2Fwp%2Fv2%2Fmedia&parent=6691"}],"wp:term":[{"taxonomy":"category","embeddable":true,"href":"https:\/\/pasaenmendoza.com\/index.php?rest_route=%2Fwp%2Fv2%2Fcategories&post=6691"},{"taxonomy":"post_tag","embeddable":true,"href":"https:\/\/pasaenmendoza.com\/index.php?rest_route=%2Fwp%2Fv2%2Ftags&post=6691"}],"curies":[{"name":"wp","href":"https:\/\/api.w.org\/{rel}","templated":true}]}}