{"id":6694,"date":"2024-04-11T15:12:12","date_gmt":"2024-04-11T13:12:12","guid":{"rendered":"https:\/\/pasaenmendoza.com\/?p=6694"},"modified":"2024-04-11T15:12:14","modified_gmt":"2024-04-11T13:12:14","slug":"el-gobierno-despidio-a-un-profesional-de-la-salud-por-faltas-injustificadas","status":"publish","type":"post","link":"https:\/\/pasaenmendoza.com\/?p=6694","title":{"rendered":"El Gobierno despidi\u00f3 a un profesional de la salud por faltas injustificadas"},"content":{"rendered":"\n<p>El&nbsp;<strong>Gobierno&nbsp;<\/strong>ratific\u00f3 la&nbsp;<strong>cesant\u00eda&nbsp;<\/strong>de un&nbsp;<strong>profesional de la salud<\/strong>&nbsp;que se desempe\u00f1aba en el&nbsp;<strong>Hospital Lagomaggiore&nbsp;<\/strong>producto de una serie de faltas injustificadas.<\/p>\n\n\n\n<p>La decisi\u00f3n fue confirmada a trav\u00e9s del decreto 30 del ministerio de Salud y Deportes y lleva la firma del gobernador Alfredo Cornejo y el ministro a cargo de la cartera, Rodolfo Montero.<\/p>\n\n\n\n<p><em>\u201cRatif\u00edquese la Resoluci\u00f3n N 740\/23 emitida por la Direcci\u00f3n Ejecutiva del Hospital Luis C. Lagomaggiore del Ministerio de Salud y Deportes, mediante la cual se aplic\u00f3 la sanci\u00f3n de Cesant\u00eda al agente que como Anexo forma parte integrante del presente decreto\u201d<\/em>, indica el texto del decreto.<\/p>\n\n\n\n<p>La mencionada resoluci\u00f3n es del 30 de noviembre del a\u00f1o pasado. All\u00ed se explica que el profesional de la salud&nbsp;<em>\u201cno ha justificado las ausencias a su lugar de trabajo, ni avisado previamente, por lo que provoca un grave perjuicio a la instituci\u00f3n, incumplimientos reiterados y que no cuenta con el permiso ni autorizaci\u00f3n de su superior\u201d<\/em>.<\/p>\n\n\n\n<p>Adem\u00e1s, explica que a pesar de que fue citado a una audiencia en la cual no asisti\u00f3, por lo que se consider\u00f3 como una negativa a declarar.<\/p>\n\n\n\n<p>FUENTE: Elsol.com.ar <\/p>\n","protected":false},"excerpt":{"rendered":"<p>El&nbsp;Gobierno&nbsp;ratific\u00f3 la&nbsp;cesant\u00eda&nbsp;de un&nbsp;profesional de la salud&nbsp;que se desempe\u00f1aba en el&nbsp;Hospital Lagomaggiore&nbsp;producto de una serie de faltas injustificadas. La decisi\u00f3n fue confirmada a trav\u00e9s del decreto 30 del ministerio de Salud y Deportes y lleva la firma del gobernador Alfredo Cornejo y el ministro a cargo de la cartera, Rodolfo Montero. \u201cRatif\u00edquese la Resoluci\u00f3n N 740\/23 [&hellip;]<\/p>\n","protected":false},"author":2,"featured_media":6695,"comment_status":"open","ping_status":"open","sticky":true,"template":"","format":"standard","meta":[],"categories":[47],"tags":[],"_links":{"self":[{"href":"https:\/\/pasaenmendoza.com\/index.php?rest_route=\/wp\/v2\/posts\/6694"}],"collection":[{"href":"https:\/\/pasaenmendoza.com\/index.php?rest_route=\/wp\/v2\/posts"}],"about":[{"href":"https:\/\/pasaenmendoza.com\/index.php?rest_route=\/wp\/v2\/types\/post"}],"author":[{"embeddable":true,"href":"https:\/\/pasaenmendoza.com\/index.php?rest_route=\/wp\/v2\/users\/2"}],"replies":[{"embeddable":true,"href":"https:\/\/pasaenmendoza.com\/index.php?rest_route=%2Fwp%2Fv2%2Fcomments&post=6694"}],"version-history":[{"count":1,"href":"https:\/\/pasaenmendoza.com\/index.php?rest_route=\/wp\/v2\/posts\/6694\/revisions"}],"predecessor-version":[{"id":6696,"href":"https:\/\/pasaenmendoza.com\/index.php?rest_route=\/wp\/v2\/posts\/6694\/revisions\/6696"}],"wp:featuredmedia":[{"embeddable":true,"href":"https:\/\/pasaenmendoza.com\/index.php?rest_route=\/wp\/v2\/media\/6695"}],"wp:attachment":[{"href":"https:\/\/pasaenmendoza.com\/index.php?rest_route=%2Fwp%2Fv2%2Fmedia&parent=6694"}],"wp:term":[{"taxonomy":"category","embeddable":true,"href":"https:\/\/pasaenmendoza.com\/index.php?rest_route=%2Fwp%2Fv2%2Fcategories&post=6694"},{"taxonomy":"post_tag","embeddable":true,"href":"https:\/\/pasaenmendoza.com\/index.php?rest_route=%2Fwp%2Fv2%2Ftags&post=6694"}],"curies":[{"name":"wp","href":"https:\/\/api.w.org\/{rel}","templated":true}]}}