{"id":6697,"date":"2024-04-11T15:15:15","date_gmt":"2024-04-11T13:15:15","guid":{"rendered":"https:\/\/pasaenmendoza.com\/?p=6697"},"modified":"2024-04-11T15:15:16","modified_gmt":"2024-04-11T13:15:16","slug":"casado-de-marchi-se-ha-vuelto-un-enemigo-de-mendoza","status":"publish","type":"post","link":"https:\/\/pasaenmendoza.com\/?p=6697","title":{"rendered":"Casado: &#8220;De Marchi se ha vuelto un enemigo de Mendoza&#8221;"},"content":{"rendered":"\n<p><strong>&#8220;De Marchi se ha vuelto un enemigo de Mendoza<\/strong>, es oposici\u00f3n por oposici\u00f3n misma&#8221;, lanz\u00f3 la vicegobernadora\u00a0Hebe Casado\u00a0ante las cr\u00edticas de Omar De Marchi por las reformas del C\u00f3digo de Procedimientos Mineros.<\/p>\n\n\n\n<p>En di\u00e1logo con<em>&nbsp;&#8220;Ten\u00e9s que saberlo&#8221;<\/em>, de lunes a viernes de 7 a 10 por&nbsp;<em>radio Jornada<\/em>, la vicegobernadora record\u00f3 que &#8220;De Marchi se cans\u00f3 de decir que Mendoza no hac\u00eda miner\u00eda, que Mendoza estaba estancada, que no ten\u00eda iniciativa, f<strong>ue a Malarg\u00fce a decir que no ten\u00edan miner\u00eda culpa de Cambia Mendoza, y ahora pone peros<\/strong>&#8220;.<\/p>\n\n\n\n<p>M\u00e1s all\u00e1 de que la mayor\u00eda de sus legisladores votaron en contra de la reforma del C\u00f3digo de Procedimientos Mineros,\u00a0<strong>el propio De Marchi cuestion\u00f3 en redes sociales el proyecto<\/strong>, especialmente el rol que tendr\u00e1 en las concesiones mineras la empresa controlada por el Estado\u00a0<strong>&#8220;Impulsa Mendoza&#8221;<\/strong>. Ante eso,\u00a0<strong>Casado<\/strong>\u00a0respondi\u00f3: &#8220;<strong>Si no te gusta Impulsa Mendoza, vot\u00e1 en contra de ese art\u00edculo, pero el resto del C\u00f3digo Minero votalo a favor<\/strong>&#8220;.\u00a0<\/p>\n\n\n\n<p>Casado tambi\u00e9n mencion\u00f3 el caso de la diputada&nbsp;<strong>Jimena Cogo<\/strong>, de La Uni\u00f3n Mendocina y representante de&nbsp;<strong>Malarg\u00fce<\/strong>, quien vot\u00f3 en contra de la reforma del C\u00f3digo de Procedimientos Mineros. &#8220;<strong>De Marchi hizo votar a la legisladora en contra del proyecto. Es condenarla a no poder volver a Malarg\u00fce. Pobre<\/strong>&#8220;, evalu\u00f3.<\/p>\n\n\n\n<p>De todos los legisladores de La Uni\u00f3n Mendocina, s\u00f3lo uno\u00a0<strong>vot\u00f3 a favor<\/strong>\u00a0del proyecto del Gobierno: el diputado\u00a0<strong>Gustavo Cairo<\/strong>.<\/p>\n\n\n\n<p>&#8220;<strong>Es lo mismo que el kirchnerismo, porque se opone por oponerse<\/strong>&#8220;, concluy\u00f3 la vicegobernadora que en junio buscar\u00e1 ser elegida presidenta del PRO en Mendoza, mientras que a\u00fan es una inc\u00f3gnita si el sector de De Marchi presentar\u00e1 candidato.<\/p>\n\n\n\n<p>Casado viajar\u00e1 a Australia a una feria minera<\/p>\n\n\n\n<p>La vicegobernadora de Mendoza viajar\u00e1 en los pr\u00f3ximos d\u00edas a&nbsp;<strong>Australia<\/strong>&nbsp;para participar de una<strong>&nbsp;feria minera<\/strong>: la&nbsp;<strong>Battery Minerals Conference 2024<\/strong>, organizada por&nbsp;<strong>Paydirt Media<\/strong>, que se realizar\u00e1 en la ciudad de&nbsp;<strong>Perth<\/strong>, al oeste del pa\u00eds oce\u00e1nico.<\/p>\n\n\n\n<p>La feria minera en Perth, \u00fanico evento de Australia dedicado al desarrollo de la industria de minerales cr\u00edticos, como el cobre, se desarrollar\u00e1 el\u00a0<strong>martes 16 y mi\u00e9rcoles 17 de abril\u00a0<\/strong>(la pr\u00f3xima semana) en un hotel de la cadena Pan Pacific.<\/p>\n\n\n\n<p>Seg\u00fan explicaron desde su entorno al\u00a0<em><strong>Post<\/strong><\/em>, la vicegobernadora\u00a0<strong>partir\u00e1<\/strong>\u00a0desde Mendoza\u00a0<strong>el domingo 14 y llegar\u00eda el lunes 15<\/strong>\u00a0a \u00faltima hora a Perth. Entre otros, ser\u00e1 acompa\u00f1ada por el director de Miner\u00eda de Mendoza,\u00a0<strong>Jer\u00f3nimo Shantal.<\/strong><\/p>\n\n\n\n<p>FUENTE: Mendozapost.<\/p>\n","protected":false},"excerpt":{"rendered":"<p>&#8220;De Marchi se ha vuelto un enemigo de Mendoza, es oposici\u00f3n por oposici\u00f3n misma&#8221;, lanz\u00f3 la vicegobernadora\u00a0Hebe Casado\u00a0ante las cr\u00edticas de Omar De Marchi por las reformas del C\u00f3digo de Procedimientos Mineros. En di\u00e1logo con&nbsp;&#8220;Ten\u00e9s que saberlo&#8221;, de lunes a viernes de 7 a 10 por&nbsp;radio Jornada, la vicegobernadora record\u00f3 que &#8220;De Marchi se cans\u00f3 [&hellip;]<\/p>\n","protected":false},"author":2,"featured_media":6698,"comment_status":"open","ping_status":"open","sticky":true,"template":"","format":"standard","meta":[],"categories":[47],"tags":[],"_links":{"self":[{"href":"https:\/\/pasaenmendoza.com\/index.php?rest_route=\/wp\/v2\/posts\/6697"}],"collection":[{"href":"https:\/\/pasaenmendoza.com\/index.php?rest_route=\/wp\/v2\/posts"}],"about":[{"href":"https:\/\/pasaenmendoza.com\/index.php?rest_route=\/wp\/v2\/types\/post"}],"author":[{"embeddable":true,"href":"https:\/\/pasaenmendoza.com\/index.php?rest_route=\/wp\/v2\/users\/2"}],"replies":[{"embeddable":true,"href":"https:\/\/pasaenmendoza.com\/index.php?rest_route=%2Fwp%2Fv2%2Fcomments&post=6697"}],"version-history":[{"count":1,"href":"https:\/\/pasaenmendoza.com\/index.php?rest_route=\/wp\/v2\/posts\/6697\/revisions"}],"predecessor-version":[{"id":6699,"href":"https:\/\/pasaenmendoza.com\/index.php?rest_route=\/wp\/v2\/posts\/6697\/revisions\/6699"}],"wp:featuredmedia":[{"embeddable":true,"href":"https:\/\/pasaenmendoza.com\/index.php?rest_route=\/wp\/v2\/media\/6698"}],"wp:attachment":[{"href":"https:\/\/pasaenmendoza.com\/index.php?rest_route=%2Fwp%2Fv2%2Fmedia&parent=6697"}],"wp:term":[{"taxonomy":"category","embeddable":true,"href":"https:\/\/pasaenmendoza.com\/index.php?rest_route=%2Fwp%2Fv2%2Fcategories&post=6697"},{"taxonomy":"post_tag","embeddable":true,"href":"https:\/\/pasaenmendoza.com\/index.php?rest_route=%2Fwp%2Fv2%2Ftags&post=6697"}],"curies":[{"name":"wp","href":"https:\/\/api.w.org\/{rel}","templated":true}]}}