{"id":6706,"date":"2024-04-11T15:41:40","date_gmt":"2024-04-11T13:41:40","guid":{"rendered":"https:\/\/pasaenmendoza.com\/?p=6706"},"modified":"2024-04-11T15:41:41","modified_gmt":"2024-04-11T13:41:41","slug":"un-hombre-fue-baleado-en-el-cuello-y-esta-internado-en-el-central","status":"publish","type":"post","link":"https:\/\/pasaenmendoza.com\/?p=6706","title":{"rendered":"Un hombre fue baleado en el cuello y est\u00e1 internado en el Central"},"content":{"rendered":"\n<p>Un hombre de 26 a\u00f1os, identificado como S.T., result\u00f3 gravemente&nbsp;<strong>herido por arma de fuego<\/strong>&nbsp;en el interior del&nbsp;<strong>Barrio Santa Teresita, Las Heras.<\/strong><\/p>\n\n\n\n<p>El hecho tuvo lugar mientras la v\u00edctima caminaba por la zona, cuando, por circunstancias que a\u00fan est\u00e1n bajo investigaci\u00f3n, fue&nbsp;<strong>impactado por un disparo en el cuello<\/strong>. La situaci\u00f3n desencaden\u00f3 el despliegue de la polic\u00eda y el servicio de emergencia.<\/p>\n\n\n\n<p>El hombre herido fue trasladado al&nbsp;<strong>Hospital Central,<\/strong>&nbsp;donde recibi\u00f3 atenci\u00f3n m\u00e9dica urgente por una herida de arma de fuego que presentaba un&nbsp;<strong>orificio de entrada y salida en su cuello.<\/strong><\/p>\n\n\n\n<p>El caso fue puesto bajo la jurisdicci\u00f3n de la\u00a0<strong>Oficina Fiscal N\u00b06 de la Comisar\u00eda 36\u00b0<\/strong>, que inici\u00f3 las investigaciones correspondientes para esclarecer las circunstancias del incidente y determinar a los responsables de esta lamentable situaci\u00f3n.<\/p>\n\n\n\n<p><strong>Fuente: www.mendozapost.com<\/strong><\/p>\n","protected":false},"excerpt":{"rendered":"<p>Un hombre de 26 a\u00f1os, identificado como S.T., result\u00f3 gravemente&nbsp;herido por arma de fuego&nbsp;en el interior del&nbsp;Barrio Santa Teresita, Las Heras. El hecho tuvo lugar mientras la v\u00edctima caminaba por la zona, cuando, por circunstancias que a\u00fan est\u00e1n bajo investigaci\u00f3n, fue&nbsp;impactado por un disparo en el cuello. La situaci\u00f3n desencaden\u00f3 el despliegue de la polic\u00eda [&hellip;]<\/p>\n","protected":false},"author":2,"featured_media":6707,"comment_status":"open","ping_status":"open","sticky":false,"template":"","format":"standard","meta":[],"categories":[48],"tags":[],"_links":{"self":[{"href":"https:\/\/pasaenmendoza.com\/index.php?rest_route=\/wp\/v2\/posts\/6706"}],"collection":[{"href":"https:\/\/pasaenmendoza.com\/index.php?rest_route=\/wp\/v2\/posts"}],"about":[{"href":"https:\/\/pasaenmendoza.com\/index.php?rest_route=\/wp\/v2\/types\/post"}],"author":[{"embeddable":true,"href":"https:\/\/pasaenmendoza.com\/index.php?rest_route=\/wp\/v2\/users\/2"}],"replies":[{"embeddable":true,"href":"https:\/\/pasaenmendoza.com\/index.php?rest_route=%2Fwp%2Fv2%2Fcomments&post=6706"}],"version-history":[{"count":1,"href":"https:\/\/pasaenmendoza.com\/index.php?rest_route=\/wp\/v2\/posts\/6706\/revisions"}],"predecessor-version":[{"id":6708,"href":"https:\/\/pasaenmendoza.com\/index.php?rest_route=\/wp\/v2\/posts\/6706\/revisions\/6708"}],"wp:featuredmedia":[{"embeddable":true,"href":"https:\/\/pasaenmendoza.com\/index.php?rest_route=\/wp\/v2\/media\/6707"}],"wp:attachment":[{"href":"https:\/\/pasaenmendoza.com\/index.php?rest_route=%2Fwp%2Fv2%2Fmedia&parent=6706"}],"wp:term":[{"taxonomy":"category","embeddable":true,"href":"https:\/\/pasaenmendoza.com\/index.php?rest_route=%2Fwp%2Fv2%2Fcategories&post=6706"},{"taxonomy":"post_tag","embeddable":true,"href":"https:\/\/pasaenmendoza.com\/index.php?rest_route=%2Fwp%2Fv2%2Ftags&post=6706"}],"curies":[{"name":"wp","href":"https:\/\/api.w.org\/{rel}","templated":true}]}}