{"id":6709,"date":"2024-04-11T15:48:52","date_gmt":"2024-04-11T13:48:52","guid":{"rendered":"https:\/\/pasaenmendoza.com\/?p=6709"},"modified":"2024-04-11T15:48:53","modified_gmt":"2024-04-11T13:48:53","slug":"cayeron-los-sospechosos-que-intentaron-matar-a-un-chico-en-guaymallen","status":"publish","type":"post","link":"https:\/\/pasaenmendoza.com\/?p=6709","title":{"rendered":"Cayeron los sospechosos que intentaron matar a un chico en Guaymall\u00e9n"},"content":{"rendered":"\n<p>Este mi\u00e9rcoles,&nbsp;polic\u00edas de la Direcci\u00f3n de&nbsp;<strong>Investigaciones<\/strong>&nbsp;(Divisi\u00f3n Homicidios) llevaron a cabo dos medidas judiciales con el objetivo de esclarecer el&nbsp;<strong>delito de homicidio en tentativa agravado por el uso de arma de fuego.<\/strong>&nbsp;La&nbsp;<strong>v\u00edctima<\/strong>&nbsp;en este caso fue el ciudadano&nbsp;<strong>Nicol\u00e1s Alejandro Faras Fr\u00edas, de 17 a\u00f1os.<\/strong><\/p>\n\n\n\n<p>Los\u00a0<strong>allanamientos<\/strong>\u00a0donde fueron detenidos los sospechosos se llevaron adelante en dos viviendas. En la casa 15 de la manzana E del barrio Furio, en Guaymall\u00e9n. All\u00ed arrestaron a<strong>\u00a0Enzo M., tambi\u00e9n conocido como &#8220;Alias el rata&#8221;, de 20 a\u00f1os<\/strong>. El otro operativo se realiz\u00f3 en calle Ser\u00fa 2254 del mismo departamento, donde fue detenido\u00a0<strong>William L., de 23 a\u00f1os<\/strong>.\u00a0<\/p>\n\n\n\n<p>Ambos detenidos fueron trasladados a la sede del Polo Judicial para ser imputados y posteriormente encerrados.<\/p>\n\n\n\n<p>Estas medidas est\u00e1n relacionadas con el incidente ocurrido el pasado 11 de febrero en la intersecci\u00f3n de calles Chile y el R\u00edo Alumine, en Guaymall\u00e9n.&nbsp;<\/p>\n\n\n\n<p>Aquella noche, Nicol\u00e1s Varas result\u00f3 ser la v\u00edctima de un disparo cuyo proyectil ingres\u00f3 por su t\u00f3rax, y debi\u00f3 ser operado.&nbsp;<\/p>\n\n\n\n<p>El arma la habr\u00eda dispardo Enzo M., de 20 a\u00f1os, quien circulaba en una moto junto a William L., de 23 a\u00f1os, quien conduc\u00eda el rodado.<\/p>\n\n\n\n<p><strong>Fuente: www.mendozapost.com<\/strong><\/p>\n","protected":false},"excerpt":{"rendered":"<p>Este mi\u00e9rcoles,&nbsp;polic\u00edas de la Direcci\u00f3n de&nbsp;Investigaciones&nbsp;(Divisi\u00f3n Homicidios) llevaron a cabo dos medidas judiciales con el objetivo de esclarecer el&nbsp;delito de homicidio en tentativa agravado por el uso de arma de fuego.&nbsp;La&nbsp;v\u00edctima&nbsp;en este caso fue el ciudadano&nbsp;Nicol\u00e1s Alejandro Faras Fr\u00edas, de 17 a\u00f1os. Los\u00a0allanamientos\u00a0donde fueron detenidos los sospechosos se llevaron adelante en dos viviendas. En la [&hellip;]<\/p>\n","protected":false},"author":2,"featured_media":6710,"comment_status":"open","ping_status":"open","sticky":false,"template":"","format":"standard","meta":[],"categories":[48],"tags":[],"_links":{"self":[{"href":"https:\/\/pasaenmendoza.com\/index.php?rest_route=\/wp\/v2\/posts\/6709"}],"collection":[{"href":"https:\/\/pasaenmendoza.com\/index.php?rest_route=\/wp\/v2\/posts"}],"about":[{"href":"https:\/\/pasaenmendoza.com\/index.php?rest_route=\/wp\/v2\/types\/post"}],"author":[{"embeddable":true,"href":"https:\/\/pasaenmendoza.com\/index.php?rest_route=\/wp\/v2\/users\/2"}],"replies":[{"embeddable":true,"href":"https:\/\/pasaenmendoza.com\/index.php?rest_route=%2Fwp%2Fv2%2Fcomments&post=6709"}],"version-history":[{"count":1,"href":"https:\/\/pasaenmendoza.com\/index.php?rest_route=\/wp\/v2\/posts\/6709\/revisions"}],"predecessor-version":[{"id":6711,"href":"https:\/\/pasaenmendoza.com\/index.php?rest_route=\/wp\/v2\/posts\/6709\/revisions\/6711"}],"wp:featuredmedia":[{"embeddable":true,"href":"https:\/\/pasaenmendoza.com\/index.php?rest_route=\/wp\/v2\/media\/6710"}],"wp:attachment":[{"href":"https:\/\/pasaenmendoza.com\/index.php?rest_route=%2Fwp%2Fv2%2Fmedia&parent=6709"}],"wp:term":[{"taxonomy":"category","embeddable":true,"href":"https:\/\/pasaenmendoza.com\/index.php?rest_route=%2Fwp%2Fv2%2Fcategories&post=6709"},{"taxonomy":"post_tag","embeddable":true,"href":"https:\/\/pasaenmendoza.com\/index.php?rest_route=%2Fwp%2Fv2%2Ftags&post=6709"}],"curies":[{"name":"wp","href":"https:\/\/api.w.org\/{rel}","templated":true}]}}