{"id":671,"date":"2023-08-14T13:18:51","date_gmt":"2023-08-14T11:18:51","guid":{"rendered":"https:\/\/pasaenmendoza.com\/?p=671"},"modified":"2023-08-14T13:18:51","modified_gmt":"2023-08-14T11:18:51","slug":"ganadores-y-perdedores-en-mendoza-primera-parte","status":"publish","type":"post","link":"https:\/\/pasaenmendoza.com\/?p=671","title":{"rendered":"Ganadores y perdedores en Mendoza, primera parte"},"content":{"rendered":"\n<p>Milei, el PD &#8220;renacido&#8221;, Cambia Mendoza derrotado, los oportunistas y un candidato mendocino que festeja. Qui\u00e9nes ganaron y qui\u00e9nes perdieron en una elecci\u00f3n sorprendente.<\/p>\n\n\n\n<p><strong>Javier Milei.<\/strong>\u00a0Es el gran ganador de la elecci\u00f3n nacional y como pocas veces en la historia, es un capital pol\u00edtico propio en cada distrito. A Milei no le fue bien en Mendoza gracias a la tracci\u00f3n de alguna fuerza local, de una trayectoria o aparato. Milei gan\u00f3 en Mendoza por Milei.\u00a0<\/p>\n\n\n\n<p><strong>El Partido Dem\u00f3crata<\/strong>. Resurgido desde las cenizas, el PD vuelve a parecer competitivo. A diferencia de su candidato a Presidente, tiene una relaci\u00f3n parasitaria: depende netamente de Milei, pues por su solo capital no logra despegar. Es lo que le pas\u00f3 al PD en las elecciones del 2021, cuando con su sello y capital propio tuvo un desempe\u00f1o pobr\u00edsimo. Ahora, de la mano del candidato nacional, es competitivo y podr\u00eda ocurrir algo curioso: un partido provincial que no tendr\u00e1 representaci\u00f3n local, pero s\u00ed dos diputados nacionales.\u00a0Los gansos &#8220;f\u00e9nix&#8221;, son los dirigentes del PD que renacieron. Carlos Balter, Gabriel y Ra\u00fal Llano y toda la vieja guardia dem\u00f3crata se siente fortalecida. El PD no ganaba una elecci\u00f3n desde 1997.\u00a0<\/p>\n\n\n\n<p><strong>Mercedes Llano.<\/strong>\u00a0La dirigente del PD es la que m\u00e1s trabaj\u00f3 para sumarse y sumar a los libertarios. Fue legisladora provincial de la mano de Cambia Mendoza, frente del que se apart\u00f3. Ahora tiene muchas chances de ser diputada nacional gracias al impulso de Milei.\u00a0<\/p>\n\n\n\n<p><strong>Luis Petri<\/strong>. Es el radical mendocino que m\u00e1s gan\u00f3, en medio de un d\u00eda negro para ese partido. No pudo ganar la elecci\u00f3n en &#8220;terreno propio&#8221;, pero se convirti\u00f3 en candidato a vicepresidente de la Naci\u00f3n, con chances concretas de llegar a la conducci\u00f3n del Congreso. Tuvo un renacimiento vertiginoso en los \u00faltimos meses. En junio hizo una muy buena elecci\u00f3n PASO local, enfrentando a Cornejo. Poco tiempo despu\u00e9s se convirti\u00f3 en candidato a vicepresidente. Adem\u00e1s, en el plano local tendr\u00e1 una diputada nacional de su propio espacio: Patricia Gim\u00e9nez.\u00a0<\/p>\n\n\n\n<p><strong>De Marchi<\/strong>, el oportunista. Omar De Marchi tuvo un recorrido zigzagueante en relaci\u00f3n a las fuerzas pol\u00edticas nacionales. Era el armador pol\u00edtico de Horacio Rodr\u00edguez Larreta. Pero al romper con Cambia Mendoza estuvo obligado a dejar ese espacio. En paralelo reflot\u00f3 su relaci\u00f3n con Javier Milei. Nunca se defini\u00f3 p\u00fablicamente acerca de la relaci\u00f3n con los candidatos nacionales y su espacio La Uni\u00f3n Mendocina no participa de las elecciones federales. Con el resultado puesto, De Marchi se acerc\u00f3 al festejo. Entr\u00f3 por la puerta de la que se hab\u00eda ido en el PD y fue recibido por los mismos dirigentes a los que rechazaba. Ahora le queda el camino m\u00e1s allanado para explicitar ese apoyo aunque no tiene garantizado que haya reciprocidad. Que Milei le levante la mano tiene un valor pol\u00edtico mucho mayor que hace un tiempo.&nbsp;<\/p>\n\n\n\n<p><strong>Alfredo Cornejo<\/strong>. El candidato a gobernador y senador nacional no se expuso ante el resultado adverso. Tiene un rechazo hacia la figura de Milei y una semana antes hab\u00eda anticipado en privado que el resultado pod\u00eda ser el que ocurri\u00f3, aunque no con esa diferencia. Es un llamado de atenci\u00f3n para Cornejo de cara a septiembre. Aunque Milei no tiene candidato propio, hay otro dato importante: en las PASO nacionales hubo menos abstenci\u00f3n que en las locales. Los votos &#8220;nuevo&#8221; no eligieron a Cambia Mendoza, que tuvo mucho peor desempe\u00f1o que en junio. Cornejo s\u00ed gan\u00f3 en su temprana apuesta por Patricia Bullrich. El exgobernador fue uno de los primeros radicales en apoyar expl\u00edcitamente a la ahora candidata a presidenta. All\u00ed se abre un panorama positivo en caso de que tenga un buen resultado para el futuro.&nbsp;<\/p>\n\n\n\n<p><strong>Ulpiano Suarez<\/strong>. El intendente de Capital fue uno de los pocos que se la jug\u00f3 por Horacio Rodr\u00edguez Larreta, por su cercan\u00eda pol\u00edtica y tambi\u00e9n como parte de su construcci\u00f3n personal. El resultado de Larreta fue sorprendentemente malo.&nbsp;<\/p>\n\n\n\n<p><strong>Ernesto Sanz.\u00a0<\/strong>El mendocino volvi\u00f3 a aparecer p\u00fablicamente apoyando a Patricia Bullrich. El fundador de Cambiemos nunca se alej\u00f3, pero hab\u00eda estado retirado de la escena. En su retorno tuvo buenas y malas. No logr\u00f3 imponer a Maxi Abad como compa\u00f1ero de Bullrich, pero s\u00ed le fue bien al apoyar a la &#8220;piba&#8221;.<\/p>\n\n\n\n<p><strong>La estructura radical.&nbsp;<\/strong>El radicalismo mendocino recibi\u00f3 un cachetazo. Cambia Mendoza no perd\u00eda una elecci\u00f3n desde fue creada y el radicalismo desde 2011. Adem\u00e1s no pudo contra Milei, a\u00fan con toda su estructura. Lo m\u00e1s llamativo fue la diferencia. Es un llamado de atenci\u00f3n para esa fuerza pol\u00edtica, sobre todo porque esta vez votaron muchas m\u00e1s personas que en las PASO locales. La duda es si habr\u00e1 voto cruzado (personas que puedan votar a Milei y tambi\u00e9n a Cornejo) o si Omar De Marchi puede capotar en septiembre a los libertarios que no sedujo en junio.&nbsp;<\/p>\n\n\n\n<p><strong>Rodolfo Suarez<\/strong>. El Gobernador no apareci\u00f3 en el b\u00fanker y se mostr\u00f3 ajeno en la derrota. A\u00fan a pesar de que es el primer mandatario y que en toda su gesti\u00f3n hizo foco en la relaci\u00f3n con la Naci\u00f3n. M\u00e1s a\u00fan cuando su futuro pol\u00edtico estar\u00e1 en el Congreso como senador, en caso de que Cornejo sea electo gobernador.<\/p>\n\n\n\n<p><strong>El peronismo<\/strong>. El PJ local tuvo otra derrota y sigue degrad\u00e1ndose. Qued\u00f3 tercero, lejos y sigue sintiendo el rigor de la &#8220;memoria emotiva&#8221; de las malas gestiones y ahora, sobre todo, de la mala gesti\u00f3n nacional. Sergio Massa fue el punto de uni\u00f3n, pero no de buen desempe\u00f1o electoral hacia los mendocinos.&nbsp;<\/p>\n\n\n\n<p><strong>El Massismo<\/strong>&nbsp;transversal. Sergio Massa tiene&nbsp; una presencia transversal en Mendoza. Tiene aliados en casi todos los frentes y tambi\u00e9n en el mundo empresario. Esa llegada no se replica en la ciudadan\u00eda y tuvo un mal resultado electoral en la proivincia<\/p>\n\n\n\n<p><strong>La izquierda.<\/strong>&nbsp;La izquierda mendocina tambi\u00e9n se desgrana. En tiempos de mal humor social, no pudo captar esa energ\u00eda como en otras \u00e9pocas. Ahora el voto bronca se canaliza por derecha y es Javier Milei quien lo capitaliza.&nbsp;<\/p>\n\n\n\n<p><strong>La elecci\u00f3n<\/strong>. Cerca de cumplir los 40 a\u00f1os de Democracia, la participaci\u00f3n electoral fue mayor a la esperada. El desencanto y la bronca hab\u00edan hecho poner en duda esa posibilidad. Pero la cantidad de electores no cay\u00f3 tanto en Mendoza. Tampoco hubo tanto voto negativo. La aparici\u00f3n de Milei tuvo mucho que ver con eso.\u00a0<\/p>\n\n\n\n<p><strong><em>FUENTE:<\/em><\/strong> MDZ Online<\/p>\n","protected":false},"excerpt":{"rendered":"<p>Milei, el PD &#8220;renacido&#8221;, Cambia Mendoza derrotado, los oportunistas y un candidato mendocino que festeja. Qui\u00e9nes ganaron y qui\u00e9nes perdieron en una elecci\u00f3n sorprendente. Javier Milei.\u00a0Es el gran ganador de la elecci\u00f3n nacional y como pocas veces en la historia, es un capital pol\u00edtico propio en cada distrito. A Milei no le fue bien en [&hellip;]<\/p>\n","protected":false},"author":2,"featured_media":672,"comment_status":"open","ping_status":"open","sticky":true,"template":"","format":"standard","meta":[],"categories":[47],"tags":[],"_links":{"self":[{"href":"https:\/\/pasaenmendoza.com\/index.php?rest_route=\/wp\/v2\/posts\/671"}],"collection":[{"href":"https:\/\/pasaenmendoza.com\/index.php?rest_route=\/wp\/v2\/posts"}],"about":[{"href":"https:\/\/pasaenmendoza.com\/index.php?rest_route=\/wp\/v2\/types\/post"}],"author":[{"embeddable":true,"href":"https:\/\/pasaenmendoza.com\/index.php?rest_route=\/wp\/v2\/users\/2"}],"replies":[{"embeddable":true,"href":"https:\/\/pasaenmendoza.com\/index.php?rest_route=%2Fwp%2Fv2%2Fcomments&post=671"}],"version-history":[{"count":1,"href":"https:\/\/pasaenmendoza.com\/index.php?rest_route=\/wp\/v2\/posts\/671\/revisions"}],"predecessor-version":[{"id":673,"href":"https:\/\/pasaenmendoza.com\/index.php?rest_route=\/wp\/v2\/posts\/671\/revisions\/673"}],"wp:featuredmedia":[{"embeddable":true,"href":"https:\/\/pasaenmendoza.com\/index.php?rest_route=\/wp\/v2\/media\/672"}],"wp:attachment":[{"href":"https:\/\/pasaenmendoza.com\/index.php?rest_route=%2Fwp%2Fv2%2Fmedia&parent=671"}],"wp:term":[{"taxonomy":"category","embeddable":true,"href":"https:\/\/pasaenmendoza.com\/index.php?rest_route=%2Fwp%2Fv2%2Fcategories&post=671"},{"taxonomy":"post_tag","embeddable":true,"href":"https:\/\/pasaenmendoza.com\/index.php?rest_route=%2Fwp%2Fv2%2Ftags&post=671"}],"curies":[{"name":"wp","href":"https:\/\/api.w.org\/{rel}","templated":true}]}}