{"id":6715,"date":"2024-04-11T23:32:41","date_gmt":"2024-04-11T21:32:41","guid":{"rendered":"https:\/\/pasaenmendoza.com\/?p=6715"},"modified":"2024-04-11T23:32:42","modified_gmt":"2024-04-11T21:32:42","slug":"la-dge-formalizo-un-reclamo-por-15-colegios-privados-que-no-figuran-habilitados-para-el-voucher-educativo","status":"publish","type":"post","link":"https:\/\/pasaenmendoza.com\/?p=6715","title":{"rendered":"La DGE formaliz\u00f3 un reclamo por 15 colegios privados que no figuran habilitados para el voucher educativo"},"content":{"rendered":"\n<p><strong>Cecilia P\u00e1ez<\/strong>, directora de Educaci\u00f3n Privada de la\u00a0<strong>DGE<\/strong>, formaliz\u00f3 un reclamo a la Secretar\u00eda de Educaci\u00f3n de la Naci\u00f3n por\u00a0<strong>15 colegios privados\u00a0<\/strong>con subvenci\u00f3n estatal de m\u00e1s del 75% que no figuran en el listado habilitado para el pedido de\u00a0<strong>vouchers educativos<\/strong>.<\/p>\n\n\n\n<p>&#8220;Enviamos por mail la&nbsp;<strong>nota de reclamo con las planillas actualizadas de los colegios privados con el comprobante de la subvenci\u00f3n estatal que reciben<\/strong>&#8221; para que se incluya a los faltantes en la n\u00f3mina de la p\u00e1gina oficial habilitada para pedir el subsidio del 50% del valor de la cuota mensual.<\/p>\n\n\n\n<p>De esta manera se reforz\u00f3 institucionalmente la\u00a0<strong>queja que individualmente los padres y madres que no encuentran el colegio de sus hijos en el listado deben hacer<\/strong>\u00a0al correo:\u00a0<strong>voucherseducativos@educacion.gob.ar<\/strong>.<\/p>\n\n\n\n<p>Desde la DGE aconsejaron que antes de iniciar el proceso de inscripci\u00f3n, las familias revisen si la instituci\u00f3n est\u00e1 o no registrada en la p\u00e1gina. Para hacerlo, deben ingresar a\u00a0https: voucherseducativos.educacion.gob.ar y hacer click en la pesta\u00f1a &#8220;Establecimientos educativos&#8221;.<\/p>\n\n\n\n<h2 class=\"wp-block-heading\">Inscripci\u00f3n para el voucher educativo inconclusa<\/h2>\n\n\n\n<p>A la DGE siguen llegando reclamos por parte de&nbsp;<strong>padres de colegios privados que no pueden completar el tr\u00e1mite<\/strong>&nbsp;para pedir el voucher educacativo que ofrece el gobierno nacional.<\/p>\n\n\n\n<p>Desde el Ministerio de Capital Humano, del que depende Educaci\u00f3n, reconocieron inconvenientes por la saturaci\u00f3n de la p\u00e1gina, la rehabilitaron el fin de semana y ya\u00a0son 542.000 los alumnos del pa\u00eds que han pedido la ayuda. De todas maneras, siguen siendo muchas las familias que reportan que en alguna etapa del tr\u00e1mite se traban y no pueden terminar.<\/p>\n\n\n\n<p><strong>La inscripci\u00f3n se encuentra disponible hasta el mi\u00e9rcoles 30 de abril<\/strong>&nbsp;por lo que desde la DGE esperan que la respuesta de Naci\u00f3n a las falencias en la registraci\u00f3n se solucionen lo antes posible, especialmente aquellas que tienen que ver con la falta de establecimientos educativos.<\/p>\n\n\n\n<p>En algunos casos la instituci\u00f3n figura pero no con todos los niveles. Lo cual tambi\u00e9n fue reclamado por Educaci\u00f3n Privada de Mendoza.<\/p>\n\n\n\n<h2 class=\"wp-block-heading\">C\u00f3mo sigue el proceso una vez completada la inscripci\u00f3n por el voucher educativo<\/h2>\n\n\n\n<p>Una vez realizada la inscripci\u00f3n, l<strong>a instituci\u00f3n educativa es notificada para certificar la condici\u00f3n de regularidad de los estudiantes&nbsp;<\/strong>y el Ministerio de Capital Humano realiza los cotejos necesarios para evaluar el cumplimiento del resto de los requisitos. Confirmada la adjudicaci\u00f3n, el pago estar\u00e1 a cargo de la Administraci\u00f3n Nacional de la Seguridad Social (ANSES), donde&nbsp;<strong>debe figurar actualizado el CBU correspondiente en Mi Anses<\/strong>.<\/p>\n\n\n\n<p>Seg\u00fan dijeron desde Naci\u00f3n, los beneficiarios que se inscriban y sean validados por las instituciones educativas entre el 3 y el 18 de abril recibir\u00e1n el primer pago a comienzos de mayo y los siguientes en junio y julio.<\/p>\n\n\n\n<p>Quienes se inscriban del 19 al 30 de abril y sean validados por las instituciones educativas entre el 19 de abril y el 10 mayo recibir\u00e1n el primer y el segundo pago en junio y el tercero en julio.<\/p>\n\n\n\n<p>Desde la DGE advirtieron que a\u00fan\u00a0<strong>ning\u00fan voucher ha sido adjudicado en Mendoza\u00a0<\/strong>y esperan conocer desde Naci\u00f3n cu\u00e1ntos padres efectivamente pudieron completar el tr\u00e1mite.<\/p>\n\n\n\n<p>Para revisar el estado del tr\u00e1mite, los postulantes deber\u00e1n ingresar con usuario y contrase\u00f1a y dirigirse al apartado Estado de tu solicitud.<\/p>\n\n\n\n<h2 class=\"wp-block-heading\">M\u00e1s preguntas sobre el voucher educativo<\/h2>\n\n\n\n<h3 class=\"wp-block-heading\">\u00bfQui\u00e9nes pueden solicitar el voucher Educativo?<\/h3>\n\n\n\n<p>Pueden solicitarlo las familias con hijos de hasta 18 a\u00f1os que asisten a instituciones educativas p\u00fablicas de gesti\u00f3n privada de niveles inicial, primario y secundario con al menos 75 % de aporte estatal.<\/p>\n\n\n\n<h3 class=\"wp-block-heading\">\u00bfQui\u00e9n debe realizar la inscripci\u00f3n?<\/h3>\n\n\n\n<p>La inscripci\u00f3n debe ser realizada solo por una de las personas que ejerza la responsabilidad parental de estudiantes de hasta 18 a\u00f1os de edad inclusive: madre, padre o tutor.<\/p>\n\n\n\n<h3 class=\"wp-block-heading\">\u00bfCu\u00e1les son los requisitos para solicitar el voucher Educativo?<\/h3>\n\n\n\n<p><strong>Responsables parentales<\/strong><\/p>\n\n\n\n<ul>\n<li>&nbsp;Ser argentinos nativos o naturalizado o extranjeros con residencia legal de al menos dos a\u00f1os en el pa\u00eds y contar con DNI.<\/li>\n\n\n\n<li>La suma de los ingresos de su grupo familiar no debe ser superior a siete Salarios M\u00ednimos, Vitales y M\u00f3viles (SMVM).<\/li>\n\n\n\n<li>Solicitar la prestaci\u00f3n dentro de los plazos fijados por la convocatoria.<\/li>\n\n\n\n<li>Completar la encuesta solicitada al momento de realizar la inscripci\u00f3n en la plataforma.<\/li>\n\n\n\n<li>Finalizar correctamente la inscripci\u00f3n en la plataforma.<\/li>\n<\/ul>\n\n\n\n<p><strong>Alumnos<\/strong><\/p>\n\n\n\n<ul>\n<li>&nbsp;Tener al momento del cierre de la convocatoria hasta dieciocho a\u00f1os inclusive.<\/li>\n\n\n\n<li>Asistir a una instituci\u00f3n educativa p\u00fablica de gesti\u00f3n privada de nivel inicial, primario o secundario con al menos 75 % de aporte estatal.<\/li>\n\n\n\n<li>Cumplir con la condici\u00f3n de alumno regular.<\/li>\n<\/ul>\n\n\n\n<p><strong>Fuente: www.diariouno.com.ar<\/strong><\/p>\n","protected":false},"excerpt":{"rendered":"<p>Cecilia P\u00e1ez, directora de Educaci\u00f3n Privada de la\u00a0DGE, formaliz\u00f3 un reclamo a la Secretar\u00eda de Educaci\u00f3n de la Naci\u00f3n por\u00a015 colegios privados\u00a0con subvenci\u00f3n estatal de m\u00e1s del 75% que no figuran en el listado habilitado para el pedido de\u00a0vouchers educativos. &#8220;Enviamos por mail la&nbsp;nota de reclamo con las planillas actualizadas de los colegios privados con [&hellip;]<\/p>\n","protected":false},"author":2,"featured_media":6716,"comment_status":"open","ping_status":"open","sticky":false,"template":"","format":"standard","meta":[],"categories":[56],"tags":[],"_links":{"self":[{"href":"https:\/\/pasaenmendoza.com\/index.php?rest_route=\/wp\/v2\/posts\/6715"}],"collection":[{"href":"https:\/\/pasaenmendoza.com\/index.php?rest_route=\/wp\/v2\/posts"}],"about":[{"href":"https:\/\/pasaenmendoza.com\/index.php?rest_route=\/wp\/v2\/types\/post"}],"author":[{"embeddable":true,"href":"https:\/\/pasaenmendoza.com\/index.php?rest_route=\/wp\/v2\/users\/2"}],"replies":[{"embeddable":true,"href":"https:\/\/pasaenmendoza.com\/index.php?rest_route=%2Fwp%2Fv2%2Fcomments&post=6715"}],"version-history":[{"count":1,"href":"https:\/\/pasaenmendoza.com\/index.php?rest_route=\/wp\/v2\/posts\/6715\/revisions"}],"predecessor-version":[{"id":6717,"href":"https:\/\/pasaenmendoza.com\/index.php?rest_route=\/wp\/v2\/posts\/6715\/revisions\/6717"}],"wp:featuredmedia":[{"embeddable":true,"href":"https:\/\/pasaenmendoza.com\/index.php?rest_route=\/wp\/v2\/media\/6716"}],"wp:attachment":[{"href":"https:\/\/pasaenmendoza.com\/index.php?rest_route=%2Fwp%2Fv2%2Fmedia&parent=6715"}],"wp:term":[{"taxonomy":"category","embeddable":true,"href":"https:\/\/pasaenmendoza.com\/index.php?rest_route=%2Fwp%2Fv2%2Fcategories&post=6715"},{"taxonomy":"post_tag","embeddable":true,"href":"https:\/\/pasaenmendoza.com\/index.php?rest_route=%2Fwp%2Fv2%2Ftags&post=6715"}],"curies":[{"name":"wp","href":"https:\/\/api.w.org\/{rel}","templated":true}]}}