{"id":6721,"date":"2024-04-11T23:57:07","date_gmt":"2024-04-11T21:57:07","guid":{"rendered":"https:\/\/pasaenmendoza.com\/?p=6721"},"modified":"2024-04-11T23:57:08","modified_gmt":"2024-04-11T21:57:08","slug":"asi-es-el-protocolo-de-mendoza-frente-a-los-cierres-prolongados-del-paso-cristo-redentor","status":"publish","type":"post","link":"https:\/\/pasaenmendoza.com\/?p=6721","title":{"rendered":"As\u00ed es el protocolo de Mendoza frente a los cierres prolongados del Paso Cristo Redentor"},"content":{"rendered":"\n<p>El ministro de Producci\u00f3n,&nbsp;<strong>Rodolfo Vargas Arizu<\/strong>, present\u00f3 el protocolo de actuaci\u00f3n ante cierres prolongados del&nbsp;<strong>Paso Internacional Sistema Cristo Redentor<\/strong>. El operativo tiene tres fases que se pondr\u00e1 en marcha cuando la interrupci\u00f3n del tr\u00e1nsito se extienda por m\u00e1s de 72 horas y presenta 10 puntos de contenci\u00f3n de veh\u00edculos establecidos desde&nbsp;<strong>Uspallata&nbsp;<\/strong>hasta la<strong>&nbsp;zona Este y Gran Mendoza<\/strong>.<\/p>\n\n\n\n<p><em>\u201cHemos concluido despu\u00e9s de dos o tres meses de charlas y reuniones un ordenamiento para cuando hay emergencias y se corta la ruta por cualquier motivo, el motivo m\u00e1s importante para nosotros es la nevada, que se arma el \u2018tole tole\u2019 en Mendoza que nos llenan de camiones, tenemos un gran problema sanitario, problemas de agua\u201d,<\/em>&nbsp;resumi\u00f3 el ministro.<\/p>\n\n\n\n<p><em>\u201cTodo eso se ha contemplado en este acuerdo para ordenar tanto el cierre como el despeje\u201d,\u00a0<\/em>determin\u00f3 Arizu.<\/p>\n\n\n\n<p>Y precis\u00f3:&nbsp;<em>\u201cEsto no es para agilizar el Paso en cuanto al turismo, pero s\u00ed es muy importante que nosotros lo hagamos desde este lado y este protocolo llev\u00e1rselo a Chile para ayudarlos a que ellos hagan algo parecido y as\u00ed despu\u00e9s agilizar el paso de los dos lados\u201d.<\/em><\/p>\n\n\n\n<p>Entre los participantes del acuerdo se encuentran Coordinaci\u00f3n General y Administraci\u00f3n de los Centros de Fronteras del Sistema Paso Internacional Cristo Redentor; Gendarmer\u00eda Nacional Argentina; Vialidad Nacional; AFIP Direcci\u00f3n General de Aduanas; Agencia Nacional de Seguridad Vial; Protecci\u00f3n Civil de la Naci\u00f3n; Polic\u00eda Vial de la Provincia de Mendoza; Bomberos de la Polic\u00eda de Mendoza; Servicio de Emergencias Coordinado del Ministerio de Salud y Deportes; Direcci\u00f3n de Defensa Civil; Estaci\u00f3n Terminal Mendoza S.A. y Ente Mendoza Turismo.<\/p>\n\n\n\n<p><strong>Juan Jos\u00e9 B\u00e1scolo<\/strong>, coordinador general del Sistema Integrado Cristo Redentor, consign\u00f3 que el protocolo se pondr\u00e1 en marcha \u201ccuando se suponga un cierre por tiempos prolongados\u201d y que se trata de \u201cun dise\u00f1o de escalones de contenci\u00f3n\u201d que va a \u201cmarcar un l\u00edmite de camiones que est\u00e9n dentro de la provincia de Mendoza para que no se saturen los distintos sectores\u201d.<\/p>\n\n\n\n<p><em>\u201cManejamos un promedio de 2.700 camiones dentro de la provincia de Mendoza en los lugares m\u00e1s adecuados que le permiten tener acceso a bienes y servicios por parte de los conductores del servicio internacional de carga. Fundamentalmente, es una herramienta que nos lleva a estar mejor organizados cuando el Paso Internacional est\u00e9 cerrado por un tiempo prolongado\u201d<\/em>, agreg\u00f3 B\u00e1scolo.<\/p>\n\n\n\n<p>Sobre las condiciones de los conductores que queden varados en alta monta\u00f1a, precis\u00f3:&nbsp;<em>\u201cLa idea es que est\u00e9n en espera en lugares que le puedan brindar acceso a los servicios y no est\u00e9n en lugares inh\u00f3spitos donde no haya manera de abastecerse, ba\u00f1arse\u201d.<\/em><\/p>\n\n\n\n<h2 class=\"wp-block-heading\" id=\"h-los-puntos-relevantes-del-protocolo\">Los puntos relevantes del protocolo<\/h2>\n\n\n\n<h3 class=\"wp-block-heading\" id=\"h-la-operacion-se-desarrollara-en-tres-fases\">La operaci\u00f3n se desarrollar\u00e1 en tres fases:<\/h3>\n\n\n\n<ol>\n<li><strong>Inicio del Protocolo y Despliegue de Efectivos y Medios<br><\/strong>Una vez que se confirme la interrupci\u00f3n del tr\u00e1nsito en el Paso Internacional Cristo Redentor, la Coordinaci\u00f3n General y Administraci\u00f3n de los Centros de Fronteras emitir\u00e1 un comunicado oficial que notificar\u00e1 a las partes involucradas sobre la suspensi\u00f3n del tr\u00e1nsito internacional y la activaci\u00f3n de este protocolo.&nbsp;<mark>Este paso marca el inicio del despliegue y la implementaci\u00f3n de medidas de control.<\/mark><\/li>\n\n\n\n<li><strong>Concentraci\u00f3n<br><\/strong>Se llevar\u00e1 a cabo la activaci\u00f3n gradual de los diferentes puntos de contenci\u00f3n establecidos, comenzando desde&nbsp;<strong>Uspallata&nbsp;<\/strong>y avanzando a lo largo de la ruta nacional 7 hasta llegar al \u00faltimo punto de contenci\u00f3n ubicado en el departamento de La Paz.<br><br>Cada punto de contenci\u00f3n contar\u00e1 con un cupo predeterminado que se bloquear\u00e1 una vez que se complete,<mark>&nbsp;con un total de 2.240 camiones en todo el territorio provincial.<\/mark><br><br>Ante la interrupci\u00f3n del tr\u00e1nsito internacional,&nbsp;<mark>el Complejo Fronterizo \u00c1rea de Control Integrado Uspallata se erige como el primer punto de contenci\u00f3n<\/mark>. Este complejo recibir\u00e1 camiones hasta alcanzar su capacidad m\u00e1xima de estacionamiento de 600 veh\u00edculos, document\u00e1ndolos para su posterior traslado una vez que se normalice la situaci\u00f3n.<br><br>Siguiendo el protocolo establecido,&nbsp;<mark>el segundo escal\u00f3n de contenci\u00f3n ser\u00e1 la Playa YPF \u2013 UP,<\/mark>&nbsp;con capacidad para 200 camiones. Continuando en este esquema, el Parador La Carmen ser\u00e1 el tercer punto de contenci\u00f3n, con espacio para 180 camiones.<br><br>En la<strong>&nbsp;zona Este y Gran Mendoza<\/strong>, se desplegar\u00e1n&nbsp;<mark>seis escalones de contenci\u00f3n adicionales<\/mark>, garantizando as\u00ed una adecuada organizaci\u00f3n del tr\u00e1fico en la regi\u00f3n.<br><br>\u2013 Estaci\u00f3n de Servicios Eloy Guerrero: Capacidad: 200 camiones<br>\u2013 Estaci\u00f3n de Servicios C\u00e1ceres: Capacidad: 110 camiones<br>\u2013 Laterales RN 7 Km 984 y 986: Capacidad: 210 camiones<br>\u2013 Estaci\u00f3n de Servicios Axi\u00f3n: Capacidad: 450 camiones<br>\u2013 RN 7 Km 952 Las Catitas: Capacidad: 100 camiones<br>\u2013 Peaje La Paz: Capacidad: 120 camiones<br><br>Cerrando el despliegue,&nbsp;<mark>la Estaci\u00f3n de Servicios Allub servir\u00e1 como d\u00e9cimo y \u00faltimo escal\u00f3n de contenci\u00f3n<\/mark>, con espacio para 70 camiones.<br><br>Este sistema de contenci\u00f3n escalonado asegura la fluidez del tr\u00e1fico y la seguridad en la ruta.<\/li>\n<\/ol>\n\n\n\n<figure class=\"wp-block-image\"><img decoding=\"async\" src=\"https:\/\/i0.wp.com\/newspack-elsol.s3.amazonaws.com\/wp-content\/uploads\/2024\/04\/WhatsApp-Image-2024-04-11-at-11.56.05-AM-1-1024x683.jpeg?resize=780%2C520&amp;ssl=1\" alt=\"\" class=\"wp-image-1946105\"\/><\/figure>\n\n\n\n<ol>\n<li><strong>Desconcentraci\u00f3n y reapertura del PISCR<br><\/strong>La Coordinaci\u00f3n General del Paso Internacional, junto con la contraparte chilena, comunica la habilitaci\u00f3n del tr\u00e1nsito y establece los horarios de circulaci\u00f3n, coordinando con Gendarmer\u00eda Nacional y la Polic\u00eda de Mendoza para la liberaci\u00f3n ordenada de los distintos puntos de contenci\u00f3n.<br><br>La reapertura contempla la posibilidad de establecer horarios y circulaci\u00f3n exclusiva para camiones, dependiendo del flujo vehicular y las condiciones existentes en la ruta.<br><br>Una vez obtenida la autorizaci\u00f3n, Gendarmer\u00eda Nacional liderar\u00e1 la liberaci\u00f3n progresiva de los veh\u00edculos documentados en el Complejo Fronterizo \u00c1rea de Control Integrado Uspallata, marcando as\u00ed el inicio de la descongesti\u00f3n en la zona de Alta Monta\u00f1a. Esta tarea se llevar\u00e1 a cabo de manera ordenada y sucesiva, garantizando una transici\u00f3n fluida. Simult\u00e1neamente, se coordinar\u00e1 con la Polic\u00eda de Mendoza la liberaci\u00f3n de los distintos puntos de contenci\u00f3n en la Zona Este, manteniendo el orden establecido y minimizando los tiempos de espera en los traslados hacia Uspallata.<br><br>A medida que avance este tercer momento, se evaluar\u00e1n las condiciones para levantar las restricciones interprovinciales y aduaneras, marcando as\u00ed el regreso a la normalidad en el Paso Internacional Cristo Redentor.<\/li>\n<\/ol>\n\n\n\n<p><strong>Fuente: www.elsol.com.ar<\/strong><\/p>\n","protected":false},"excerpt":{"rendered":"<p>El ministro de Producci\u00f3n,&nbsp;Rodolfo Vargas Arizu, present\u00f3 el protocolo de actuaci\u00f3n ante cierres prolongados del&nbsp;Paso Internacional Sistema Cristo Redentor. El operativo tiene tres fases que se pondr\u00e1 en marcha cuando la interrupci\u00f3n del tr\u00e1nsito se extienda por m\u00e1s de 72 horas y presenta 10 puntos de contenci\u00f3n de veh\u00edculos establecidos desde&nbsp;Uspallata&nbsp;hasta la&nbsp;zona Este y Gran [&hellip;]<\/p>\n","protected":false},"author":2,"featured_media":6722,"comment_status":"open","ping_status":"open","sticky":false,"template":"","format":"standard","meta":[],"categories":[66],"tags":[],"_links":{"self":[{"href":"https:\/\/pasaenmendoza.com\/index.php?rest_route=\/wp\/v2\/posts\/6721"}],"collection":[{"href":"https:\/\/pasaenmendoza.com\/index.php?rest_route=\/wp\/v2\/posts"}],"about":[{"href":"https:\/\/pasaenmendoza.com\/index.php?rest_route=\/wp\/v2\/types\/post"}],"author":[{"embeddable":true,"href":"https:\/\/pasaenmendoza.com\/index.php?rest_route=\/wp\/v2\/users\/2"}],"replies":[{"embeddable":true,"href":"https:\/\/pasaenmendoza.com\/index.php?rest_route=%2Fwp%2Fv2%2Fcomments&post=6721"}],"version-history":[{"count":1,"href":"https:\/\/pasaenmendoza.com\/index.php?rest_route=\/wp\/v2\/posts\/6721\/revisions"}],"predecessor-version":[{"id":6723,"href":"https:\/\/pasaenmendoza.com\/index.php?rest_route=\/wp\/v2\/posts\/6721\/revisions\/6723"}],"wp:featuredmedia":[{"embeddable":true,"href":"https:\/\/pasaenmendoza.com\/index.php?rest_route=\/wp\/v2\/media\/6722"}],"wp:attachment":[{"href":"https:\/\/pasaenmendoza.com\/index.php?rest_route=%2Fwp%2Fv2%2Fmedia&parent=6721"}],"wp:term":[{"taxonomy":"category","embeddable":true,"href":"https:\/\/pasaenmendoza.com\/index.php?rest_route=%2Fwp%2Fv2%2Fcategories&post=6721"},{"taxonomy":"post_tag","embeddable":true,"href":"https:\/\/pasaenmendoza.com\/index.php?rest_route=%2Fwp%2Fv2%2Ftags&post=6721"}],"curies":[{"name":"wp","href":"https:\/\/api.w.org\/{rel}","templated":true}]}}