{"id":6736,"date":"2024-04-12T15:25:43","date_gmt":"2024-04-12T13:25:43","guid":{"rendered":"https:\/\/pasaenmendoza.com\/?p=6736"},"modified":"2024-04-12T15:25:44","modified_gmt":"2024-04-12T13:25:44","slug":"fayad-acepto-quejas-por-la-coparticipacion-pero-advirtio-que-los-cambios-propuestos-son-minimos","status":"publish","type":"post","link":"https:\/\/pasaenmendoza.com\/?p=6736","title":{"rendered":"Fayad acept\u00f3 quejas por la coparticipaci\u00f3n pero advirti\u00f3 que los cambios propuestos son m\u00ednimos"},"content":{"rendered":"\n<p>El ministro de Hacienda, V\u00edctor Fayad, aclar\u00f3 que los cambios propuestos son para mitigar la situaci\u00f3n actual. Dice que a futuro hay que dar un debate profundo<\/p>\n\n\n\n<p>El ministro de Hacienda de la provincia,\u00a0<strong>V\u00edctor Fayad<\/strong>, respondi\u00f3 a los reclamos que vienen formulando algunos intendentes -como\u00a0<strong>Esteban Allasino<\/strong>\u00a0de Luj\u00e1n- que exigen m\u00e1s recursos de la coparticipaci\u00f3n.<\/p>\n\n\n\n<p>Asegur\u00f3 que los cambios propuestos esta semana son para&nbsp;<strong>mitigar los efectos detectados por los aumentos de la poblaci\u00f3n<\/strong>&nbsp;en cada departamento y que la discusi\u00f3n a fondo debe darse con m\u00e1s tiempo.<\/p>\n\n\n\n<p>El funcionario dijo entender que cada intendente tenga argumentos para pedir m\u00e1s recursos coparticipables e hizo hincapi\u00e9 en que\u00a0<strong>las correcciones planeadas y explicadas en la Legislatura son para este a\u00f1o.<\/strong><\/p>\n\n\n\n<h2 class=\"wp-block-heading\">Fayad explic\u00f3 que no habr\u00e1 &#8220;ni tantos recursos m\u00e1s ni tantos recursos menos&#8221;<\/h2>\n\n\n\n<p>El miembro del gabinete de Alfredo Cornejo fue entrevistado en Radio Nihuil por Carina Scandura y Carlos Hern\u00e1ndez.<\/p>\n\n\n\n<p><strong>&#8220;Los que crecieron en poblaci\u00f3n van a recibir m\u00e1s recursos que el a\u00f1o pasado, pero no tantos m\u00e1s recursos; y los que crecieron menos van a recibir menos, pero no tanto menos&#8221;,<\/strong>&nbsp;explic\u00f3 apelando a repeticiones de palabras para tratar de que se entienda mejor.<\/p>\n\n\n\n<p>El ministro acept\u00f3 que &#8220;si hoy se les pregunta a cada uno de los 18 intendentes, todos con buenos argumentos van a saber defender su exigencia de recibir m\u00e1s coparticipaci\u00f3n&#8221;.<\/p>\n\n\n\n<p>&#8220;Por eso -ampli\u00f3-&nbsp;<strong>lo que hay que discutir es si seguimos con los mismos criterios de hace 30 a\u00f1os o los modificamos<\/strong>&#8220;.<\/p>\n\n\n\n<p>Fayad detall\u00f3 que &#8220;nuestra propuesta para el r\u00e9gimen de coparticipaci\u00f3n es muy marginal.\u00a0<strong>Afecta \u00fanicamente un componente que abarca s\u00f3lo el 10% del total de los recursos&#8221;.<\/strong><\/p>\n\n\n\n<p>&#8220;Lo que estamos modificando es el&nbsp;<strong>coeficiente de equilibrio<\/strong>, que ya exist\u00eda, de acuerdo con los datos del censo conocidos el a\u00f1o pasado&#8221;, a\u00f1adi\u00f3.<\/p>\n\n\n\n<p>En la misma l\u00ednea sigui\u00f3: &#8220;En 2023 por primera vez se observaron criterios demogr\u00e1ficos muy dispares.\u00a0<strong>Algunos estuvieron por encima del promedio, como Luj\u00e1n, Maip\u00fa, Jun\u00edn, San Mart\u00edn, La Paz y Lavalle. El resto creci\u00f3 menos del promedio&#8221;.<\/strong><\/p>\n\n\n\n<p>Para cerrar el tema, Fayad dijo que &#8220;hasta el a\u00f1o pasado se usaban datos de un censo viejo que hoy arroja muchas diferencias.\u00a0<strong>Esto abrir\u00e1 una discusi\u00f3n mucho m\u00e1s profunda y densa que es analizar y rever el r\u00e9gimen de coparticipaci\u00f3n<\/strong>&#8220;.<\/p>\n\n\n\n<h2 class=\"wp-block-heading\">Fayad asever\u00f3 que no le corresponde al Estado tener un canal de televisi\u00f3n<\/h2>\n\n\n\n<p>El ministro de Hacienda fue interrogado sobre la situaci\u00f3n del\u00a0canal Acequia, que la Provincia tratar\u00e1 de vender y si no lo logra, podr\u00eda ser cerrado.<\/p>\n\n\n\n<p>Primero el &#8220;Peque&#8221; descart\u00f3 cualquier comparaci\u00f3n con la TV P\u00fablica nacional: &#8220;Acequia est\u00e1 muy lejos de haber sido usado como aparato de propaganda.\u00a0<strong>Es un canal que funciona como un canal&#8221;.<\/strong><\/p>\n\n\n\n<p>Y afirm\u00f3 que &#8220;la discusi\u00f3n es si corresponde que la Provincia tenga o no un servicio audiovisual para difundir contenidos de cultura, deportivos u otros eventos y que cuesta $30 millones o $35 millones por mes.&nbsp;<strong>Nosotros entendemos que es un servicio que el Gobierno no deber\u00eda prestar&#8221;.<\/strong><\/p>\n\n\n\n<p>Tras asegurar que no se pone en discusi\u00f3n la capacidad de quienes trabajan en Acequia, reiter\u00f3 que&nbsp;<strong>&#8220;no podemos garantizar la continuidad de la fuente laboral<\/strong>. No dudamos de la capacidad y al talento, pero la realidad es que&nbsp;<strong>el canal no es autosuficiente&#8221;.<\/strong><\/p>\n\n\n\n<p><\/p>\n\n\n\n<p>FUENTE: Diariouno.com.ar <a rel=\"noreferrer noopener\" href=\"https:\/\/www.facebook.com\/dialog\/feed?app_id=161316767303985&amp;link=https%3A%2F%2Fwww.diariouno.com.ar%2Fpolitica%2Ffayad-acepto-quejas-la-coparticipacion-pero-advirtio-que-los-cambios-propuestos-son-minimos-n1310669&amp;name=Fayad+acept%C3%B3+quejas+por+la+coparticipaci%C3%B3n+pero+advirti%C3%B3+que+los+cambios+propuestos+son+m%C3%ADnimos&amp;caption=coparticipaci%C3%B3n&amp;description=El+ministro+de+Hacienda%2C+V%C3%ADctor+Fayad%2C+aclar%C3%B3+que+los+cambios+propuestos+son+para+mitigar+la+situaci%C3%B3n+actual.+Dice+que+a+futuro+hay+que+dar+un+debate+profundo&amp;redirect_uri=https%3A%2F%2Fwww.diariouno.com.ar%2Fpolitica%2Ffayad-acepto-quejas-la-coparticipacion-pero-advirtio-que-los-cambios-propuestos-son-minimos-n1310669\" target=\"_blank\"><\/a><\/p>\n","protected":false},"excerpt":{"rendered":"<p>El ministro de Hacienda, V\u00edctor Fayad, aclar\u00f3 que los cambios propuestos son para mitigar la situaci\u00f3n actual. Dice que a futuro hay que dar un debate profundo El ministro de Hacienda de la provincia,\u00a0V\u00edctor Fayad, respondi\u00f3 a los reclamos que vienen formulando algunos intendentes -como\u00a0Esteban Allasino\u00a0de Luj\u00e1n- que exigen m\u00e1s recursos de la coparticipaci\u00f3n. Asegur\u00f3 [&hellip;]<\/p>\n","protected":false},"author":2,"featured_media":6737,"comment_status":"open","ping_status":"open","sticky":true,"template":"","format":"standard","meta":[],"categories":[47],"tags":[],"_links":{"self":[{"href":"https:\/\/pasaenmendoza.com\/index.php?rest_route=\/wp\/v2\/posts\/6736"}],"collection":[{"href":"https:\/\/pasaenmendoza.com\/index.php?rest_route=\/wp\/v2\/posts"}],"about":[{"href":"https:\/\/pasaenmendoza.com\/index.php?rest_route=\/wp\/v2\/types\/post"}],"author":[{"embeddable":true,"href":"https:\/\/pasaenmendoza.com\/index.php?rest_route=\/wp\/v2\/users\/2"}],"replies":[{"embeddable":true,"href":"https:\/\/pasaenmendoza.com\/index.php?rest_route=%2Fwp%2Fv2%2Fcomments&post=6736"}],"version-history":[{"count":1,"href":"https:\/\/pasaenmendoza.com\/index.php?rest_route=\/wp\/v2\/posts\/6736\/revisions"}],"predecessor-version":[{"id":6738,"href":"https:\/\/pasaenmendoza.com\/index.php?rest_route=\/wp\/v2\/posts\/6736\/revisions\/6738"}],"wp:featuredmedia":[{"embeddable":true,"href":"https:\/\/pasaenmendoza.com\/index.php?rest_route=\/wp\/v2\/media\/6737"}],"wp:attachment":[{"href":"https:\/\/pasaenmendoza.com\/index.php?rest_route=%2Fwp%2Fv2%2Fmedia&parent=6736"}],"wp:term":[{"taxonomy":"category","embeddable":true,"href":"https:\/\/pasaenmendoza.com\/index.php?rest_route=%2Fwp%2Fv2%2Fcategories&post=6736"},{"taxonomy":"post_tag","embeddable":true,"href":"https:\/\/pasaenmendoza.com\/index.php?rest_route=%2Fwp%2Fv2%2Ftags&post=6736"}],"curies":[{"name":"wp","href":"https:\/\/api.w.org\/{rel}","templated":true}]}}