{"id":674,"date":"2023-08-14T13:31:25","date_gmt":"2023-08-14T11:31:25","guid":{"rendered":"https:\/\/pasaenmendoza.com\/?p=674"},"modified":"2023-08-14T13:31:26","modified_gmt":"2023-08-14T11:31:26","slug":"euforia-en-la-sede-del-pd-festejo-con-criticas-al-populismo-kirchnerista-y-cornejista","status":"publish","type":"post","link":"https:\/\/pasaenmendoza.com\/?p=674","title":{"rendered":"Euforia en la sede del PD: festejo con cr\u00edticas al \u201cpopulismo kirchnerista y cornejista\u201d"},"content":{"rendered":"\n<p>Los dem\u00f3cratas y libertarios coparon la sede de calle Sarmiento. Lleg\u00f3 Omar De Marchi a festejar y hubo cr\u00edticas a Cornejo y Cambia Mendoza.<\/p>\n\n\n\n<p>Cerca de las 22 la sede del\u00a0<strong>Partido Dem\u00f3crata\u00a0<\/strong>se llen\u00f3 de militantes con banderas y al ritmo de AC\/DC se desat\u00f3 la euforia\u00a0por las elecciones primarias. Las pantallas del patio mostraban los rostros\u00a0sin festejos en el b\u00fanker de Cambia Mendoza\u00a0que pareci\u00f3 ser combustible para la alegr\u00eda gansa y libertaria.<\/p>\n\n\n\n<p><strong>Omar De Marchi\u00a0<\/strong>no quiso quedar afuera del festejo y se acerc\u00f3 a la sede de su ex partido pero con el que siempre tuvo conexiones. El patio de la sede era la g\u00e9nesis de cantos en contra del radicalismo y el peronismo. En la conferencia de prensa, tambi\u00e9n hubo munici\u00f3n gruesa de los ex aliados de\u00a0<strong>Cambia Mendoza.<\/strong><\/p>\n\n\n\n<p>El clima de festejo volvi\u00f3 a la sede del&nbsp;<strong>Partido Dem\u00f3crata<\/strong>&nbsp;despu\u00e9s de varios a\u00f1os. Las alianzas con el radicalismo los llevaron a festejar a otra parte y los magros resultados de Vamos Mendocinos, fueron m\u00e1s un lamento que otra cosa.<\/p>\n\n\n\n<p><strong>Javier Milei&nbsp;<\/strong>trajo vida a los dem\u00f3cratas m\u00e1s ortodoxos, los que se quedaron en el partido. Los n\u00fameros del libertario en Mendoza les permitieron liberar la ira contra sus ex socios y ahora s\u00ed, poder hablar de triunfos con resultados electorales sin depender de otras estructuras locales.<\/p>\n\n\n\n<p><strong>Armando Magistretti<\/strong>, el presidente del PD local fue el primero en hablar en la conferencia de prensa ya con datos y el respaldo para hablar de triunfo asegur\u00f3 que esto se debe a que \u201clas ideas de Milei se difundieron con una postura disruptiva\u201d.<\/p>\n\n\n\n<p>\u201cEsto no es un festejo, es la demostraci\u00f3n que con un trabajo consciente, da sus frutos.&nbsp;<strong>No es un clima de festejo en un pa\u00eds con 40 por ciento de pobres<\/strong>, j\u00f3venes que se quieren ir del pa\u00eds, jubilados que no llegan a la primera quincena del mes\u201d, indic\u00f3.<\/p>\n\n\n\n<p>El titular partidario insisti\u00f3 en que La Libertad Avanza \u201c<strong>es una plataforma para terminar con un modo de hacer pol\u00edtica caudillesca del cornejismo que se presenta nuevamente en las elecciones<\/strong>. Las demostraciones que hemos tenido nos alientan a seguir en este trabajo\u201d.<\/p>\n\n\n\n<p>El alivio de poder despotricar contra el radicalismo, ya habiendo visto qu\u00e9 suced\u00eda en el Comit\u00e9 de calle Alem, los alent\u00f3. Por supuesto que ahora queda el desaf\u00edo de sostener estos n\u00fameros en octubre e incluso, se ilusionan con un efecto contagio con La Uni\u00f3n Mendocina, la alianza local que encabeza Omar De Marchi.<\/p>\n\n\n\n<p><strong>Carlos Balter<\/strong>, el presidente del PD a nivel nacional tampoco escondi\u00f3 las chicanas a sus ex aliados. Y carg\u00f3 contra\u00a0<strong>una \u201ccampa\u00f1a orquestada\u201d\u00a0<\/strong>por la rotura de boletas que hubo en varias escuelas. En ese momento, los presentes empezaron a corear \u201cCornejo tiene miedo\u201d con melod\u00eda futbolera.<\/p>\n\n\n\n<p><strong>Mercedes Llano,<\/strong>\u00a0la precandidata a diputada provincial, que convive con\u00a0<strong>Cambia Mendoza<\/strong>\u00a0en la Legislatura provincial, fue la que m\u00e1s liber\u00f3 bronca, por lo que pudo advertirse. \u201c<strong>Los resultados demuestran que la ciudadan\u00eda despert\u00f3, que le dijo basta al populismo kirchnerista y al populismo cornejista<\/strong>, le dijo basta\u201d.<\/p>\n\n\n\n<p>FUENTE: Losandes.com.ar<\/p>\n","protected":false},"excerpt":{"rendered":"<p>Los dem\u00f3cratas y libertarios coparon la sede de calle Sarmiento. Lleg\u00f3 Omar De Marchi a festejar y hubo cr\u00edticas a Cornejo y Cambia Mendoza. Cerca de las 22 la sede del\u00a0Partido Dem\u00f3crata\u00a0se llen\u00f3 de militantes con banderas y al ritmo de AC\/DC se desat\u00f3 la euforia\u00a0por las elecciones primarias. Las pantallas del patio mostraban los [&hellip;]<\/p>\n","protected":false},"author":2,"featured_media":675,"comment_status":"open","ping_status":"open","sticky":true,"template":"","format":"standard","meta":[],"categories":[47],"tags":[],"_links":{"self":[{"href":"https:\/\/pasaenmendoza.com\/index.php?rest_route=\/wp\/v2\/posts\/674"}],"collection":[{"href":"https:\/\/pasaenmendoza.com\/index.php?rest_route=\/wp\/v2\/posts"}],"about":[{"href":"https:\/\/pasaenmendoza.com\/index.php?rest_route=\/wp\/v2\/types\/post"}],"author":[{"embeddable":true,"href":"https:\/\/pasaenmendoza.com\/index.php?rest_route=\/wp\/v2\/users\/2"}],"replies":[{"embeddable":true,"href":"https:\/\/pasaenmendoza.com\/index.php?rest_route=%2Fwp%2Fv2%2Fcomments&post=674"}],"version-history":[{"count":1,"href":"https:\/\/pasaenmendoza.com\/index.php?rest_route=\/wp\/v2\/posts\/674\/revisions"}],"predecessor-version":[{"id":676,"href":"https:\/\/pasaenmendoza.com\/index.php?rest_route=\/wp\/v2\/posts\/674\/revisions\/676"}],"wp:featuredmedia":[{"embeddable":true,"href":"https:\/\/pasaenmendoza.com\/index.php?rest_route=\/wp\/v2\/media\/675"}],"wp:attachment":[{"href":"https:\/\/pasaenmendoza.com\/index.php?rest_route=%2Fwp%2Fv2%2Fmedia&parent=674"}],"wp:term":[{"taxonomy":"category","embeddable":true,"href":"https:\/\/pasaenmendoza.com\/index.php?rest_route=%2Fwp%2Fv2%2Fcategories&post=674"},{"taxonomy":"post_tag","embeddable":true,"href":"https:\/\/pasaenmendoza.com\/index.php?rest_route=%2Fwp%2Fv2%2Ftags&post=674"}],"curies":[{"name":"wp","href":"https:\/\/api.w.org\/{rel}","templated":true}]}}