{"id":6745,"date":"2024-04-12T15:47:00","date_gmt":"2024-04-12T13:47:00","guid":{"rendered":"https:\/\/pasaenmendoza.com\/?p=6745"},"modified":"2024-04-12T15:47:01","modified_gmt":"2024-04-12T13:47:01","slug":"llevo-cocaina-de-mendoza-a-san-luis-lo-condenaron-y-ahora-quedo-detenido","status":"publish","type":"post","link":"https:\/\/pasaenmendoza.com\/?p=6745","title":{"rendered":"Llev\u00f3 coca\u00edna de Mendoza a San Luis, lo condenaron y ahora qued\u00f3 detenido"},"content":{"rendered":"\n<p><strong>Polic\u00edas federales detuvieron en Mendoza&nbsp;<\/strong>a un hombre de 33 a\u00f1os que ten\u00eda pedido de captura en San Luis luego de haber sido condenado por transportar coca\u00edna en un auto con otro sospechoso. El sujeto, identificado como&nbsp;<strong>Jerem\u00edas Rodrigo \u00c1vila<\/strong>,&nbsp;<mark>fue sorprendido este mi\u00e9rcoles en la v\u00eda p\u00fablica, en zona de calles Plantamura y Atahualpa de Capital&nbsp;<\/mark>y fue trasladado a la vecina provincia para terminar de cumplir la pena impuesta, informaron fuentes consultadas por<em><strong>&nbsp;El Sol.<\/strong><\/em><\/p>\n\n\n\n<p>En julio del 2018,\u00a0<strong>\u00c1vila, mendocino domiciliado en Las Heras<\/strong>, fue detenido por circular en un veh\u00edculo por la zona oeste de la capital puntana con\u00a0<strong>357 gramos del polvo blanco<\/strong>, valuados por aquellos d\u00edas en casi 300 mil pesos. De acuerdo con la informaci\u00f3n policial del operativo,\u00a0<mark>transitaba en un Peugeot 307 tres puertas con otro hombre por calles Lanifur y R\u00edo Negro\u00a0<\/mark>cuando agentes de\u00a0<strong>Lucha contra el Narcotr\u00e1fico<\/strong>\u00a0le frenaron el paso.<\/p>\n\n\n\n<p>Los efectivos desarrollaron una requisa en el rodado y dieron con la droga y tambi\u00e9n una balanza, lo que gener\u00f3 sospechas de que podr\u00edan estar frente a un<strong>\u00a0proceso de transporte de estupefacientes con fines de comercializaci\u00f3n.<\/strong><\/p>\n\n\n\n<p>Los investigadores de casos narcocriminalidad contaron que<mark>&nbsp;hab\u00edan recibido una informaci\u00f3n an\u00f3nima que sosten\u00eda que \u00c1vila y otro personaje llegar\u00edan a San Luis provenientes de Mendoza con la sustancia<\/mark>. El dato agregaba que se movilizaban en un auto gris y comenzaron los seguimientos correspondientes. Finalmente, lograron detectar a los sujetos y confirmaron las sospechas.<\/p>\n\n\n\n<p>En el 2019,\u00a0<strong>\u00c1vila, quien inicialmente ten\u00eda domicilio en calle Yapey\u00fa de Las Heras<\/strong>, fue excarcelado y continu\u00f3 sometido a proceso con ese beneficio.\u00a0<mark>Ese a\u00f1o lo condenaron a cuatro a\u00f1os de c\u00e1rcel por transporte de estupefacientes\u00a0<\/mark>pero continu\u00f3 en libertad porque el fallo no se encontraba firme.<\/p>\n\n\n\n<p>El 5 de marzo de este a\u00f1o, cuando el\u00a0<strong>Tribunal Oral de San Luis<\/strong>\u00a0fue notificado que hab\u00edan sido rechazados todos los pedidos posibles de queja de la defensa para intentar dar vuelta la sentencia y no lo encontraban en su domicilio para que cumpla la pena, orden\u00f3 a la Polic\u00eda Federal la captura del lasherino.<\/p>\n\n\n\n<p><mark>La Unidad Operativa Federal de Mendoza de la Polic\u00eda Federal Argentina se constituy\u00f3 el 29 de febrero a las 16 en el domicilio calle Yapey\u00fa<\/mark>&nbsp;y entrevist\u00f3 a la madre del condenado, pero cont\u00f3 que no se encontraba en el lugar y que desconoc\u00eda su actual paradero.<\/p>\n\n\n\n<p>As\u00ed las cosas, se\u00a0<strong>realizaron una serie de trabajos de inteligencia para ubicar a \u00c1vila<\/strong>\u00a0y finalmente lo encontraron en la v\u00eda p\u00fablica en Capital, despu\u00e9s de conocer que ten\u00eda domicilio en calle Necochea de su departamento de origen.<\/p>\n\n\n\n<p><strong>Fuente: www.elsol.com.ar<\/strong><\/p>\n","protected":false},"excerpt":{"rendered":"<p>Polic\u00edas federales detuvieron en Mendoza&nbsp;a un hombre de 33 a\u00f1os que ten\u00eda pedido de captura en San Luis luego de haber sido condenado por transportar coca\u00edna en un auto con otro sospechoso. El sujeto, identificado como&nbsp;Jerem\u00edas Rodrigo \u00c1vila,&nbsp;fue sorprendido este mi\u00e9rcoles en la v\u00eda p\u00fablica, en zona de calles Plantamura y Atahualpa de Capital&nbsp;y fue [&hellip;]<\/p>\n","protected":false},"author":2,"featured_media":6746,"comment_status":"open","ping_status":"open","sticky":false,"template":"","format":"standard","meta":[],"categories":[48],"tags":[],"_links":{"self":[{"href":"https:\/\/pasaenmendoza.com\/index.php?rest_route=\/wp\/v2\/posts\/6745"}],"collection":[{"href":"https:\/\/pasaenmendoza.com\/index.php?rest_route=\/wp\/v2\/posts"}],"about":[{"href":"https:\/\/pasaenmendoza.com\/index.php?rest_route=\/wp\/v2\/types\/post"}],"author":[{"embeddable":true,"href":"https:\/\/pasaenmendoza.com\/index.php?rest_route=\/wp\/v2\/users\/2"}],"replies":[{"embeddable":true,"href":"https:\/\/pasaenmendoza.com\/index.php?rest_route=%2Fwp%2Fv2%2Fcomments&post=6745"}],"version-history":[{"count":1,"href":"https:\/\/pasaenmendoza.com\/index.php?rest_route=\/wp\/v2\/posts\/6745\/revisions"}],"predecessor-version":[{"id":6747,"href":"https:\/\/pasaenmendoza.com\/index.php?rest_route=\/wp\/v2\/posts\/6745\/revisions\/6747"}],"wp:featuredmedia":[{"embeddable":true,"href":"https:\/\/pasaenmendoza.com\/index.php?rest_route=\/wp\/v2\/media\/6746"}],"wp:attachment":[{"href":"https:\/\/pasaenmendoza.com\/index.php?rest_route=%2Fwp%2Fv2%2Fmedia&parent=6745"}],"wp:term":[{"taxonomy":"category","embeddable":true,"href":"https:\/\/pasaenmendoza.com\/index.php?rest_route=%2Fwp%2Fv2%2Fcategories&post=6745"},{"taxonomy":"post_tag","embeddable":true,"href":"https:\/\/pasaenmendoza.com\/index.php?rest_route=%2Fwp%2Fv2%2Ftags&post=6745"}],"curies":[{"name":"wp","href":"https:\/\/api.w.org\/{rel}","templated":true}]}}