{"id":6748,"date":"2024-04-12T15:52:49","date_gmt":"2024-04-12T13:52:49","guid":{"rendered":"https:\/\/pasaenmendoza.com\/?p=6748"},"modified":"2024-04-12T15:52:50","modified_gmt":"2024-04-12T13:52:50","slug":"la-policia-detuvo-a-siete-hombres-con-drogas-y-armas-en-un-barrio-de-las-heras","status":"publish","type":"post","link":"https:\/\/pasaenmendoza.com\/?p=6748","title":{"rendered":"La Polic\u00eda detuvo a siete hombres con drogas y armas en un barrio de Las Heras"},"content":{"rendered":"\n<p>La\u00a0Polic\u00eda de Mendoza\u00a0detuvo a siete hombres, todos con antecedentes delictivos, como parte de un operativo que se hizo en el barrio Cinco Mil Lotes, de<strong>\u00a0Las Heras<\/strong>. Se secuestr\u00f3 un total de<strong>\u00a0170 gramos de coca\u00edna<\/strong>,\u00a0<strong>800 gramos de marihuana<\/strong>,\u00a0<strong>$600.000<\/strong>\u00a0y un\u00a0<strong>indoor\u00a0<\/strong>de cultivo de cannabis, de acuerdo a fuentes policiales.<\/p>\n\n\n\n<p>Se realizaron&nbsp;<strong>11 allanamientos en simult\u00e1neo<\/strong>, de los cuales participaron&nbsp;<strong>140 efectivos<\/strong>&nbsp;de la Polic\u00eda Contra el Narcotr\u00e1fico (PCN), la AFIP, personal del Juzgado Federal N\u00b0 1, a cargo de Marcelo Garnica y Florencia Elias, titular de la Secretar\u00eda Penal B.<\/p>\n\n\n\n<p>En el operativo, adem\u00e1s, se secuestraron\u00a0<strong>armas<\/strong>, tanto cortas como largas,\u00a0<strong>granadas<\/strong>,\u00a0<strong>dinero\u00a0<\/strong>y<strong>\u00a0celulares<\/strong>\u00a0y\u00a0<strong>elementos\u00a0<\/strong>que permitir\u00e1n a la Polic\u00eda realizar\u00a0<strong>investigaciones\u00a0<\/strong>con el fin de\u00a0<strong>reconstruir\u00a0<\/strong>las redes delictuales por las que se mov\u00edan.<\/p>\n\n\n\n<p>\u201cUno de los grupos delictuales estaba liderado por un hombre, alias<strong>&nbsp;El Mali o el T\u00edo Mali<\/strong>, quien asignaba los roles al resto de los integrantes, operando principalmente dentro de los conglomerados donde se realizaron las medidas y abasteciendo bocas de expendio al narcomenudeo\u201d, explicaron fuentes que participaron en los allanamientos.<\/p>\n\n\n\n<p>En ese sentido, desde la Polic\u00eda de Mendoza aseguraron que se trat\u00f3 de un nuevo\u00a0<strong>operativo exitoso<\/strong>\u00a0realizado en conjunto con la Justicia Federal, con el que se consigui\u00f3 desarticular una importante banda que comercializaba y distribu\u00eda coca\u00edna, adem\u00e1s de dar con varios delincuentes.<\/p>\n\n\n\n<p><strong>Fuente: www.diariouno.com.ar<\/strong><\/p>\n","protected":false},"excerpt":{"rendered":"<p>La\u00a0Polic\u00eda de Mendoza\u00a0detuvo a siete hombres, todos con antecedentes delictivos, como parte de un operativo que se hizo en el barrio Cinco Mil Lotes, de\u00a0Las Heras. Se secuestr\u00f3 un total de\u00a0170 gramos de coca\u00edna,\u00a0800 gramos de marihuana,\u00a0$600.000\u00a0y un\u00a0indoor\u00a0de cultivo de cannabis, de acuerdo a fuentes policiales. Se realizaron&nbsp;11 allanamientos en simult\u00e1neo, de los cuales participaron&nbsp;140 [&hellip;]<\/p>\n","protected":false},"author":2,"featured_media":6749,"comment_status":"open","ping_status":"open","sticky":false,"template":"","format":"standard","meta":[],"categories":[48],"tags":[],"_links":{"self":[{"href":"https:\/\/pasaenmendoza.com\/index.php?rest_route=\/wp\/v2\/posts\/6748"}],"collection":[{"href":"https:\/\/pasaenmendoza.com\/index.php?rest_route=\/wp\/v2\/posts"}],"about":[{"href":"https:\/\/pasaenmendoza.com\/index.php?rest_route=\/wp\/v2\/types\/post"}],"author":[{"embeddable":true,"href":"https:\/\/pasaenmendoza.com\/index.php?rest_route=\/wp\/v2\/users\/2"}],"replies":[{"embeddable":true,"href":"https:\/\/pasaenmendoza.com\/index.php?rest_route=%2Fwp%2Fv2%2Fcomments&post=6748"}],"version-history":[{"count":1,"href":"https:\/\/pasaenmendoza.com\/index.php?rest_route=\/wp\/v2\/posts\/6748\/revisions"}],"predecessor-version":[{"id":6750,"href":"https:\/\/pasaenmendoza.com\/index.php?rest_route=\/wp\/v2\/posts\/6748\/revisions\/6750"}],"wp:featuredmedia":[{"embeddable":true,"href":"https:\/\/pasaenmendoza.com\/index.php?rest_route=\/wp\/v2\/media\/6749"}],"wp:attachment":[{"href":"https:\/\/pasaenmendoza.com\/index.php?rest_route=%2Fwp%2Fv2%2Fmedia&parent=6748"}],"wp:term":[{"taxonomy":"category","embeddable":true,"href":"https:\/\/pasaenmendoza.com\/index.php?rest_route=%2Fwp%2Fv2%2Fcategories&post=6748"},{"taxonomy":"post_tag","embeddable":true,"href":"https:\/\/pasaenmendoza.com\/index.php?rest_route=%2Fwp%2Fv2%2Ftags&post=6748"}],"curies":[{"name":"wp","href":"https:\/\/api.w.org\/{rel}","templated":true}]}}