{"id":6754,"date":"2024-04-13T00:20:22","date_gmt":"2024-04-12T22:20:22","guid":{"rendered":"https:\/\/pasaenmendoza.com\/?p=6754"},"modified":"2024-04-13T00:20:24","modified_gmt":"2024-04-12T22:20:24","slug":"la-inflacion-en-mendoza-fue-del-92-y-quedo-por-debajo-de-la-nacional-que-se-ubico-en-dos-digitos","status":"publish","type":"post","link":"https:\/\/pasaenmendoza.com\/?p=6754","title":{"rendered":"La inflaci\u00f3n en Mendoza fue del 9,2% y qued\u00f3 por debajo de la nacional que se ubic\u00f3 en dos d\u00edgitos"},"content":{"rendered":"\n<p>Como lo anticip\u00f3 el ministro de Econom\u00eda de la Naci\u00f3n, Luis Caputo, la\u00a0<strong>inflaci\u00f3n en Argentina\u00a0<\/strong>fue del 11% en marzo, quedando 2,2% por debajo de la medici\u00f3n de febrero. Mientras, que la<strong>\u00a0inflaci\u00f3n en Mendoza<\/strong>\u00a0fue del 9,2%, ubic\u00e1ndose por debajo de los dos d\u00edgitos.<\/p>\n\n\n\n<p>En tanto, las consultoras privadas hab\u00edan manifestado que la cifra ser\u00eda superior, del orden del 11%, a\u00fan as\u00ed, manteni\u00e9ndse por debajo de la anterior.<\/p>\n\n\n\n<p>El ministro Caputo hab\u00eda asegurado que la inflaci\u00f3n en Argentina durante marzo ser\u00eda &#8220;significativamente mejor a lo que todos pronosticaban&#8221; y agreg\u00f3 que para abril se espera una disminuci\u00f3n en el \u00cdndice de Precios al Consumidor (IPC), lo que estiman es que se ubicar\u00e1 en un d\u00edgito.<\/p>\n\n\n\n<p>Por otra parte, lo que prev\u00edan las consultoras privadas se cumpli\u00f3: la desaceleraci\u00f3n de la inflaci\u00f3n, aunque en un porcentaje mayor de lo que adelant\u00f3 el gobierno de Javier Milei.<\/p>\n\n\n\n<h2 class=\"wp-block-heading\">Datos de la inflaci\u00f3n nacional<\/h2>\n\n\n\n<p>La inflaci\u00f3n nacional fue del 11% en marzo y acumul\u00f3 287,9% en los \u00faltimos 12 meses, inform\u00f3 este viernes el INDEC.<\/p>\n\n\n\n<p><strong>En el primer trimestre, el \u00edndice de precios al consumidor acumul\u00f3 una variaci\u00f3n del 51,6%.<\/strong><\/p>\n\n\n\n<p><strong>La divisi\u00f3n de mayor aumento en el mes fue Educaci\u00f3n (52,7%),<\/strong>&nbsp;por los incrementos de las cuotas en los distintos niveles educativos al inicio del ciclo lectivo.<\/p>\n\n\n\n<p>Le siguieron Comunicaci\u00f3n (15,9%), por las subas en servicios de telefon\u00eda e internet, y Vivienda, agua, electricidad, gas y otros combustibles (13,3%), por alzas en el servicio de electricidad.<\/p>\n\n\n\n<p><strong>La divisi\u00f3n con mayor incidencia en todas las regiones fue Alimentos y bebidas no alcoh\u00f3licas (10,5%).<\/strong><\/p>\n\n\n\n<p>Al interior de la divisi\u00f3n se destacan las subas de Carnes y derivados, Leche, productos l\u00e1cteos y huevos, Verduras, tub\u00e9rculos y legumbres y Pan y cereales.<\/p>\n\n\n\n<p>Las dos divisiones que registraron las menores variaciones en marzo fueron Restaurantes y hoteles (8,3%) y Equipamiento y mantenimiento del hogar (5%).<\/p>\n\n\n\n<p>A nivel de las categor\u00edas, Regulados (18,1%) lider\u00f3 el aumento seguida por Estacionales (11,1%), mientras que el IPC N\u00facleo registr\u00f3 un incremento de 9,4%.<\/p>\n\n\n\n<p><strong>Fuente: www.diariouno.com.ar<\/strong><\/p>\n","protected":false},"excerpt":{"rendered":"<p>Como lo anticip\u00f3 el ministro de Econom\u00eda de la Naci\u00f3n, Luis Caputo, la\u00a0inflaci\u00f3n en Argentina\u00a0fue del 11% en marzo, quedando 2,2% por debajo de la medici\u00f3n de febrero. Mientras, que la\u00a0inflaci\u00f3n en Mendoza\u00a0fue del 9,2%, ubic\u00e1ndose por debajo de los dos d\u00edgitos. En tanto, las consultoras privadas hab\u00edan manifestado que la cifra ser\u00eda superior, del [&hellip;]<\/p>\n","protected":false},"author":2,"featured_media":6755,"comment_status":"open","ping_status":"open","sticky":false,"template":"","format":"standard","meta":[],"categories":[75],"tags":[],"_links":{"self":[{"href":"https:\/\/pasaenmendoza.com\/index.php?rest_route=\/wp\/v2\/posts\/6754"}],"collection":[{"href":"https:\/\/pasaenmendoza.com\/index.php?rest_route=\/wp\/v2\/posts"}],"about":[{"href":"https:\/\/pasaenmendoza.com\/index.php?rest_route=\/wp\/v2\/types\/post"}],"author":[{"embeddable":true,"href":"https:\/\/pasaenmendoza.com\/index.php?rest_route=\/wp\/v2\/users\/2"}],"replies":[{"embeddable":true,"href":"https:\/\/pasaenmendoza.com\/index.php?rest_route=%2Fwp%2Fv2%2Fcomments&post=6754"}],"version-history":[{"count":1,"href":"https:\/\/pasaenmendoza.com\/index.php?rest_route=\/wp\/v2\/posts\/6754\/revisions"}],"predecessor-version":[{"id":6756,"href":"https:\/\/pasaenmendoza.com\/index.php?rest_route=\/wp\/v2\/posts\/6754\/revisions\/6756"}],"wp:featuredmedia":[{"embeddable":true,"href":"https:\/\/pasaenmendoza.com\/index.php?rest_route=\/wp\/v2\/media\/6755"}],"wp:attachment":[{"href":"https:\/\/pasaenmendoza.com\/index.php?rest_route=%2Fwp%2Fv2%2Fmedia&parent=6754"}],"wp:term":[{"taxonomy":"category","embeddable":true,"href":"https:\/\/pasaenmendoza.com\/index.php?rest_route=%2Fwp%2Fv2%2Fcategories&post=6754"},{"taxonomy":"post_tag","embeddable":true,"href":"https:\/\/pasaenmendoza.com\/index.php?rest_route=%2Fwp%2Fv2%2Ftags&post=6754"}],"curies":[{"name":"wp","href":"https:\/\/api.w.org\/{rel}","templated":true}]}}