{"id":6760,"date":"2024-04-13T00:59:11","date_gmt":"2024-04-12T22:59:11","guid":{"rendered":"https:\/\/pasaenmendoza.com\/?p=6760"},"modified":"2024-04-13T00:59:12","modified_gmt":"2024-04-12T22:59:12","slug":"decidieron-el-cierre-del-paso-cristo-redentor-para-este-fin-de-semana-por-el-pronostico-de-nevadas","status":"publish","type":"post","link":"https:\/\/pasaenmendoza.com\/?p=6760","title":{"rendered":"Decidieron el cierre del paso Cristo Redentor para este fin de semana por el pron\u00f3stico de nevadas"},"content":{"rendered":"\n<p>La coordinaci\u00f3n del\u00a0<strong>paso\u00a0Cristo Redentor<\/strong>\u00a0comunic\u00f3 que el t\u00fanel internacional cerrar\u00e1 a partir de las 0 del s\u00e1bado 13 de abril, debido al pron\u00f3stico de nevadas intensas en la cordillera de Los Andes.<\/p>\n\n\n\n<p>La decisi\u00f3n fue tomada por las autoridades de ambos pa\u00edses. El cierre de barrera ser\u00e1 en Uspallata para todo tipo de veh\u00edculos en sentido Argentina- Chile a partir de las&nbsp;<strong>22 de este viernes<\/strong>.<\/p>\n\n\n\n<p>Seg\u00fan indic\u00f3 el coordinador Justo Jos\u00e9 B\u00e1scolo, en principio el cierre se mantendr\u00e1 hasta las 7 del lunes 15 de abril.<\/p>\n\n\n\n<p>A las 22 est\u00e1 previsto el cierre de barreras en Uspallata para el tr\u00e1nsito que va de Argentina a Chile por el paso Cristo Redentor.<\/p>\n\n\n\n<h2 class=\"wp-block-heading\">El comunicado oficial por el cierre del paso a Chile<\/h2>\n\n\n\n<p>La coordinaci\u00f3n inform\u00f3 que la medida &#8220;obedece a prevenir y mitigar riesgos conforme el\u00a0<strong>informe especial emitido por el Servicio Meteorol\u00f3gico Nacional<\/strong>, que da cuenta de nevadas intensas en la cordillera&#8221;<\/p>\n\n\n\n<p><strong>\u00bfSe activa el nuevo protocolo Cristo Redentor?<\/strong><\/p>\n\n\n\n<p>Por ahora no. El\u00a0convenio que firmaron el Gobierno provincial con las diferentes \u00e1reas involucradas en el tr\u00e1nsito del corredor bioce\u00e1nico es exclusivo para cierres prolongados del paso a Chile. Se activa a partir de las 72 horas de interrupci\u00f3n por cuestiones clim\u00e1ticas y busca ordenar la circulaci\u00f3n en las rutas nacionales durante el camino hacia el t\u00fanel internacional.<\/p>\n\n\n\n<p>El Protocolo de Actuaci\u00f3n para Situaciones de Cierre Prolongado del Paso Internacional Cristo Redentor fue presentado en Horcones el jueves, con la presencia del ministro de Producci\u00f3n Rodolfo Vargas Arizu.<\/p>\n\n\n\n<p>El mismo contiene tres fases que buscan contener el tr\u00e1nsito de camiones, organizar la estad\u00eda de los trabajadores y garantizar la circulaci\u00f3n fluida y segura en el paso cuando la misma se rehabilite.<\/p>\n\n\n\n<p>Ser\u00e1 la Coordinaci\u00f3n del paso, cuando se registren las condiciones, quien mande un comunicado informando de la activaci\u00f3n del protocolo. Este paso marcar\u00e1 el inicio del despliegue y la implementaci\u00f3n de medidas de control.<\/p>\n\n\n\n<p>Las mismas implican la contenci\u00f3n de un total de 2.240 camiones en todo el territorio provincial a lo largo de 10 puntos ya preestablecidos.<\/p>\n\n\n\n<p>Los extremos en esos escalones ser\u00e1n el Complejo Fronterizo \u00c1rea de Control Integrado Uspallata, que recibir\u00e1 hasta 600 camiones, y la Estaci\u00f3n de Servicios Allub, con espacio para 70.<\/p>\n\n\n\n<p>Desde el Gobierno aseguran que este sistema de contenci\u00f3n escalonado asegura la fluidez del tr\u00e1fico y la seguridad en la ruta.<\/p>\n\n\n\n<p>Cuando se decida la reapertura del paso, ser\u00e1 comunicada por las coordinaciones de ambos pa\u00edses, con horarios de circulaci\u00f3n establecidos y el trabajo de Gendarmer\u00eda Nacional y la Polic\u00eda de Mendoza para la liberaci\u00f3n ordenada.<\/p>\n\n\n\n<p><strong>Fuente: www.diariouno.com.ar<\/strong><\/p>\n\n\n\n<p><a rel=\"noreferrer noopener\" href=\"https:\/\/www.facebook.com\/dialog\/feed?app_id=161316767303985&amp;link=https%3A%2F%2Fwww.diariouno.com.ar%2Fsociedad%2Fdecidieron-el-cierre-del-paso-cristo-redentor-este-fin-semana-el-pronostico-nevadas-n1310905&amp;name=Decidieron+el+cierre+del+paso+Cristo+Redentor+para+este+fin+de+semana+por+el+pron%C3%B3stico+de+nevadas&amp;caption=Cristo+Redentor&amp;description=A+las+0+del+s%C3%A1bado+se+suspender%C3%A1+el+tr%C3%A1nsito+por+el+t%C3%BAnel+internacional+que+comunica+Argentina+con+Chile.+El+cierre+de+barreras+en+Uspallata+ser%C3%A1+a+las+22&amp;redirect_uri=https%3A%2F%2Fwww.diariouno.com.ar%2Fsociedad%2Fdecidieron-el-cierre-del-paso-cristo-redentor-este-fin-semana-el-pronostico-nevadas-n1310905\" target=\"_blank\"><\/a><\/p>\n","protected":false},"excerpt":{"rendered":"<p>La coordinaci\u00f3n del\u00a0paso\u00a0Cristo Redentor\u00a0comunic\u00f3 que el t\u00fanel internacional cerrar\u00e1 a partir de las 0 del s\u00e1bado 13 de abril, debido al pron\u00f3stico de nevadas intensas en la cordillera de Los Andes. La decisi\u00f3n fue tomada por las autoridades de ambos pa\u00edses. El cierre de barrera ser\u00e1 en Uspallata para todo tipo de veh\u00edculos en sentido [&hellip;]<\/p>\n","protected":false},"author":2,"featured_media":6761,"comment_status":"open","ping_status":"open","sticky":false,"template":"","format":"standard","meta":[],"categories":[66],"tags":[],"_links":{"self":[{"href":"https:\/\/pasaenmendoza.com\/index.php?rest_route=\/wp\/v2\/posts\/6760"}],"collection":[{"href":"https:\/\/pasaenmendoza.com\/index.php?rest_route=\/wp\/v2\/posts"}],"about":[{"href":"https:\/\/pasaenmendoza.com\/index.php?rest_route=\/wp\/v2\/types\/post"}],"author":[{"embeddable":true,"href":"https:\/\/pasaenmendoza.com\/index.php?rest_route=\/wp\/v2\/users\/2"}],"replies":[{"embeddable":true,"href":"https:\/\/pasaenmendoza.com\/index.php?rest_route=%2Fwp%2Fv2%2Fcomments&post=6760"}],"version-history":[{"count":1,"href":"https:\/\/pasaenmendoza.com\/index.php?rest_route=\/wp\/v2\/posts\/6760\/revisions"}],"predecessor-version":[{"id":6762,"href":"https:\/\/pasaenmendoza.com\/index.php?rest_route=\/wp\/v2\/posts\/6760\/revisions\/6762"}],"wp:featuredmedia":[{"embeddable":true,"href":"https:\/\/pasaenmendoza.com\/index.php?rest_route=\/wp\/v2\/media\/6761"}],"wp:attachment":[{"href":"https:\/\/pasaenmendoza.com\/index.php?rest_route=%2Fwp%2Fv2%2Fmedia&parent=6760"}],"wp:term":[{"taxonomy":"category","embeddable":true,"href":"https:\/\/pasaenmendoza.com\/index.php?rest_route=%2Fwp%2Fv2%2Fcategories&post=6760"},{"taxonomy":"post_tag","embeddable":true,"href":"https:\/\/pasaenmendoza.com\/index.php?rest_route=%2Fwp%2Fv2%2Ftags&post=6760"}],"curies":[{"name":"wp","href":"https:\/\/api.w.org\/{rel}","templated":true}]}}