{"id":6763,"date":"2024-04-15T15:15:29","date_gmt":"2024-04-15T13:15:29","guid":{"rendered":"https:\/\/pasaenmendoza.com\/?p=6763"},"modified":"2024-04-15T15:15:30","modified_gmt":"2024-04-15T13:15:30","slug":"coparticipacion-la-respuesta-de-diego-costarelli-a-las-quejas-de-esteban-allasino","status":"publish","type":"post","link":"https:\/\/pasaenmendoza.com\/?p=6763","title":{"rendered":"Coparticipaci\u00f3n: la respuesta de Diego Costarelli a las quejas de Esteban Allasino"},"content":{"rendered":"\n<p>El intendente de Godoy Cruz opin\u00f3 acerca de los reparos planteados por su par de Luj\u00e1n de Cuyo, en el marco de la nueva propuesta que cambia el esquema de reparto de fondos coparticipables.<\/p>\n\n\n\n<p><strong>Diego Costarelli<\/strong>, intendente de\u00a0<strong>Godoy Cruz<\/strong>, defendi\u00f3 el\u00a0paquete de leyes ideado por el gobernador, Alfredo Cornejo, el cual propone un cambio en el reparto de la\u00a0coparticipaci\u00f3n\u00a0provincial y que, en t\u00e9rminos de distribuci\u00f3n, deja bien parado a su municipio. Tambi\u00e9n respondi\u00f3 a las\u00a0cr\u00edticas de\u00a0<strong>Esteban Allasino<\/strong>, jefe comunal de Luj\u00e1n de Cuyo, quien asegur\u00f3 que se est\u00e1 cambiando la redacci\u00f3n de un art\u00edculo para \u201csalvar\u201d a tres comunas oficialistas y perjudicar a dos administradas por la oposici\u00f3n.<\/p>\n\n\n\n<p>Dentro del proyecto de reformas que envi\u00f3 la semana pasada el gobernador\u00a0Alfredo Cornejo\u00a0a la Legislatura se impulsa una modificaci\u00f3n a la Ley N\u00ba 6396 que determina los lineamientos de la distribuci\u00f3n de la\u00a0<strong>coparticipaci\u00f3n\u00a0<\/strong>provincial. La norma establece que el reparto entre municipios se realizar\u00e1 en base a tres criterios: el 25% se distribuye en partes iguales entre las comunas, el 65% se reparte en proporci\u00f3n a la poblaci\u00f3n de cada departamento y el 10% se fracciona en base al Coeficiente de Equilibrio del Desarrollo Regional.<\/p>\n\n\n\n<p>Ese \u00faltimo punto es el que se pretende actualizar el Gobierno, sustituyendo el Art\u00edculo 5 de la ley mencionada y creando el&nbsp;Coeficiente de Equilibrio del Desarrollo Municipal. La propuesta reemplaza el \u00faltimo t\u00e9rmino del nombre de este indicador e introduce importantes modificaciones en la porci\u00f3n que recibe cada departamento. Los municipios m\u00e1s favorecidos son Godoy Cruz, Las Heras y Guaymall\u00e9n, mientras que los que m\u00e1s pierden son Luj\u00e1n de Cuyo&nbsp;y Maip\u00fa.<\/p>\n\n\n\n<p>De esta forma, se propone la actualizaci\u00f3n de los valores de cada departamento en el coeficiente de equilibrio. En el nuevo esquema el municipio m\u00e1s beneficiado es Godoy Cruz, que tuvo un crecimiento del 0,471 por mil.\u00a0El segundo que m\u00e1s gana es Guaymall\u00e9n, que subi\u00f3 0,223 por mil, mientras que el podio lo completa Las Heras, con una mejora del 0,157 por mil. Les siguen entre los beneficiados San Rafael (0,059 \u2030), Rivadavia (0,048\u2030) y Malarg\u00fce (0,024\u2030).<\/p>\n\n\n\n<p>Luj\u00e1n de Cuyo tuvo una ca\u00edda de 0,649 por mil, muy por encima del resto. La\u00a0comuna gobernada por\u00a0<strong>Esteban Allasino\u00a0<\/strong>(La Uni\u00f3n Mendocina) fue la que mayor crecimiento poblacional tuvo seg\u00fan los datos del Censo 2022 y reclama una participaci\u00f3n m\u00e1s grande en el reparto de fondos.<\/p>\n\n\n\n<p>El propio&nbsp;<strong>Allasino&nbsp;<\/strong>asegur\u00f3 a este diario que con el proyecto se est\u00e1 tergiversando el esp\u00edritu de la ley original para habilitar el \u201csalvataje\u201d de tres municipios oficialistas y calific\u00f3 la iniciativa como un \u201catropello institucional\u201d.&nbsp;Advirti\u00f3 que se est\u00e1 alternando el esp\u00edritu de la ley original cambiando la redacci\u00f3n de un art\u00edculo para \u201csalvar\u201d a tres comunas oficialistas y perjudicar a dos administradas por la oposici\u00f3n.<\/p>\n\n\n\n<p>En di\u00e1logo con\u00a0<strong>Diego<\/strong>\u00a0<strong>Costarelli\u00a0<\/strong>se refiri\u00f3 a lo expresado por el lujanino y sostuvo: &#8220;Es una chicana infructuosa que no aporta nada al debate. Distorsiona los hechos de la realidad, que son sagrados. Es f\u00e1cil hablar desde la posici\u00f3n de\u00a0<strong>Allasino<\/strong>, que ya cobr\u00f3 el 65%&#8230; En el crecimiento de matr\u00edculas, los principales sectores de, por ejemplo, salud y centros comerciales est\u00e1n en Godoy Cruz&#8230; La gente se va a Godoy Cruz y eso es un indicador. Pasa en los hechos. &#8220;No es que Luj\u00e1n pierde y Godoy Cruz gana. Eso es una mala intencionalidad&#8221;.<\/p>\n\n\n\n<p>Para\u00a0<strong>Costarelli\u00a0\u00a0<\/strong>&#8220;no hay ni ganadores ni perdedores,\u00a0sino una medida que busca criterios justos y equitativos. Este coeficiente equilibra cuestiones que no refleja el Censo 2022. Por ejemplo, la volatilidad de la poblaci\u00f3n. Los cambios son muy m\u00ednimos.\u00a0Luj\u00e1n, Maip\u00fa\u00a0y todos los que crecieron ya cobraron much\u00edsimo el 65% (uno de los tres criterios en el reparto). los perdedoros ya perdimos en la masa de ese 65%&#8221;.<\/p>\n\n\n\n<p>Por otro lado, consider\u00f3: &#8220;Creo que la ley es vieja y hay que pensar en una nueva, pero no es una discusi\u00f3n para dar ahora. Hay que ver los ratios, la poblaci\u00f3n,&nbsp;la cantidad de empleados y distintos indicadores para administrar el municipio.<\/p>\n\n\n\n<p>&#8220;Mendoza reparte 18,8 y es la segunda provincia que mas reparte despu\u00e9s de C\u00f3rdoba, que tiene un esquema m\u00e1s complejo que ac\u00e1. Por eso se cae el argumento de que hay que repartir m\u00e1s plata&#8221;, aport\u00f3&nbsp;<strong>Costarelli.&nbsp;<\/strong>&#8220;La Ley de Coparticipaci\u00f3n es un sistema federal y solidario, el cual requiere de una discusi\u00f3n de fondo y profunda en el mediano plazo, y en el mismo sentido, entendemos que avanzar con este proyecto es positivo y permite que la provincia cuente con herramientas para profundizar la eficiencia en el Estado&#8221;, desliz\u00f3.<\/p>\n\n\n\n<p>En diversas ocasiones, el intendente de Godoy Cruz ha presentado sus quejas en lo que refiere a los datos difundidos por el Instituto Nacional de Estad\u00edsticas y Censos (INDEC) en su \u00faltimo relevamiento en 2022. &#8220;El censo es cuestionado. El\u00a0nuevo \u00edndice qued\u00f3 desactualizado. Si esto no llega a buen puerto, se puede ir a la Corte. Ser\u00eda negligente si no salgo a defender esto. Hay errores graves en el censo&#8221;, coment\u00f3 en orden.<\/p>\n\n\n\n<p>FUENTE: MDZonline.<\/p>\n","protected":false},"excerpt":{"rendered":"<p>El intendente de Godoy Cruz opin\u00f3 acerca de los reparos planteados por su par de Luj\u00e1n de Cuyo, en el marco de la nueva propuesta que cambia el esquema de reparto de fondos coparticipables. Diego Costarelli, intendente de\u00a0Godoy Cruz, defendi\u00f3 el\u00a0paquete de leyes ideado por el gobernador, Alfredo Cornejo, el cual propone un cambio en [&hellip;]<\/p>\n","protected":false},"author":2,"featured_media":6764,"comment_status":"open","ping_status":"open","sticky":true,"template":"","format":"standard","meta":[],"categories":[47],"tags":[],"_links":{"self":[{"href":"https:\/\/pasaenmendoza.com\/index.php?rest_route=\/wp\/v2\/posts\/6763"}],"collection":[{"href":"https:\/\/pasaenmendoza.com\/index.php?rest_route=\/wp\/v2\/posts"}],"about":[{"href":"https:\/\/pasaenmendoza.com\/index.php?rest_route=\/wp\/v2\/types\/post"}],"author":[{"embeddable":true,"href":"https:\/\/pasaenmendoza.com\/index.php?rest_route=\/wp\/v2\/users\/2"}],"replies":[{"embeddable":true,"href":"https:\/\/pasaenmendoza.com\/index.php?rest_route=%2Fwp%2Fv2%2Fcomments&post=6763"}],"version-history":[{"count":1,"href":"https:\/\/pasaenmendoza.com\/index.php?rest_route=\/wp\/v2\/posts\/6763\/revisions"}],"predecessor-version":[{"id":6765,"href":"https:\/\/pasaenmendoza.com\/index.php?rest_route=\/wp\/v2\/posts\/6763\/revisions\/6765"}],"wp:featuredmedia":[{"embeddable":true,"href":"https:\/\/pasaenmendoza.com\/index.php?rest_route=\/wp\/v2\/media\/6764"}],"wp:attachment":[{"href":"https:\/\/pasaenmendoza.com\/index.php?rest_route=%2Fwp%2Fv2%2Fmedia&parent=6763"}],"wp:term":[{"taxonomy":"category","embeddable":true,"href":"https:\/\/pasaenmendoza.com\/index.php?rest_route=%2Fwp%2Fv2%2Fcategories&post=6763"},{"taxonomy":"post_tag","embeddable":true,"href":"https:\/\/pasaenmendoza.com\/index.php?rest_route=%2Fwp%2Fv2%2Ftags&post=6763"}],"curies":[{"name":"wp","href":"https:\/\/api.w.org\/{rel}","templated":true}]}}