{"id":6766,"date":"2024-04-15T15:20:21","date_gmt":"2024-04-15T13:20:21","guid":{"rendered":"https:\/\/pasaenmendoza.com\/?p=6766"},"modified":"2024-04-15T15:20:23","modified_gmt":"2024-04-15T13:20:23","slug":"semana-clave-para-alfredo-cornejo-en-materia-de-seguridad","status":"publish","type":"post","link":"https:\/\/pasaenmendoza.com\/?p=6766","title":{"rendered":"Semana clave para Alfredo Cornejo en materia de seguridad"},"content":{"rendered":"\n<p>El mandatario provincial est\u00e1 a la espera que la ministra Mercedes Rus env\u00ede el paquete de leyes a la Legislatura y que se coordine una fecha para la firma de un convenio con sus pares de San Juan y San Luis. A su vez, Patricia Bullrich confirm\u00f3 su visita a Mendoza.<\/p>\n\n\n\n<p><strong>Alfredo Cornejo&nbsp;<\/strong>comienza una semana con definiciones en materia de seguridad. En primer lugar, la ministra del \u00e1rea,&nbsp;<strong>Mercedes Rus<\/strong>, presentar\u00e1 un paquete de leyes.<strong>&nbsp;<\/strong>En segunda instancia, el gobernador se apresta a firmar un convenio en dicha materia con sus pares&nbsp;<strong>Marcelo Orrego<\/strong>&nbsp;de San Juan y&nbsp;<strong>Claudio Poggi<\/strong>&nbsp;de San Luis.<\/p>\n\n\n\n<p>El mandatario, acompa\u00f1ado por Rus, viene de tener un encuentro en Buenos Aires con la ministra de Seguridad de la Naci\u00f3n,\u00a0<strong>Patricia Bullrich<\/strong>,\u00a0<mark>quien confirm\u00f3 su visita a Mendoza para el pr\u00f3ximo 6 de junio<\/mark>. En esa reuni\u00f3n,\u00a0le\u00a0presentaron a la funcionaria nacional el aporte del radicalismo mendocino\u00a0a la iniciativa de Bullrich de conseguir reformas en los C\u00f3digos Penal y Civil y Comercial de la Naci\u00f3n a trav\u00e9s del Congreso.<\/p>\n\n\n\n<p>Seguridad fue una promesa que realiz\u00f3 Cornejo durante la campa\u00f1a electoral de 2023. Ya de nuevo en el sill\u00f3n de San Mart\u00edn, apunta a realizar\u00a0<mark>una serie de cambios tanto en el\u00a0<strong>C\u00f3digo Procesal Penal<\/strong><\/mark>\u00a0<mark>como en el sistema penitenciario<\/mark>.<\/p>\n\n\n\n<p>La intenci\u00f3n de Cornejo es que el paquete que redact\u00f3 la propia Rus se trate cuanto antes. En un principio iba a ser antes de la apertura de las sesiones ordinarias de la Legislatura, que tiene fecha el 1 de mayo. Pero desde Casa de Gobierno son conscientes que los tiempos no dan para un debate, tratamiento y posterior aprobaci\u00f3n.<\/p>\n\n\n\n<p>Por eso, el Ejecutivo considera que esta bater\u00eda de reformas tiene que estar presentado y aprobado antes del 6 de junio. La elecci\u00f3n de esa fecha no es para nada casual, ya que para ese d\u00eda&nbsp;<mark>est\u00e1 programado que se realice en Mendoza el segundo encuentro del Consejo de Seguridad Interior<\/mark>, que contar\u00e1 con la presencia de Bullrich y los ministros del \u00e1rea de cada provincia.<\/p>\n\n\n\n<p>Un dato no menor, la visita de la funcionaria nacional en la provincia tampoco es pura coincidencia.&nbsp;<mark>El 6 de junio se celebrar\u00e1n las elecciones partidarias del PRO Mendoza<\/mark>, cuya principal candidata a quedarse con la presidencia es la vicegobernadora,&nbsp;<strong>Hebe Casado<\/strong>, af\u00edn a Bullrich.<\/p>\n\n\n\n<h2 class=\"wp-block-heading\" id=\"h-los-cambios-que-quiere-rus\">Los cambios que quiere Rus<\/h2>\n\n\n\n<p>\u201c<em>La idea es presentarlo esta semana, en principio, el proyecto ya se encuentra terminado<\/em>.&nbsp;<em>Se est\u00e1n puliendo algunos detalles<\/em>\u201d, revelaron desde el Ministerio de Seguridad y Justicia. La fecha est\u00e1 sujeta a la agenda de actividades de Cornejo.<\/p>\n\n\n\n<p>\u201c<em>Abordamos temas de Seguridad que afectan la vida cotidiana de los ciudadanos. Buscamos endurecer las penas de los delitos menores como, por ejemplo, el hurto. Tambi\u00e9n aumentar\u00edan las condenas en materia vial, principalmente en lo que tenga que ver con accidentes provocados por conductores alcoholizados<\/em>\u201d, explicaron.<\/p>\n\n\n\n<p><mark>Otras penalidades que se modificar\u00e1n ser\u00e1n aquellas vinculadas\u00a0con el ciberdelito o estafas virtuales<\/mark>\u00a0y los robos que atentan contra los servicios p\u00fablicos,\u00a0<mark>como es la sustracci\u00f3n de cables de iluminarias p\u00fablicas y de medidores de agua<\/mark>, entre otros.<\/p>\n\n\n\n<p>Por \u00faltimo, buscar\u00e1n una reforma en el sistema penitenciario, principalmente, en el sector de los agentes que brindan el servicio. Desde la cartera que conduce Rus sostuvieron que quieren&nbsp;<em>\u201cuna actualizaci\u00f3n del r\u00e9gimen de los trabajadores\u201d.&nbsp;<\/em>Y explicaron:<em>&nbsp;\u201cEl plan actual tiene m\u00e1s de 30 a\u00f1os y ya est\u00e1 obsoleto<\/em>\u201d. &nbsp;<\/p>\n\n\n\n<h2 class=\"wp-block-heading\" id=\"h-convenio-con-los-gobernadores-de-cuyo\">Convenio con los gobernadores de Cuyo<\/h2>\n\n\n\n<p>Lo que iba a ser un encuentro regional de ministros de Seguridad de Cuyo termin\u00f3 pasando a una firma de convenio de gobernadores de la regi\u00f3n. El motivo fue que los mandatarios cuyanos entienden que es un reclamo social que se encuentra en agenda y que consideran importante poner en valor el trabajo en conjunto que se va a realizar entre las provincias.<\/p>\n\n\n\n<p>Hasta el momento, no hay fecha pactada para esta cumbre tripartida entre\u00a0<strong>Cornejo, Poggi y Orrego<\/strong>, pero la intenci\u00f3n es que sea a finales de abril. Todo est\u00e1 sujeto a las agendas de actividades de cada mandatario provincial. En un principio, el lugar ser\u00eda San Luis.<\/p>\n\n\n\n<p>Desde comienzos de 2024 que\u00a0los ministros de Seguridad de Cuyo vienen trabajando en un plan en conjunto. Esto cobr\u00f3 m\u00e1s relevancia luego de la primera sesi\u00f3n del\u00a0Consejo de Seguridad Regional a principios de marzo. En ese entonces, tanto Rus como sus pares pusieron sobre la mesa una serie de problem\u00e1ticas por las cuales ya se encuentran abordando.<\/p>\n\n\n\n<p>En el convenio que firmar\u00e1n los gobernadores se buscar\u00e1 el \u201ccompromiso fehaciente\u201d de cada provincia para&nbsp;<mark>reforzar las fronteras de las mismas para la lucha contra el narcotr\u00e1fico<\/mark>.<\/p>\n\n\n\n<p>Tambi\u00e9n apuntar a una mejora conjunta en la i<mark>mplementaci\u00f3n tecnol\u00f3gica de los dispositivos de Seguridad<\/mark>\u00a0que faciliten una mayor rapidez en el traspaso de informaci\u00f3n entre las tres jurisdicciones. Principalmente, en\u00a0<mark>el pedido de captura de personas, de rodados y de partes robadas de veh\u00edculos<\/mark>.<\/p>\n\n\n\n<p>FUENTE: Elsol.com.ar <\/p>\n","protected":false},"excerpt":{"rendered":"<p>El mandatario provincial est\u00e1 a la espera que la ministra Mercedes Rus env\u00ede el paquete de leyes a la Legislatura y que se coordine una fecha para la firma de un convenio con sus pares de San Juan y San Luis. A su vez, Patricia Bullrich confirm\u00f3 su visita a Mendoza. Alfredo Cornejo&nbsp;comienza una semana [&hellip;]<\/p>\n","protected":false},"author":2,"featured_media":6767,"comment_status":"open","ping_status":"open","sticky":true,"template":"","format":"standard","meta":[],"categories":[47],"tags":[],"_links":{"self":[{"href":"https:\/\/pasaenmendoza.com\/index.php?rest_route=\/wp\/v2\/posts\/6766"}],"collection":[{"href":"https:\/\/pasaenmendoza.com\/index.php?rest_route=\/wp\/v2\/posts"}],"about":[{"href":"https:\/\/pasaenmendoza.com\/index.php?rest_route=\/wp\/v2\/types\/post"}],"author":[{"embeddable":true,"href":"https:\/\/pasaenmendoza.com\/index.php?rest_route=\/wp\/v2\/users\/2"}],"replies":[{"embeddable":true,"href":"https:\/\/pasaenmendoza.com\/index.php?rest_route=%2Fwp%2Fv2%2Fcomments&post=6766"}],"version-history":[{"count":1,"href":"https:\/\/pasaenmendoza.com\/index.php?rest_route=\/wp\/v2\/posts\/6766\/revisions"}],"predecessor-version":[{"id":6768,"href":"https:\/\/pasaenmendoza.com\/index.php?rest_route=\/wp\/v2\/posts\/6766\/revisions\/6768"}],"wp:featuredmedia":[{"embeddable":true,"href":"https:\/\/pasaenmendoza.com\/index.php?rest_route=\/wp\/v2\/media\/6767"}],"wp:attachment":[{"href":"https:\/\/pasaenmendoza.com\/index.php?rest_route=%2Fwp%2Fv2%2Fmedia&parent=6766"}],"wp:term":[{"taxonomy":"category","embeddable":true,"href":"https:\/\/pasaenmendoza.com\/index.php?rest_route=%2Fwp%2Fv2%2Fcategories&post=6766"},{"taxonomy":"post_tag","embeddable":true,"href":"https:\/\/pasaenmendoza.com\/index.php?rest_route=%2Fwp%2Fv2%2Ftags&post=6766"}],"curies":[{"name":"wp","href":"https:\/\/api.w.org\/{rel}","templated":true}]}}