{"id":6769,"date":"2024-04-15T15:24:27","date_gmt":"2024-04-15T13:24:27","guid":{"rendered":"https:\/\/pasaenmendoza.com\/?p=6769"},"modified":"2024-04-15T15:24:28","modified_gmt":"2024-04-15T13:24:28","slug":"cornejo-nombro-a-un-exdiputado-como-escribano-general-de-la-provincia","status":"publish","type":"post","link":"https:\/\/pasaenmendoza.com\/?p=6769","title":{"rendered":"Cornejo nombr\u00f3 a un exdiputado como Escribano General de la Provincia"},"content":{"rendered":"\n<p>El exdiputado radical<strong>&nbsp;Emiliano Campos<\/strong>, a qui\u00e9n se le venci\u00f3 el mandato como legislador en diciembre, ejercer\u00e1 la funci\u00f3n de Escribano General de la Provincia. As\u00ed se confirm\u00f3 este lunes al oficializarse el nombramiento en el nuevo cargo.<\/p>\n\n\n\n<p>A trav\u00e9s del decreto 649, el gobernador\u00a0Alfredo Cornejo\u00a0estableci\u00f3:\u00a0 &#8220;Des\u00edgnese a partir de la fecha del presente decreto, al Sr.\u00a0<strong>EMILIANO BERNARDO CAMPOS FADEL<\/strong>, D.N.I. N\u00ba 24.900.194, Clase 1976, en el cargo Clase 076, Asesor de Gobernaci\u00f3n del Ministerio de Gobierno, Infraestructura y Desarrollo Territorial, con\u00a0<strong>funciones de Escribano General de la Provincia<\/strong>&#8220;.<\/p>\n\n\n\n<p>Efectivamente,\u00a0<strong>Campos<\/strong>, oriundo de Tunuy\u00e1n, es\u00a0<strong>escribano de profesi\u00f3n<\/strong>. De hecho, semanas antes de abandonar la Legislatura, la C\u00e1mara de Diputados aprob\u00f3 un proyecto de su autor\u00eda que modific\u00f3 la ley que regula el ejercicio de la escriban\u00eda en Mendoza.<\/p>\n\n\n\n<p>Campos asumi\u00f3 como diputado por el Tercer Distrito Electoral en diciembre de\u00a0<strong>2015<\/strong>\u00a0y complet\u00f3 el mandato hasta\u00a0<strong>2019<\/strong>. En ese a\u00f1o, fue por la reelecci\u00f3n, pero no obtuvo los votos necesarios. Sin embargo, al renunciar a su banca la actual Contadora General de la Provincia, Paula Allasino, Campos finalmente volvi\u00f3 a jurar como diputado, a comienzos de 2020, finalizando ese mandato en diciembre de 2023.<\/p>\n\n\n\n<p>A comienzos de 2018, su figura trascendi\u00f3 la Legislatura a partir del crimen de la empresaria de Tunuy\u00e1n Norma Carleti, ya que\u00a0<strong>Campos es sobrino del autor intelectual del crimen: Leonardo Hisa<\/strong>. En aquel momento, hubo pintadas en su escriban\u00eda del Valle de Uco, s\u00f3lo por el hecho de ser pariente del asesino.<\/p>\n\n\n\n<p>El decreto de nombramiento:<\/p>\n\n\n\n<p>Visto el Expediente N\u00b0 EX-2024-02049931-GDEMZA-GOBIERNO, mediante el cual se tramita la designaci\u00f3n del Sr. EMILIANO BERNARDO CAMPOS FADEL; y<\/p>\n\n\n\n<p>CONSIDERANDO:<\/p>\n\n\n\n<p>Que el Sr. EMILIANO BERNARDO CAMPOS FADEL se desempe\u00f1ar\u00e1 como Asesor de Gobernaci\u00f3n del Ministerio de Gobierno, Infraestructura y Desarrollo Territorial con funciones de Escribano General de la Provincia;<\/p>\n\n\n\n<p>Que en orden 02 obra Visto Bueno para la excepci\u00f3n requerida por el Decreto Acuerdo N\u00ba 3272\/23, Ley N\u00b0 9497;<\/p>\n\n\n\n<p>Que en orden 07 obra informe emitido por la Subdirecci\u00f3n de Personal del Ministerio de Gobierno, Infraestructura y Desarrollo Territorial;<\/p>\n\n\n\n<p>Que en orden 09 obra dictamen legal emitido por la Direcci\u00f3n de Asuntos Jur\u00eddicos del Ministerio de Gobierno, Infraestructura y Desarrollo Territorial;<\/p>\n\n\n\n<p>Que en orden 14 la Subdirecci\u00f3n de Servicios Administrativos Sueldo de la Contadur\u00eda General de la Provincia del Ministerio de Hacienda y Finanzas, otorga el visto bueno a los c\u00e1lculos de orden 04;<\/p>\n\n\n\n<p>Por ello,<\/p>\n\n\n\n<p><strong>EL<\/strong><\/p>\n\n\n\n<p><strong>GOBERNADOR DE LA PROVINCIA<\/strong><\/p>\n\n\n\n<p><strong>DECRETA:<\/strong><\/p>\n\n\n\n<p>Art\u00edculo 1\u00ba &#8211; Des\u00edgnese a partir de la fecha del presente decreto, al Sr. EMILIANO BERNARDO CAMPOS FADEL, D.N.I. N\u00ba 24.900.194, Clase 1976, en el cargo Clase 076, Asesor de Gobernaci\u00f3n del Ministerio de Gobierno, Infraestructura y Desarrollo Territorial con funciones de Escribano General de la Provincia, C\u00f3digo Escalafonario: 01-2-00-09.<\/p>\n\n\n\n<p>Art\u00edculo 2\u00ba &#8211; Contadur\u00eda General de la Provincia atender\u00e1 el gasto que demande el cumplimiento de lo dispuesto en el presente decreto, con cargo a las partidas del Presupuesto General vigente a\u00f1o 2024, U.G.C. G99021-41101-000 G96139.<\/p>\n\n\n\n<p>Art\u00edculo 3\u00ba &#8211; Notif\u00edquese el presente decreto a la Contadur\u00eda General de la Provincia para su registraci\u00f3n.<\/p>\n\n\n\n<p>Art\u00edculo 4\u00ba &#8211; Notif\u00edquese el presente decreto a la Direcci\u00f3n de Recursos Humanos dependiente de la Direcci\u00f3n General Administraci\u00f3n, Legal, T\u00e9cnica y Control de Gesti\u00f3n del Ministerio de Gobierno, Infraestructura y Desarrollo Territorial a fin de que proceda a tomar conocimiento y realizar la correspondiente actualizaci\u00f3n de sus registros.<\/p>\n\n\n\n<p>Art\u00edculo 5\u00ba &#8211; Comun\u00edquese, publ\u00edquese, dese al Registro Oficial y arch\u00edvese.<\/p>\n\n\n\n<p><strong>LIC. ALFREDO V. CORNEJO<\/strong><\/p>\n\n\n\n<p>ABG. NATALIO L. MEMA RODRIGUEZ<\/p>\n\n\n\n<p>FUENTE: Mendozapost.<\/p>\n","protected":false},"excerpt":{"rendered":"<p>El exdiputado radical&nbsp;Emiliano Campos, a qui\u00e9n se le venci\u00f3 el mandato como legislador en diciembre, ejercer\u00e1 la funci\u00f3n de Escribano General de la Provincia. As\u00ed se confirm\u00f3 este lunes al oficializarse el nombramiento en el nuevo cargo. A trav\u00e9s del decreto 649, el gobernador\u00a0Alfredo Cornejo\u00a0estableci\u00f3:\u00a0 &#8220;Des\u00edgnese a partir de la fecha del presente decreto, al [&hellip;]<\/p>\n","protected":false},"author":2,"featured_media":6771,"comment_status":"open","ping_status":"open","sticky":true,"template":"","format":"standard","meta":[],"categories":[47],"tags":[],"_links":{"self":[{"href":"https:\/\/pasaenmendoza.com\/index.php?rest_route=\/wp\/v2\/posts\/6769"}],"collection":[{"href":"https:\/\/pasaenmendoza.com\/index.php?rest_route=\/wp\/v2\/posts"}],"about":[{"href":"https:\/\/pasaenmendoza.com\/index.php?rest_route=\/wp\/v2\/types\/post"}],"author":[{"embeddable":true,"href":"https:\/\/pasaenmendoza.com\/index.php?rest_route=\/wp\/v2\/users\/2"}],"replies":[{"embeddable":true,"href":"https:\/\/pasaenmendoza.com\/index.php?rest_route=%2Fwp%2Fv2%2Fcomments&post=6769"}],"version-history":[{"count":1,"href":"https:\/\/pasaenmendoza.com\/index.php?rest_route=\/wp\/v2\/posts\/6769\/revisions"}],"predecessor-version":[{"id":6772,"href":"https:\/\/pasaenmendoza.com\/index.php?rest_route=\/wp\/v2\/posts\/6769\/revisions\/6772"}],"wp:featuredmedia":[{"embeddable":true,"href":"https:\/\/pasaenmendoza.com\/index.php?rest_route=\/wp\/v2\/media\/6771"}],"wp:attachment":[{"href":"https:\/\/pasaenmendoza.com\/index.php?rest_route=%2Fwp%2Fv2%2Fmedia&parent=6769"}],"wp:term":[{"taxonomy":"category","embeddable":true,"href":"https:\/\/pasaenmendoza.com\/index.php?rest_route=%2Fwp%2Fv2%2Fcategories&post=6769"},{"taxonomy":"post_tag","embeddable":true,"href":"https:\/\/pasaenmendoza.com\/index.php?rest_route=%2Fwp%2Fv2%2Ftags&post=6769"}],"curies":[{"name":"wp","href":"https:\/\/api.w.org\/{rel}","templated":true}]}}