{"id":677,"date":"2023-08-14T14:50:01","date_gmt":"2023-08-14T12:50:01","guid":{"rendered":"https:\/\/pasaenmendoza.com\/?p=677"},"modified":"2023-08-14T14:50:02","modified_gmt":"2023-08-14T12:50:02","slug":"la-casona-lopez-frugoni-icono-de-la-calle-emilio-civit-ya-es-patrimonio-de-la-provincia","status":"publish","type":"post","link":"https:\/\/pasaenmendoza.com\/?p=677","title":{"rendered":"La casona L\u00f3pez Frugoni, \u00edcono de la calle Emilio Civit, ya es patrimonio de la Provincia"},"content":{"rendered":"\n<p>Quien se haya dirigido hacia los portones del Parque General San Mart\u00edn por la calle Emilio Civit debe haberse topado alguna vez con la imponente\u00a0<strong>mansi\u00f3n L\u00f3pez Frugoni<\/strong>.<\/p>\n\n\n\n<p>Ubicada en la\u00a0<strong>esquina de esta avenida y la calle Paso de los Andes<\/strong>, en la 5\u00aa secci\u00f3n, la casona,\u00a0<strong>obra\u00a0<\/strong>del arquitecto\u00a0<strong>Daniel Ramos Correas<\/strong>\u00a0y del\u00a0<strong>ingeniero\u00a0<\/strong>-y quien fue due\u00f1o de esta propiedad-\u00a0<strong>Emilio L\u00f3pez Frugoni<\/strong>, es un \u00edcono del\u00a0<strong>patrimonio urbano<\/strong>\u00a0de la Ciudad de Mendoza.<\/p>\n\n\n\n<p>Diario UNO consult\u00f3 con la arquitecta e investigadora Silvia Cirvini, quien explic\u00f3 cu\u00e1l es el valor hist\u00f3rico y cultural que tiene este edficio, declarado\u00a0<strong>bien arquitect\u00f3nico de la Provincia.<\/strong><\/p>\n\n\n\n<h2 class=\"wp-block-heading\">Una casa de estilo neocolonial<\/h2>\n\n\n\n<p>La casa L\u00f3pez Frugoni fue construida en 1927 por el arquitecto\u00a0<strong>Ramos Correas y Emilio L\u00f3pez Frugoni.<\/strong><\/p>\n\n\n\n<p>Cirvini explic\u00f3 que su estilo es neocolonial, y a diferencia de la casa Arenas -ubicada en Boulogne Sur Mer y Emilio Civit y realizada tambi\u00e9n por Ramos Correas y L\u00f3pez Frugoni- es de arquitectura m\u00e1s sencilla. Si bien tiene numerosos ornamentos y balcones, la casa L\u00f3pez Frugoni se diferencia de la casa Arenas porque esta \u00faltima, es de estilo neoplateresco.<\/p>\n\n\n\n<p>&#8220;Como muchas de las mansiones de&nbsp;<strong>calle Emilio Civit,<\/strong>&nbsp;son muy dif\u00edciles de mantener en la actualidad, eran casas pensadas para otro estilo de vida, tienen muchos ambientes y jardines. No son para el tipo de vida actual&#8221;.<\/p>\n\n\n\n<p>Por este motivo, la intervenci\u00f3n del Estado es fundamental, para que estos bienes patrimoniales y culturales no se pierdan.<\/p>\n\n\n\n<p>&#8220;Como muchas de las mansiones de&nbsp;<strong>calle Emilio Civit,<\/strong>&nbsp;son muy dif\u00edciles de mantener en la actualidad, eran casas pensadas para otro estilo de vida, tienen muchos ambientes y jardines. No son para el tipo de vida actual&#8221;.<\/p>\n\n\n\n<p>Por este motivo, la intervenci\u00f3n del Estado es fundamental, para que estos bienes patrimoniales y culturales no se pierdan.<\/p>\n\n\n\n<p>Entre los motivos por los que se la\u00a0<strong>declara bien patrimonial arquitect\u00f3nico de Mendoza<\/strong>, adem\u00e1s del valor que tiene en si misma, la mansi\u00f3n L\u00f3pez Frugoni oficia de ingreso al Parque General San Mart\u00edn, y tal y como lo dice el decreto, &#8220;le otorga a la propiedad un entorno de alto valor paisaj\u00edstico y ambiental&#8221;.<\/p>\n\n\n\n<h2 class=\"wp-block-heading\">Acerca de los creadores, Ramos Correas y L\u00f3pez Frugoni<\/h2>\n\n\n\n<p>Daniel Ramos Correas fue una de las m\u00e1ximas figuras de la cultura arquitect\u00f3nica y paisaj\u00edstica de Mendoza en el siglo XX.<\/p>\n\n\n\n<p>Es el creador de importantes edificios que son \u00edconos de la Ciudad de Mendoza. En el centro, realiz\u00f3 el dise\u00f1o del tradicional edificio frente a la escuela Patricias Mendocinas, donde funciona la asocaci\u00f3n Civil Cultural de Cuyo, el\u00a0<strong>Hotel Argentino<\/strong>\u00a0-en la calle Espejo, frente a la Plaza Independencia- y su\u00a0<strong>propia casa<\/strong>, en la esquina de\u00a0<strong>Espejo y Per\u00fa<\/strong>.<\/p>\n\n\n\n<p>Sobre la\u00a0<strong>calle Emilio Civit<\/strong>\u00a0hay una\u00a0<strong>casa\u00a0<\/strong>m\u00e1s, adem\u00e1s de la\u00a0<strong>Arenas y la L\u00f3pez Frugoni,\u00a0<\/strong>que lleva la firma de Ramos Correas: l<strong>a mansi\u00f3n Moyano,<\/strong>\u00a0en la esquina de esta calle y Olascoaga. Fue propiedad de Ces\u00e1reo Moyano, un exintendente de la Ciudad. All\u00ed funcion\u00f3 durante muchos a\u00f1os el Consulado de Chile.<\/p>\n\n\n\n<p>Como director de Parques, cargo que tuvo desde 1938 hasta 1943,&nbsp;<strong>Ramos Correas remodel\u00f3 la Plaza Independencia<\/strong>, dise\u00f1\u00f3 el&nbsp;<strong>Parque C\u00edvico<\/strong>,&nbsp;<strong>traslad\u00f3 el ex zool\u00f3gico<\/strong>&nbsp;al Cerro de la Gloria (antes se ubicaba donde est\u00e1 la rotonda de Monse\u00f1or Orzali) el&nbsp;<strong>teatro<\/strong>&nbsp;<strong>Pulgarcito<\/strong>&nbsp;y el&nbsp;<strong>teatro griego Frank Romero Day.<\/strong><\/p>\n\n\n\n<p><strong>Emilio L\u00f3pez Frugoni<\/strong>\u00a0fue un destacado profesional y\u00a0<strong>socio de Ramos Correas. Juntos hicieron muchas de las ic\u00f3nicas obras\u00a0<\/strong>mencionadas. Adem\u00e1s, fue ministro de Industria y Obras P\u00fablicas de Mendoza y director de Vialidad Nacional.<\/p>\n\n\n\n<p><strong>Fuente: www.diariouno.com.ar<\/strong><\/p>\n","protected":false},"excerpt":{"rendered":"<p>Quien se haya dirigido hacia los portones del Parque General San Mart\u00edn por la calle Emilio Civit debe haberse topado alguna vez con la imponente\u00a0mansi\u00f3n L\u00f3pez Frugoni. Ubicada en la\u00a0esquina de esta avenida y la calle Paso de los Andes, en la 5\u00aa secci\u00f3n, la casona,\u00a0obra\u00a0del arquitecto\u00a0Daniel Ramos Correas\u00a0y del\u00a0ingeniero\u00a0-y quien fue due\u00f1o de esta [&hellip;]<\/p>\n","protected":false},"author":2,"featured_media":678,"comment_status":"open","ping_status":"open","sticky":false,"template":"","format":"standard","meta":[],"categories":[50],"tags":[],"_links":{"self":[{"href":"https:\/\/pasaenmendoza.com\/index.php?rest_route=\/wp\/v2\/posts\/677"}],"collection":[{"href":"https:\/\/pasaenmendoza.com\/index.php?rest_route=\/wp\/v2\/posts"}],"about":[{"href":"https:\/\/pasaenmendoza.com\/index.php?rest_route=\/wp\/v2\/types\/post"}],"author":[{"embeddable":true,"href":"https:\/\/pasaenmendoza.com\/index.php?rest_route=\/wp\/v2\/users\/2"}],"replies":[{"embeddable":true,"href":"https:\/\/pasaenmendoza.com\/index.php?rest_route=%2Fwp%2Fv2%2Fcomments&post=677"}],"version-history":[{"count":1,"href":"https:\/\/pasaenmendoza.com\/index.php?rest_route=\/wp\/v2\/posts\/677\/revisions"}],"predecessor-version":[{"id":682,"href":"https:\/\/pasaenmendoza.com\/index.php?rest_route=\/wp\/v2\/posts\/677\/revisions\/682"}],"wp:featuredmedia":[{"embeddable":true,"href":"https:\/\/pasaenmendoza.com\/index.php?rest_route=\/wp\/v2\/media\/678"}],"wp:attachment":[{"href":"https:\/\/pasaenmendoza.com\/index.php?rest_route=%2Fwp%2Fv2%2Fmedia&parent=677"}],"wp:term":[{"taxonomy":"category","embeddable":true,"href":"https:\/\/pasaenmendoza.com\/index.php?rest_route=%2Fwp%2Fv2%2Fcategories&post=677"},{"taxonomy":"post_tag","embeddable":true,"href":"https:\/\/pasaenmendoza.com\/index.php?rest_route=%2Fwp%2Fv2%2Ftags&post=677"}],"curies":[{"name":"wp","href":"https:\/\/api.w.org\/{rel}","templated":true}]}}