{"id":6778,"date":"2024-04-15T15:34:29","date_gmt":"2024-04-15T13:34:29","guid":{"rendered":"https:\/\/pasaenmendoza.com\/?p=6778"},"modified":"2024-04-15T15:34:30","modified_gmt":"2024-04-15T13:34:30","slug":"macabro-hallazgo-de-una-cabeza-intacta-en-un-camino-de-las-heras","status":"publish","type":"post","link":"https:\/\/pasaenmendoza.com\/?p=6778","title":{"rendered":"Macabro hallazgo de una cabeza intacta en un camino de Las Heras"},"content":{"rendered":"\n<p>Primero pens\u00f3 que era una cabeza de mu\u00f1eca. Pero cuando se baj\u00f3 del auto en el que circulaba, se acerc\u00f3 a pocos metros y vio que hab\u00eda perros merodeando en el lugar,&nbsp;<strong>confirm\u00f3 que se trataba de una cabeza humana<\/strong>. Llam\u00f3 al 911 y personal policial de la jurisdicci\u00f3n lleg\u00f3 hasta la escena para comprobar lo que hab\u00edan detallado previamente en la&nbsp;<mark>zona de la planta de residuos de elementos patog\u00e9nicos de Capdevila, cerca de ruta 40, muy cerca del basural de Las Heras.<\/mark><\/p>\n\n\n\n<p>Los uniformados dieron aviso al Ministerio P\u00fablico y minutos despu\u00e9s\u00a0<strong>Polic\u00eda Cient\u00edfica\u00a0<\/strong>y la\u00a0<strong>Unidad Investigativa departamental\u00a0<\/strong>comenzaron a trabajar en el caso descubierto este domingo durante la siesta. Hasta este lunes por la ma\u00f1ana,\u00a0<strong>se desconoc\u00eda si el cr\u00e1neo pertenec\u00eda a una mujer o un var\u00f3n<\/strong>\u00a0pero, por algunos ex\u00e1menes preliminares forenses, fuentes judiciales y policiales coincidieron en una hip\u00f3tesis:\u00a0<em>\u201cPodr\u00eda pertenecer a una mujer\u201d<\/em>, deslizaron al ser consultadas por\u00a0<em><strong>El Sol<\/strong><\/em>.<\/p>\n\n\n\n<p>Agregaron que los restos se encontraban<em>\u00a0\u201cintactos\u201d\u00a0<\/em>para la extracci\u00f3n y preservaci\u00f3n de rastros gen\u00e9ticos para realizar un cotejo de ADN en caso de que lo requiera la autoridad judicial a cargo de la causa, deslizando que\u00a0<strong>podr\u00edan estar frente al inicio de una investigaci\u00f3n sobre asesinato.<\/strong><\/p>\n\n\n\n<p>La historia tuvo su inicio cuando&nbsp;<strong>un vigilador de 44 a\u00f1os lleg\u00f3 a las 15 para desarrollar sus labores en la planta<\/strong>&nbsp;y diez minutos despu\u00e9s inici\u00f3 un recorrido por el cierre perimetral. Lo hizo en un Fiat Cronos de la empresa de seguridad para la que trabaja.&nbsp;<mark>Cuando circulaba por el sector norte de la planta, observ\u00f3 un bulto en el medio de la calle y tambi\u00e9n algunos perros.<\/mark><\/p>\n\n\n\n<p><strong>Pens\u00f3 que se trataba de una cabeza de mu\u00f1eca, pero al descender y acercarse confirm\u00f3 que pertenec\u00eda a un humano<\/strong>. Los primeros polic\u00edas que llegaron hasta el lugar desplazados por el CEO desarrollaron un rastrillaje a pie en las inmediaciones para intentar dar con el resto del cuerpo. Sin embargo, no encontraron ning\u00fan otro tipo de se\u00f1ales que lleven al hallazgo del torso o las extremidades superiores o inferiores.<\/p>\n\n\n\n<p>El cr\u00e1neo, explicaron las fuentes de la Oficina Fiscal N\u00ba5, quienes trabajaron en el caso para solicitar las primeras medidas -llamativamente, no ordenaron b\u00fasqueda de las otras partes del cad\u00e1ver con canes-\u00a0<strong>presentaba color de pelo amarillo\u00a0<em>\u201cte\u00f1ido\u201d<\/em>\u00a0y la mayor\u00eda de las piezas dentales.<\/strong><\/p>\n\n\n\n<p><strong>Fuente: www.elsol.com.ar<\/strong><\/p>\n","protected":false},"excerpt":{"rendered":"<p>Primero pens\u00f3 que era una cabeza de mu\u00f1eca. Pero cuando se baj\u00f3 del auto en el que circulaba, se acerc\u00f3 a pocos metros y vio que hab\u00eda perros merodeando en el lugar,&nbsp;confirm\u00f3 que se trataba de una cabeza humana. Llam\u00f3 al 911 y personal policial de la jurisdicci\u00f3n lleg\u00f3 hasta la escena para comprobar lo [&hellip;]<\/p>\n","protected":false},"author":2,"featured_media":6779,"comment_status":"open","ping_status":"open","sticky":false,"template":"","format":"standard","meta":[],"categories":[48],"tags":[],"_links":{"self":[{"href":"https:\/\/pasaenmendoza.com\/index.php?rest_route=\/wp\/v2\/posts\/6778"}],"collection":[{"href":"https:\/\/pasaenmendoza.com\/index.php?rest_route=\/wp\/v2\/posts"}],"about":[{"href":"https:\/\/pasaenmendoza.com\/index.php?rest_route=\/wp\/v2\/types\/post"}],"author":[{"embeddable":true,"href":"https:\/\/pasaenmendoza.com\/index.php?rest_route=\/wp\/v2\/users\/2"}],"replies":[{"embeddable":true,"href":"https:\/\/pasaenmendoza.com\/index.php?rest_route=%2Fwp%2Fv2%2Fcomments&post=6778"}],"version-history":[{"count":1,"href":"https:\/\/pasaenmendoza.com\/index.php?rest_route=\/wp\/v2\/posts\/6778\/revisions"}],"predecessor-version":[{"id":6780,"href":"https:\/\/pasaenmendoza.com\/index.php?rest_route=\/wp\/v2\/posts\/6778\/revisions\/6780"}],"wp:featuredmedia":[{"embeddable":true,"href":"https:\/\/pasaenmendoza.com\/index.php?rest_route=\/wp\/v2\/media\/6779"}],"wp:attachment":[{"href":"https:\/\/pasaenmendoza.com\/index.php?rest_route=%2Fwp%2Fv2%2Fmedia&parent=6778"}],"wp:term":[{"taxonomy":"category","embeddable":true,"href":"https:\/\/pasaenmendoza.com\/index.php?rest_route=%2Fwp%2Fv2%2Fcategories&post=6778"},{"taxonomy":"post_tag","embeddable":true,"href":"https:\/\/pasaenmendoza.com\/index.php?rest_route=%2Fwp%2Fv2%2Ftags&post=6778"}],"curies":[{"name":"wp","href":"https:\/\/api.w.org\/{rel}","templated":true}]}}