{"id":6785,"date":"2024-04-15T15:43:20","date_gmt":"2024-04-15T13:43:20","guid":{"rendered":"https:\/\/pasaenmendoza.com\/?p=6785"},"modified":"2024-04-15T15:43:23","modified_gmt":"2024-04-15T13:43:23","slug":"grave-accidente-con-heridos-entre-un-micro-y-un-camion-en-el-acceso-este","status":"publish","type":"post","link":"https:\/\/pasaenmendoza.com\/?p=6785","title":{"rendered":"Grave accidente con heridos entre un micro y un cami\u00f3n en el Acceso Este"},"content":{"rendered":"\n<p>&nbsp;Un&nbsp;<strong>fuerte accidente de tr\u00e1nsito&nbsp;<\/strong>tuvo lugar a primera hora de la ma\u00f1ana en&nbsp; el&nbsp;<strong>Acceso Este<\/strong>, cuando&nbsp;<strong>un colectivo impact\u00f3 de atr\u00e1s a un cami\u00f3n<\/strong>, con un saldo de varios heridos. Hay intenso caos vehicular en la zona.<\/p>\n\n\n\n<p>Seg\u00fan las primeras reconstrucciones, el colectivo, que transportaba gran cantidad de pasajeros, habr\u00eda impactado de atr\u00e1s al cami\u00f3n, debido a que el rodado mayor fren\u00f3 de pronto, por otro accidente producido metros m\u00e1s adelante.\u00a0<\/p>\n\n\n\n<p>El cami\u00f3n transportaba carne y es oriundo de Paraguay. El siniestro ocurri\u00f3 a las 07:25 de este lunes y tuvo lugar en Acceso Este, a la altura de calle&nbsp;<strong>Tirasso, en Guaymall\u00e9n<\/strong>, en la mano que va hacia la Ciudad de Mendoza.&nbsp; &nbsp;<\/p>\n\n\n\n<p>Producto del impacto,&nbsp;<strong>varios pasajeros&nbsp;<\/strong>del interno 71 de la empresa Dicetours&nbsp;<strong>sufrieron lesiones menores&nbsp;<\/strong>y est\u00e1n siendo atendidos en el lugar por ambulancias que fueron desplazadas a la ubicaci\u00f3n. Algunos de los pasajeros eran polic\u00edas y agentes penitenciarios que viajaban a prestar servicios.&nbsp;<\/p>\n\n\n\n<p>Seg\u00fan el parte oficial, hubo 9 heridos, entre ellos cinco oficiales de polic\u00eda, tres agentes penitenciarios y un militar, que se dirig\u00edan a sus respectivos lugares de trabajo. Todos los heridos sufrieron politraumatismos leves y fueron trasladados a la Cl\u00ednica Francesa.\u00a0<\/p>\n\n\n\n<p><strong>El colectivo proven\u00eda del departamento de La Paz<\/strong>\u00a0y ten\u00eda como destino la Ciudad de Mendoza.<\/p>\n\n\n\n<p>En el lugar trabajan polic\u00eda y agentes de tr\u00e1nsito de Guaymall\u00e9n para controlar y derivar el flujo vehicular, adem\u00e1s de servicios de emergencia en el lugar del accidente.\u00a0<\/p>\n\n\n\n<p><strong>Fuente: www.mendozapost.com<\/strong><\/p>\n","protected":false},"excerpt":{"rendered":"<p>&nbsp;Un&nbsp;fuerte accidente de tr\u00e1nsito&nbsp;tuvo lugar a primera hora de la ma\u00f1ana en&nbsp; el&nbsp;Acceso Este, cuando&nbsp;un colectivo impact\u00f3 de atr\u00e1s a un cami\u00f3n, con un saldo de varios heridos. Hay intenso caos vehicular en la zona. Seg\u00fan las primeras reconstrucciones, el colectivo, que transportaba gran cantidad de pasajeros, habr\u00eda impactado de atr\u00e1s al cami\u00f3n, debido a [&hellip;]<\/p>\n","protected":false},"author":2,"featured_media":6786,"comment_status":"open","ping_status":"open","sticky":false,"template":"","format":"standard","meta":[],"categories":[48],"tags":[],"_links":{"self":[{"href":"https:\/\/pasaenmendoza.com\/index.php?rest_route=\/wp\/v2\/posts\/6785"}],"collection":[{"href":"https:\/\/pasaenmendoza.com\/index.php?rest_route=\/wp\/v2\/posts"}],"about":[{"href":"https:\/\/pasaenmendoza.com\/index.php?rest_route=\/wp\/v2\/types\/post"}],"author":[{"embeddable":true,"href":"https:\/\/pasaenmendoza.com\/index.php?rest_route=\/wp\/v2\/users\/2"}],"replies":[{"embeddable":true,"href":"https:\/\/pasaenmendoza.com\/index.php?rest_route=%2Fwp%2Fv2%2Fcomments&post=6785"}],"version-history":[{"count":1,"href":"https:\/\/pasaenmendoza.com\/index.php?rest_route=\/wp\/v2\/posts\/6785\/revisions"}],"predecessor-version":[{"id":6787,"href":"https:\/\/pasaenmendoza.com\/index.php?rest_route=\/wp\/v2\/posts\/6785\/revisions\/6787"}],"wp:featuredmedia":[{"embeddable":true,"href":"https:\/\/pasaenmendoza.com\/index.php?rest_route=\/wp\/v2\/media\/6786"}],"wp:attachment":[{"href":"https:\/\/pasaenmendoza.com\/index.php?rest_route=%2Fwp%2Fv2%2Fmedia&parent=6785"}],"wp:term":[{"taxonomy":"category","embeddable":true,"href":"https:\/\/pasaenmendoza.com\/index.php?rest_route=%2Fwp%2Fv2%2Fcategories&post=6785"},{"taxonomy":"post_tag","embeddable":true,"href":"https:\/\/pasaenmendoza.com\/index.php?rest_route=%2Fwp%2Fv2%2Ftags&post=6785"}],"curies":[{"name":"wp","href":"https:\/\/api.w.org\/{rel}","templated":true}]}}