{"id":6788,"date":"2024-04-16T00:12:08","date_gmt":"2024-04-15T22:12:08","guid":{"rendered":"https:\/\/pasaenmendoza.com\/?p=6788"},"modified":"2024-04-16T00:12:09","modified_gmt":"2024-04-15T22:12:09","slug":"tadeo-invertira-2-900-millones-en-arreglar-450-escuelas-mientras-espera-fondos-nacionales","status":"publish","type":"post","link":"https:\/\/pasaenmendoza.com\/?p=6788","title":{"rendered":"Tadeo invertir\u00e1 $2.900 millones en arreglar 450 escuelas mientras espera fondos nacionales"},"content":{"rendered":"\n<p>Mientras mantiene la esperanza de que en alg\u00fan momento\u00a0<strong>aparezcan unos $18.000 millones que la Naci\u00f3n le adeuda a Mendoza,<\/strong>\u00a0el ministro de Educaci\u00f3n,\u00a0<strong>Tadeo Garc\u00eda Zalazar dispuso invertir $2.900 millones en distintos arreglos de escuelas<\/strong>\u00a0del Gran Mendoza, Valle de Uco y San Rafael.<\/p>\n\n\n\n<p>Seg\u00fan apuntaron desde la Subsecretar\u00eda de Infraestructura Escolar, ya se lanz\u00f3 el llamado a licitaci\u00f3n para comenzar con los trabajos de<strong>&nbsp;instalaci\u00f3n de gas, remodelaci\u00f3n y ampliaci\u00f3n que se reunir\u00e1n en 9 paquetes que incluyen a unas 50 escuelas cada uno.<\/strong><\/p>\n\n\n\n<p>Los trabajos se comenzar\u00edan a fines de mayo, por lo que est\u00e1 previsto que la apertura de las&nbsp;<strong>licitaciones se haga entre el 2 y 3 de mayo,&nbsp;<\/strong>y tienen un plazo de ejecuci\u00f3n de 450 d\u00edas corridos.<\/p>\n\n\n\n<p>\u201cSon alrededor de\u00a0<strong>450 escuelas las que vamos a intervenir<\/strong>. Nuestro objetivo es seguir cambiando el modo de intervenci\u00f3n en los edificios escolares. Tenemos previsto comenzar estas obras a fines de mayo y concluirlas lo antes posible\u201d, se\u00f1al\u00f3 el subsecretario Carlos Daparo.<\/p>\n\n\n\n<p><strong>Qu\u00e9 fondos espera Tadeo que lleguen de la Naci\u00f3n<\/strong><\/p>\n\n\n\n<p>La semana pasada el ministro de Educaci\u00f3n, Tadeo Garc\u00eda Zalazar y el gobernador Alfredo Cornejo decidieron avanzar con el reclamo a la Naci\u00f3n de $18.000 millones, que es la deuda que Javier Milei mantiene con Mendoza.<\/p>\n\n\n\n<p>Pedir\u00e1n un 20% m\u00e1s de lo que se hab\u00eda reclamado originalmente en ese rubro:&nbsp;<strong>$18.000 millones en vez de $15.000 millones,&nbsp;<\/strong>porque solicitar\u00e1n un tramo -antes no mencionado- que corresponde a las cl\u00e1usulas de garant\u00eda de los educadores.<\/p>\n\n\n\n<p><strong>\u00bfQu\u00e9 son esas cl\u00e1usulas?&nbsp;<\/strong>B\u00e1sicamente hay un piso salarial a nivel pa\u00eds y otro en la provincia. La diferencia entre una base y la otra, para no perjudicar a los docentes mendocinos o de cualquier provincia-&nbsp;<strong>debe ponerla Naci\u00f3n<\/strong>.<\/p>\n\n\n\n<p>El asunto es que<strong>&nbsp;en el \u00faltimo tramo del 2023, Gobierno denuncia que no se envi\u00f3 nada<\/strong>&nbsp;de eso y es all\u00ed donde se elev\u00f3 a $10.500 millones la cifra por tales menesteres. El resto<strong>&nbsp;($7.500 millones)&nbsp;<\/strong>resulta de otra deuda: la del&nbsp;<strong>Fondo Nacional de Incentivo Docente (FONID)<\/strong>. Aunque Milei ya decidi\u00f3 que ese recurso no existe m\u00e1s y la Provincia asegura que se hizo cargo de incluirlo en la paritaria<strong>&nbsp;(cuestionado esto por los gremios)<\/strong>, el pedido es que a Mendoza lleguen pagos de octubre, noviembre, diciembre y&nbsp;<strong>enero de 2024.<\/strong><\/p>\n\n\n\n<h2 class=\"wp-block-heading\"><strong>D\u00f3nde deber\u00e1n presentarse los oferentes para hacer los arreglos<\/strong><\/h2>\n\n\n\n<p>En el caso de las\u00a0<strong>escuelas del Gran Mendoza y el Valle de Uco<\/strong>, el acto de recepci\u00f3n y apertura de las ofertas se realizar\u00e1 en el \u00e1rea de\u00a0<strong>Licitaciones de la Subsecretar\u00eda de Infraestructura Escolar<\/strong>, ubicada en la calle Belgrano Oeste 210, Planta Baja, Capital, Mendoza. En tanto, la consulta y entrega de pliegos se debe hacer v\u00eda mail a los correos de\u00a0epastorino@mendoza.gov.ar\u00a0y\u00a0msgonzalez@mendoza.gov.ar.<\/p>\n\n\n\n<p>Por su parte, en lo que respecta a las\u00a0<strong>obras en San Rafael,<\/strong>\u00a0la consulta y entrega de pliegos se deber\u00e1 hacer a los correos\u00a0epastorino@mendoza.gov.ar\u00a0y\u00a0raulgnavarro@mendoza.gov.ar. Mientras que la recepci\u00f3n y apertura de las propuestas se realizar\u00e1 en la Delegaci\u00f3n Regional de San Rafael de la Subsecretar\u00eda de Infraestructura Escolar, ubicada en la calle Juan Bautista Alberdi 37, de San Rafael.<\/p>\n\n\n\n<p><strong>Fuente: www.diariouno.com.ar<\/strong><\/p>\n","protected":false},"excerpt":{"rendered":"<p>Mientras mantiene la esperanza de que en alg\u00fan momento\u00a0aparezcan unos $18.000 millones que la Naci\u00f3n le adeuda a Mendoza,\u00a0el ministro de Educaci\u00f3n,\u00a0Tadeo Garc\u00eda Zalazar dispuso invertir $2.900 millones en distintos arreglos de escuelas\u00a0del Gran Mendoza, Valle de Uco y San Rafael. Seg\u00fan apuntaron desde la Subsecretar\u00eda de Infraestructura Escolar, ya se lanz\u00f3 el llamado a [&hellip;]<\/p>\n","protected":false},"author":2,"featured_media":6789,"comment_status":"open","ping_status":"open","sticky":false,"template":"","format":"standard","meta":[],"categories":[56],"tags":[],"_links":{"self":[{"href":"https:\/\/pasaenmendoza.com\/index.php?rest_route=\/wp\/v2\/posts\/6788"}],"collection":[{"href":"https:\/\/pasaenmendoza.com\/index.php?rest_route=\/wp\/v2\/posts"}],"about":[{"href":"https:\/\/pasaenmendoza.com\/index.php?rest_route=\/wp\/v2\/types\/post"}],"author":[{"embeddable":true,"href":"https:\/\/pasaenmendoza.com\/index.php?rest_route=\/wp\/v2\/users\/2"}],"replies":[{"embeddable":true,"href":"https:\/\/pasaenmendoza.com\/index.php?rest_route=%2Fwp%2Fv2%2Fcomments&post=6788"}],"version-history":[{"count":1,"href":"https:\/\/pasaenmendoza.com\/index.php?rest_route=\/wp\/v2\/posts\/6788\/revisions"}],"predecessor-version":[{"id":6790,"href":"https:\/\/pasaenmendoza.com\/index.php?rest_route=\/wp\/v2\/posts\/6788\/revisions\/6790"}],"wp:featuredmedia":[{"embeddable":true,"href":"https:\/\/pasaenmendoza.com\/index.php?rest_route=\/wp\/v2\/media\/6789"}],"wp:attachment":[{"href":"https:\/\/pasaenmendoza.com\/index.php?rest_route=%2Fwp%2Fv2%2Fmedia&parent=6788"}],"wp:term":[{"taxonomy":"category","embeddable":true,"href":"https:\/\/pasaenmendoza.com\/index.php?rest_route=%2Fwp%2Fv2%2Fcategories&post=6788"},{"taxonomy":"post_tag","embeddable":true,"href":"https:\/\/pasaenmendoza.com\/index.php?rest_route=%2Fwp%2Fv2%2Ftags&post=6788"}],"curies":[{"name":"wp","href":"https:\/\/api.w.org\/{rel}","templated":true}]}}