{"id":679,"date":"2023-08-14T14:48:02","date_gmt":"2023-08-14T12:48:02","guid":{"rendered":"https:\/\/pasaenmendoza.com\/?p=679"},"modified":"2023-08-14T14:48:03","modified_gmt":"2023-08-14T12:48:03","slug":"pronostico-en-mendoza-ascenso-de-la-temperatura-y-regresa-el-zonda","status":"publish","type":"post","link":"https:\/\/pasaenmendoza.com\/?p=679","title":{"rendered":"Pron\u00f3stico en Mendoza: ascenso de la temperatura y regresa el Zonda"},"content":{"rendered":"\n<p>La semana arranca con poca nubosidad y ascenso de la temperatura en el Gran Mendoza. Para este lunes,\u00a0<mark>la m\u00ednima est\u00e1 prevista en 5 grados y la m\u00e1xima podr\u00eda llegar a los 25.<\/mark><\/p>\n\n\n\n<p>Para el\u00a0<strong>martes<\/strong>, el\u00a0<strong>Servicio Meteorol\u00f3gico Nacional (SMN)<\/strong>\u00a0pronostica\u00a0<mark>efecto\u00a0<strong>Zonda<\/strong>\u00a0en altura,\u00a0<\/mark>cielo algo nublado y leve ascenso de la temperatura, que ir\u00e1 de los\u00a0<mark>8 a los 27 grados.<\/mark><\/p>\n\n\n\n<p>El\u00a0<strong>mi\u00e9rcoles<\/strong>\u00a0estar\u00e1 ventoso e ingresa un frente fr\u00edo.\u00a0<mark>La m\u00ednima ser\u00e1 de 8 grados y la m\u00e1xima de 23.<\/mark><\/p>\n\n\n\n<p>El j<strong>ueves<\/strong>\u00a0s\u00ed bajar\u00e1n los registros t\u00e9rmicos.\u00a0<mark>La m\u00ednima ser\u00e1 de 5 grados y la m\u00e1xima de 17.<\/mark><\/p>\n\n\n\n<p><strong>La situaci\u00f3n en alta monta\u00f1a<\/strong><\/p>\n\n\n\n<p>El\u00a0<strong>Sistema Integrado Cristo Redentor<\/strong>\u00a0se encuentra\u00a0<mark>habilitado<\/mark>\u00a0para todo tipo de veh\u00edculo, de 9 a 21.<\/p>\n\n\n\n<p>El\u00a0<strong>paso Pehuenche<\/strong>\u00a0est\u00e1\u00a0<mark>cerrado<\/mark>\u00a0por tiempo indeterminado.<\/p>\n\n\n\n<p><strong>Fuente: www.elsol.com.ar<\/strong><\/p>\n","protected":false},"excerpt":{"rendered":"<p>La semana arranca con poca nubosidad y ascenso de la temperatura en el Gran Mendoza. Para este lunes,\u00a0la m\u00ednima est\u00e1 prevista en 5 grados y la m\u00e1xima podr\u00eda llegar a los 25. Para el\u00a0martes, el\u00a0Servicio Meteorol\u00f3gico Nacional (SMN)\u00a0pronostica\u00a0efecto\u00a0Zonda\u00a0en altura,\u00a0cielo algo nublado y leve ascenso de la temperatura, que ir\u00e1 de los\u00a08 a los 27 grados. [&hellip;]<\/p>\n","protected":false},"author":2,"featured_media":680,"comment_status":"open","ping_status":"open","sticky":false,"template":"","format":"standard","meta":[],"categories":[52],"tags":[],"_links":{"self":[{"href":"https:\/\/pasaenmendoza.com\/index.php?rest_route=\/wp\/v2\/posts\/679"}],"collection":[{"href":"https:\/\/pasaenmendoza.com\/index.php?rest_route=\/wp\/v2\/posts"}],"about":[{"href":"https:\/\/pasaenmendoza.com\/index.php?rest_route=\/wp\/v2\/types\/post"}],"author":[{"embeddable":true,"href":"https:\/\/pasaenmendoza.com\/index.php?rest_route=\/wp\/v2\/users\/2"}],"replies":[{"embeddable":true,"href":"https:\/\/pasaenmendoza.com\/index.php?rest_route=%2Fwp%2Fv2%2Fcomments&post=679"}],"version-history":[{"count":1,"href":"https:\/\/pasaenmendoza.com\/index.php?rest_route=\/wp\/v2\/posts\/679\/revisions"}],"predecessor-version":[{"id":681,"href":"https:\/\/pasaenmendoza.com\/index.php?rest_route=\/wp\/v2\/posts\/679\/revisions\/681"}],"wp:featuredmedia":[{"embeddable":true,"href":"https:\/\/pasaenmendoza.com\/index.php?rest_route=\/wp\/v2\/media\/680"}],"wp:attachment":[{"href":"https:\/\/pasaenmendoza.com\/index.php?rest_route=%2Fwp%2Fv2%2Fmedia&parent=679"}],"wp:term":[{"taxonomy":"category","embeddable":true,"href":"https:\/\/pasaenmendoza.com\/index.php?rest_route=%2Fwp%2Fv2%2Fcategories&post=679"},{"taxonomy":"post_tag","embeddable":true,"href":"https:\/\/pasaenmendoza.com\/index.php?rest_route=%2Fwp%2Fv2%2Ftags&post=679"}],"curies":[{"name":"wp","href":"https:\/\/api.w.org\/{rel}","templated":true}]}}