{"id":6791,"date":"2024-04-16T00:18:03","date_gmt":"2024-04-15T22:18:03","guid":{"rendered":"https:\/\/pasaenmendoza.com\/?p=6791"},"modified":"2024-04-16T00:18:05","modified_gmt":"2024-04-15T22:18:05","slug":"gobierno-analiza-fijar-en-550-o-menos-el-nuevo-boleto-de-colectivo-en-mendoza","status":"publish","type":"post","link":"https:\/\/pasaenmendoza.com\/?p=6791","title":{"rendered":"Gobierno analiza fijar en $550 o menos el nuevo boleto de colectivo en Mendoza"},"content":{"rendered":"\n<p>El Gobierno de la provincia confirm\u00f3 que est\u00e1 estudiando fijar el\u00a0<strong>boleto\u00a0<\/strong>de\u00a0<strong>colectivo\u00a0<\/strong>en<strong>\u00a0$550\u00a0<\/strong>cuando se haga efectivo el pr\u00f3ximo incremento de tarifas. As\u00ed lo expresaron a Diario UNO este lunes, dos semanas despu\u00e9s de la audiencia p\u00fablica en la que comenzaron a discutirse nuevos valores para el transporte p\u00fablico. Ser\u00eda implementado a antes de que comience mayo, aunque restan procesos administrativos.<\/p>\n\n\n\n<p><strong>&#8220;No es informaci\u00f3n oficial la difundida sobre $550 pesos.\u00a0<\/strong>Es una de las cifras que se est\u00e1n analizando, pero est\u00e1 entre otras alternativas&#8221;, comentaron desde Transporte. De hecho hay una chance de que el n\u00famero sea menor y tambi\u00e9n es una de las posibilidades. &#8220;Nada est\u00e1 descartado, pero tampoco mucho menos que eso&#8221;, especificaron.<\/p>\n\n\n\n<p>Lo que s\u00ed ya est\u00e1 definido&nbsp;<strong>es que se aplicar\u00e1 a todas las \u00e1reas urbanas de la provincia por igual<\/strong>&nbsp;e impactar\u00e1 el mismo d\u00eda. Ahora deber\u00e1n finalizar el proceso administrativo, que entre otros avances necesita el&nbsp;<strong>dictamen final de Asesor\u00eda y Fiscal\u00eda de Estado.&nbsp;<\/strong>Seg\u00fan supo este diario, en esas dependencias&nbsp;<strong>no hab\u00eda constancia&nbsp;<\/strong>hasta la media ma\u00f1ana de hoy de que se hubiese completado el env\u00edo de los&nbsp;<strong>expedientes<\/strong>.<\/p>\n\n\n\n<p>El Ejecutivo estima que l<strong>a fecha en que ser\u00e1 oficializada la nueva cifra<\/strong>, ya con publicaci\u00f3n en el Bolet\u00edn incluida, ser\u00e1 cercana al\u00a0<strong>viernes 3 de mayo<\/strong>. De acuerdo a sus c\u00e1lculos, el tr\u00e1mite estar\u00e1 finalizado dentro de 15 a 20 d\u00edas, por lo que\u00a0<strong>los $200 pesos\u00a0<\/strong>que se pagan actualmente habr\u00e1n durado un trimestre: febrero, marzo y abril.<\/p>\n\n\n\n<p><strong>Si se confirma ese valor de base ubicado en los $550, se tratar\u00e1 de un 175%\u00a0<\/strong>de incremento sobre los precios actuales, que va a impactar de una sola vez. El recorrido a su vez seguir\u00e1 contando con abonos especiales y<strong>\u00a0trasbordo gratuito,<\/strong>\u00a0que desde a\u00f1os se aplica si el segundo colectivo se toma antes de los<strong>\u00a090 minutos posteriores al primer viaje.<\/strong><\/p>\n\n\n\n<h2 class=\"wp-block-heading\"><strong>Mendoza se har\u00e1 cargo de pagar todo el sistema<\/strong><\/h2>\n\n\n\n<p>El propio gobernador&nbsp;<strong>Alfredo Cornejo<\/strong>&nbsp;les garantiz\u00f3 a los suyos d\u00edas atr\u00e1s que &#8220;de ninguna manera&#8221; la cifra iba a tocar los mil pesos, como s\u00ed est\u00e1 ocurriendo en otras provincias. Al mismo tiempo, el mandatario lanz\u00f3 un mensaje a nivel nacional afirmando que estaba dispuesto a hacerse cargo<strong>&nbsp;al 100% de los costos<\/strong>, entendiendo que ya no habr\u00e1 subsidios desde Casa Rosada.<\/p>\n\n\n\n<p><strong>La audiencia p\u00fablica se hizo el pasado 27 de marzo y<\/strong>&nbsp;en ella se compartieron detalles sobre los gastos. Entre otros puntos fundamentales, el Gobierno explic\u00f3 que los&nbsp;<strong>costos&nbsp;<\/strong>para mantener el mecanismo en funcionamiento<strong>&nbsp;subieron por encima del 100%<\/strong>&nbsp;en el arranque del a\u00f1o, sobre todo a ra\u00edz de los \u00faltimos aumentos del combustible.<\/p>\n\n\n\n<p>As\u00ed comenz\u00f3 a diagramarse esta nueva&nbsp;<strong>suba, tras el 185,7%&nbsp;<\/strong>de incremento que se hab\u00eda impuesto en cuatro tramos durante el final de la gesti\u00f3n de<strong>&nbsp;Rodolfo Suarez y que llev\u00f3 el boleto desde $160 a $200&nbsp;<\/strong>a principios de febrero.<\/p>\n\n\n\n<p>Desde Naci\u00f3n las medidas pueden resumirse en dos durante el \u00faltimo trimestre. Primero, la administraci\u00f3n de\u00a0<strong>Javier Milei elimin\u00f3 el Fondo Compensador,<\/strong>\u00a0a trav\u00e9s del cual las provincias recib\u00edan los subsidios al transporte p\u00fablico. M\u00e1s tarde se anunci\u00f3 que seguir\u00edan llegando subsidios pero a trav\u00e9s del sistema SUBE, para paliar las necesidades de los sectores m\u00e1s vulnerables. Sin embargo,\u00a0<strong>no en todas las regiones de la provincia se aplica ese mecanismo, por lo cual esos viajeros quedaron fuera<\/strong>\u00a0del beneficio.<\/p>\n\n\n\n<p><strong>Fuente: www.diariouno.com.ar<\/strong><\/p>\n","protected":false},"excerpt":{"rendered":"<p>El Gobierno de la provincia confirm\u00f3 que est\u00e1 estudiando fijar el\u00a0boleto\u00a0de\u00a0colectivo\u00a0en\u00a0$550\u00a0cuando se haga efectivo el pr\u00f3ximo incremento de tarifas. As\u00ed lo expresaron a Diario UNO este lunes, dos semanas despu\u00e9s de la audiencia p\u00fablica en la que comenzaron a discutirse nuevos valores para el transporte p\u00fablico. Ser\u00eda implementado a antes de que comience mayo, aunque [&hellip;]<\/p>\n","protected":false},"author":2,"featured_media":6792,"comment_status":"open","ping_status":"open","sticky":false,"template":"","format":"standard","meta":[],"categories":[80],"tags":[],"_links":{"self":[{"href":"https:\/\/pasaenmendoza.com\/index.php?rest_route=\/wp\/v2\/posts\/6791"}],"collection":[{"href":"https:\/\/pasaenmendoza.com\/index.php?rest_route=\/wp\/v2\/posts"}],"about":[{"href":"https:\/\/pasaenmendoza.com\/index.php?rest_route=\/wp\/v2\/types\/post"}],"author":[{"embeddable":true,"href":"https:\/\/pasaenmendoza.com\/index.php?rest_route=\/wp\/v2\/users\/2"}],"replies":[{"embeddable":true,"href":"https:\/\/pasaenmendoza.com\/index.php?rest_route=%2Fwp%2Fv2%2Fcomments&post=6791"}],"version-history":[{"count":1,"href":"https:\/\/pasaenmendoza.com\/index.php?rest_route=\/wp\/v2\/posts\/6791\/revisions"}],"predecessor-version":[{"id":6793,"href":"https:\/\/pasaenmendoza.com\/index.php?rest_route=\/wp\/v2\/posts\/6791\/revisions\/6793"}],"wp:featuredmedia":[{"embeddable":true,"href":"https:\/\/pasaenmendoza.com\/index.php?rest_route=\/wp\/v2\/media\/6792"}],"wp:attachment":[{"href":"https:\/\/pasaenmendoza.com\/index.php?rest_route=%2Fwp%2Fv2%2Fmedia&parent=6791"}],"wp:term":[{"taxonomy":"category","embeddable":true,"href":"https:\/\/pasaenmendoza.com\/index.php?rest_route=%2Fwp%2Fv2%2Fcategories&post=6791"},{"taxonomy":"post_tag","embeddable":true,"href":"https:\/\/pasaenmendoza.com\/index.php?rest_route=%2Fwp%2Fv2%2Ftags&post=6791"}],"curies":[{"name":"wp","href":"https:\/\/api.w.org\/{rel}","templated":true}]}}