{"id":6794,"date":"2024-04-16T00:25:16","date_gmt":"2024-04-15T22:25:16","guid":{"rendered":"https:\/\/pasaenmendoza.com\/?p=6794"},"modified":"2024-04-16T00:27:02","modified_gmt":"2024-04-15T22:27:02","slug":"productores-de-tomate-de-mendoza-preocupados-por-la-apertura-repentina-de-las-importaciones","status":"publish","type":"post","link":"https:\/\/pasaenmendoza.com\/?p=6794","title":{"rendered":"Productores de tomate de Mendoza, preocupados por la apertura repentina de las importaciones"},"content":{"rendered":"\n<p>La reciente apertura de las&nbsp;<strong>importaciones<\/strong>&nbsp;de alimentos ha dado mucho de qu\u00e9 hablar sobre todo en el sector agroindustrial, entre ellos, los productores de<strong>&nbsp;tomate.<\/strong><\/p>\n\n\n\n<p>En Cuyo, quien nuclea a la mayor\u00eda de los productores es la asociaci\u00f3n Tomate 2000, representada por el mendocino Orestes Nomikos, quien en di\u00e1logo con Conexi\u00f3n Agro, manifest\u00f3 que est\u00e1n preocupados por esta apertura intempestiva de las importaciones.<\/p>\n\n\n\n<p>Esto porque, a pesar de estar cerca de lograr el autoabastecimiento para el mercado argentino\u2013se est\u00e1n produciendo alrededor&nbsp;<strong>de 600 millones de kilos de tomate<\/strong>&#8211; las condiciones de importaci\u00f3n pueden llegar a desfavorecer a los locales.<\/p>\n\n\n\n<h2 class=\"wp-block-heading\">Competir en igualdad de condiciones<\/h2>\n\n\n\n<p>Consultado acerca del mensaje del ministro de Producci\u00f3n de Mendoza, Rodolfo Vargas Arizu, quien asegur\u00f3 que&nbsp;<strong>no hay que tener miedo a las importaciones porque los mendocinos al ser eficientes somos competitivos,<\/strong>&nbsp;Nomikos realiz\u00f3 una salvedad.<\/p>\n\n\n\n<p>Explic\u00f3 que los productores agr\u00edcolas&nbsp;<strong>s\u00ed pueden competir, pero con las mismas herramientas que tienen los productores internacionales<\/strong>. El problema es abrir las importaciones de un d\u00eda para el otro, sin una etapa de transici\u00f3n y con las actuales condiciones macroecon\u00f3micas, es decir, una inflaci\u00f3n de 11% mensual, altas tasas de inter\u00e9s, los insumos caros, y los valores ascendentes de la energ\u00eda y el combustible.<\/p>\n\n\n\n<p>\u201cPrimero contemos con un escenario estable y por lo menos hablando de lo que yo conozco desde adentro de la asociaci\u00f3n, no tengo problema en competir pero no se da de un d\u00eda para el otro, hay que pasar una etapa de transici\u00f3n\u201d, manifest\u00f3 Nomikos.<\/p>\n\n\n\n<h2 class=\"wp-block-heading\">Qu\u00e9 puede suceder con el autoabastecimiento de tomate<\/h2>\n\n\n\n<p>Nomikos explic\u00f3 que si bien en lo personal, le preocupa que la importaci\u00f3n de tomates se expanda a otros productos, puesto que b\u00e1sicamente en la actualidad lo que m\u00e1s se trae desde Chile es pasta de tomates<\/p>\n\n\n\n<p>\u201cEn lo personal si me preocupa la importaci\u00f3n, porque tenemos el desaf\u00edo interno en la asociaci\u00f3n Tomate 2000 de plantearnos, ya que estamos cerca del autoabastecimiento, si realmente somos competitivos para importar\u201d<\/p>\n\n\n\n<p>Seg\u00fan manifest\u00f3 el presidente de la asociaci\u00f3n, lo que puede pasar es que, una vez que se logre el autoabastecimiento, se llegue a un l\u00edmite y a futuro afecte en un menor precio de la actividad productiva.<\/p>\n\n\n\n<h2 class=\"wp-block-heading\">El riesgo clim\u00e1tico, un factor a tener en cuenta<\/h2>\n\n\n\n<p>El presidente de Tomate 2000 manifest\u00f3, adem\u00e1s, que en&nbsp;<strong>Mendoza<\/strong>&nbsp;y el resto de las provincias de Cuyo, hay que t<strong>ener en cuenta el riesgo clim\u00e1tico como un factor de desventaja<\/strong>&nbsp;a la hora de competir con las importaciones.<\/p>\n\n\n\n<p>\u201cEste riesgo, cruzando la cordillera no lo ten\u00e9s\u201d, remarc\u00f3.<\/p>\n\n\n\n<p>Tambi\u00e9n mencion\u00f3 a California, el principal productor mundial de tomates, que se encuentra en condiciones mucho mejores que las locales para competir.<\/p>\n\n\n\n<p>En cuanto al riesgo clim\u00e1tico, Nomikos explic\u00f3 que los&nbsp;<strong>productores asociados a Tomate 2000&nbsp;<\/strong>\u2013quienes cuentan con unas 5.000 hect\u00e1reas cultivadas entre Mendoza, San Juan y La Rioja-<strong>&nbsp;cuentan con<\/strong>&nbsp;\u201cuna red\u201d extra para afrontar las problem\u00e1ticas estacionales, entre otras que pueden surgir en la producci\u00f3n.<\/p>\n\n\n\n<p>\u201cSe trata de un<strong>&nbsp;fondo de compensaci\u00f3n pagado en un 100% por los productores,&nbsp;<\/strong>que nos permite no discontinuar los programas a mediano y largo plazo.<\/p>\n\n\n\n<p>En esta problem\u00e1tica tambi\u00e9n se suma el&nbsp;<strong>control de las plagas del tomate,<\/strong>&nbsp;como son la polilla y la ara\u00f1uela.<\/p>\n\n\n\n<p>Lo que dijo Nomikos acerca de esta situaci\u00f3n es que le han&nbsp;<strong>afectado al tomate tard\u00edo<\/strong>, que est\u00e1 rindiendo menos.<\/p>\n\n\n\n<p>Lo que se debe hacer&nbsp;<strong>es desarrollar investigaci\u00f3n, junto con el INTA<\/strong>, para encontrar las soluciones a. implementar para las pr\u00f3ximas campa\u00f1as.<\/p>\n\n\n\n<p><strong>Fuente: www.diariouno.com.ar<\/strong><\/p>\n","protected":false},"excerpt":{"rendered":"<p>La reciente apertura de las&nbsp;importaciones&nbsp;de alimentos ha dado mucho de qu\u00e9 hablar sobre todo en el sector agroindustrial, entre ellos, los productores de&nbsp;tomate. En Cuyo, quien nuclea a la mayor\u00eda de los productores es la asociaci\u00f3n Tomate 2000, representada por el mendocino Orestes Nomikos, quien en di\u00e1logo con Conexi\u00f3n Agro, manifest\u00f3 que est\u00e1n preocupados por [&hellip;]<\/p>\n","protected":false},"author":2,"featured_media":6795,"comment_status":"open","ping_status":"open","sticky":false,"template":"","format":"standard","meta":[],"categories":[91],"tags":[],"_links":{"self":[{"href":"https:\/\/pasaenmendoza.com\/index.php?rest_route=\/wp\/v2\/posts\/6794"}],"collection":[{"href":"https:\/\/pasaenmendoza.com\/index.php?rest_route=\/wp\/v2\/posts"}],"about":[{"href":"https:\/\/pasaenmendoza.com\/index.php?rest_route=\/wp\/v2\/types\/post"}],"author":[{"embeddable":true,"href":"https:\/\/pasaenmendoza.com\/index.php?rest_route=\/wp\/v2\/users\/2"}],"replies":[{"embeddable":true,"href":"https:\/\/pasaenmendoza.com\/index.php?rest_route=%2Fwp%2Fv2%2Fcomments&post=6794"}],"version-history":[{"count":2,"href":"https:\/\/pasaenmendoza.com\/index.php?rest_route=\/wp\/v2\/posts\/6794\/revisions"}],"predecessor-version":[{"id":6797,"href":"https:\/\/pasaenmendoza.com\/index.php?rest_route=\/wp\/v2\/posts\/6794\/revisions\/6797"}],"wp:featuredmedia":[{"embeddable":true,"href":"https:\/\/pasaenmendoza.com\/index.php?rest_route=\/wp\/v2\/media\/6795"}],"wp:attachment":[{"href":"https:\/\/pasaenmendoza.com\/index.php?rest_route=%2Fwp%2Fv2%2Fmedia&parent=6794"}],"wp:term":[{"taxonomy":"category","embeddable":true,"href":"https:\/\/pasaenmendoza.com\/index.php?rest_route=%2Fwp%2Fv2%2Fcategories&post=6794"},{"taxonomy":"post_tag","embeddable":true,"href":"https:\/\/pasaenmendoza.com\/index.php?rest_route=%2Fwp%2Fv2%2Ftags&post=6794"}],"curies":[{"name":"wp","href":"https:\/\/api.w.org\/{rel}","templated":true}]}}