{"id":6798,"date":"2024-04-16T00:44:24","date_gmt":"2024-04-15T22:44:24","guid":{"rendered":"https:\/\/pasaenmendoza.com\/?p=6798"},"modified":"2024-04-16T00:44:25","modified_gmt":"2024-04-15T22:44:25","slug":"una-familia-se-extravio-en-uspallata-y-fue-rescatada-con-helicoptero","status":"publish","type":"post","link":"https:\/\/pasaenmendoza.com\/?p=6798","title":{"rendered":"Una familia se extravi\u00f3 en Uspallata y fue rescatada con helic\u00f3ptero"},"content":{"rendered":"\n<p>Una familia viajaba hacia\u00a0<strong>Uspallata<\/strong>\u00a0y se extravi\u00f3 en la ruta 13 en la madrugada de este lunes. Efectivos policiales comenzaron a trabajar luego de recibir la informaci\u00f3n sobre la desaparici\u00f3n de<strong>\u00a0tres hombres<\/strong>\u00a0que se trasladaban en una camioneta Mitsubishi color verde.<\/p>\n\n\n\n<p>El pasado domingo Juan y sus dos hijos mayores partieron desde su hogar en la calle Urquiza de Coquimbito,&nbsp;<strong>Maip\u00fa,&nbsp;<\/strong>con destino a Castillos de Picheuta en&nbsp;<strong>Uspallata<\/strong>.<\/p>\n\n\n\n<p>Los viajeros tuvieron contacto por \u00faltima vez con sus familiares mientras cenaban, posteriormente perdieron contacto y no se supo m\u00e1s de ellos.<\/p>\n\n\n\n<h2 class=\"wp-block-heading\">Operativo policial en Uspallata<\/h2>\n\n\n\n<p>Se despleg\u00f3 un<strong>\u00a0operativo de b\u00fasqueda<\/strong>\u00a0de manera coordinada, con un sobrevuelo realizado por el helic\u00f3ptero Halc\u00f3n 1 y personal de Cuerpo de Aviaci\u00f3n Policial (<strong>CAP<\/strong>) y la\u00a0Unidad Patrulla de Rescate y Auxilio de Monta\u00f1a\u00a0(<strong>UPRAM<\/strong>). Mientras que en tierra, efectivos de la Comisar\u00eda 23 se sumaron a la tarea.<\/p>\n\n\n\n<p>Finalmente, fueron localizados en las cercan\u00edas del primer monolito de ruta 13, donde&nbsp;<strong>su veh\u00edculo hab\u00eda quedado enterrado<\/strong>&nbsp;y los familiares debieron pasar la noche en el lugar.<\/p>\n\n\n\n<p>La ma\u00f1ana siguiente la familia decidi\u00f3 emprender la marcha hacia el este por la ruta 13 en\u00a0<strong>busca de ayuda<\/strong>. Fueron divisados y evacuados por el\u00a0helic\u00f3ptero. Trasladados a la base C\u00f3ndor, fueron evaluados por m\u00e9dicos del Servicio de Emergencias Coordinado quienes confirmaron que se encontraban en buen estado de salud, a excepci\u00f3n de Juan, quien presentaba altas pulsaciones, lo que suger\u00eda la posibilidad de una arritmia cardiaca por lo que fue trasladado al Hospital Santa Isabel de Hungr\u00eda para realizar los estudios pertinentes.<\/p>\n\n\n\n<p>El operativo cont\u00f3 con la colaboraci\u00f3n de la Oficina Fiscal N\u00b010 y el equipo de b\u00fasqueda de personas.<\/p>\n\n\n\n<p><strong>Fuente: www.diariouno.com.ar<\/strong><\/p>\n","protected":false},"excerpt":{"rendered":"<p>Una familia viajaba hacia\u00a0Uspallata\u00a0y se extravi\u00f3 en la ruta 13 en la madrugada de este lunes. Efectivos policiales comenzaron a trabajar luego de recibir la informaci\u00f3n sobre la desaparici\u00f3n de\u00a0tres hombres\u00a0que se trasladaban en una camioneta Mitsubishi color verde. El pasado domingo Juan y sus dos hijos mayores partieron desde su hogar en la calle [&hellip;]<\/p>\n","protected":false},"author":2,"featured_media":6799,"comment_status":"open","ping_status":"open","sticky":false,"template":"","format":"standard","meta":[],"categories":[50],"tags":[],"_links":{"self":[{"href":"https:\/\/pasaenmendoza.com\/index.php?rest_route=\/wp\/v2\/posts\/6798"}],"collection":[{"href":"https:\/\/pasaenmendoza.com\/index.php?rest_route=\/wp\/v2\/posts"}],"about":[{"href":"https:\/\/pasaenmendoza.com\/index.php?rest_route=\/wp\/v2\/types\/post"}],"author":[{"embeddable":true,"href":"https:\/\/pasaenmendoza.com\/index.php?rest_route=\/wp\/v2\/users\/2"}],"replies":[{"embeddable":true,"href":"https:\/\/pasaenmendoza.com\/index.php?rest_route=%2Fwp%2Fv2%2Fcomments&post=6798"}],"version-history":[{"count":1,"href":"https:\/\/pasaenmendoza.com\/index.php?rest_route=\/wp\/v2\/posts\/6798\/revisions"}],"predecessor-version":[{"id":6800,"href":"https:\/\/pasaenmendoza.com\/index.php?rest_route=\/wp\/v2\/posts\/6798\/revisions\/6800"}],"wp:featuredmedia":[{"embeddable":true,"href":"https:\/\/pasaenmendoza.com\/index.php?rest_route=\/wp\/v2\/media\/6799"}],"wp:attachment":[{"href":"https:\/\/pasaenmendoza.com\/index.php?rest_route=%2Fwp%2Fv2%2Fmedia&parent=6798"}],"wp:term":[{"taxonomy":"category","embeddable":true,"href":"https:\/\/pasaenmendoza.com\/index.php?rest_route=%2Fwp%2Fv2%2Fcategories&post=6798"},{"taxonomy":"post_tag","embeddable":true,"href":"https:\/\/pasaenmendoza.com\/index.php?rest_route=%2Fwp%2Fv2%2Ftags&post=6798"}],"curies":[{"name":"wp","href":"https:\/\/api.w.org\/{rel}","templated":true}]}}