{"id":6804,"date":"2024-04-16T14:21:37","date_gmt":"2024-04-16T12:21:37","guid":{"rendered":"https:\/\/pasaenmendoza.com\/?p=6804"},"modified":"2024-04-16T14:21:39","modified_gmt":"2024-04-16T12:21:39","slug":"esta-es-la-resolucion-que-designa-al-nuevo-titular-de-anses-en-mendoza","status":"publish","type":"post","link":"https:\/\/pasaenmendoza.com\/?p=6804","title":{"rendered":"Esta es la resoluci\u00f3n que designa al nuevo titular de Anses en Mendoza"},"content":{"rendered":"\n<p>El organismo nacional emiti\u00f3 la norma legal que confirma a Jos\u00e9 Emilio Agu en el cargo. Estaba a cargo de hecho de la oficina desde el 12 de marzo pasado.<\/p>\n\n\n\n<p>Este martes trascendi\u00f3 la resoluci\u00f3n que designa a&nbsp;<strong>Jos\u00e9 Emilio Agu<\/strong>&nbsp;como<strong>&nbsp;Jefe Regional<\/strong>&nbsp;de la seccional de Cuyo de la<strong>&nbsp;Administraci\u00f3n Nacional de la Seguridad Social (Anses).<\/strong><\/p>\n\n\n\n<p><em>\u201cDesignase a partir de la notificaci\u00f3n de la presente transitoriamente y sin estabilidad al se\u00f1or Jos\u00e9 Emilio Agu a la funci\u00f3n a cargo de Jefe Regional en el \u00e1mbito de la Jefatura Regional de Cuyo\u201d<\/em>, indica la resoluci\u00f3n.<\/p>\n\n\n\n<p>Si bien hasta el momento no se encuentra publicada ni en el Bolet\u00edn Oficial de la Naci\u00f3n, ni en la p\u00e1gina del&nbsp;<strong>Anses<\/strong>,<mark>&nbsp;desde las oficinas de calle San Lorenzo aseguraron que estar\u00e1 disponible a la brevedad.<\/mark><\/p>\n\n\n\n<p><strong>Agu&nbsp;<\/strong>tuvo un fugaz paso por el Ministerio de Defensa que encabeza&nbsp;<strong>Luis Petri<\/strong>, donde ocup\u00f3 el cargo de Auditor Interno Titular.<\/p>\n\n\n\n<p>El flamante funcionario a cargo del organismo previsional es oriundo de Godoy Cruz, tiene 50 a\u00f1os y tambi\u00e9n trabaj\u00f3 como auditor en el Banco Naci\u00f3n.<\/p>\n\n\n\n<p>Si bien la resoluci\u00f3n de su designaci\u00f3n trascendi\u00f3 en las \u00faltimas horas, Agu\u00a0ya se encontraba a cargo de la oficina desde el 12 de marzo pasado.<\/p>\n\n\n\n<p>De esta manera, el Gobierno nacional ya tach\u00f3 la casilla que hab\u00eda dejado vacante\u00a0<strong>Carlos Gallo<\/strong>, quien se hab\u00eda desempe\u00f1ado en el cargo durante la gesti\u00f3n de Alberto Fern\u00e1ndez.<\/p>\n\n\n\n<p>FUENTE: Elsol.com.ar <\/p>\n","protected":false},"excerpt":{"rendered":"<p>El organismo nacional emiti\u00f3 la norma legal que confirma a Jos\u00e9 Emilio Agu en el cargo. Estaba a cargo de hecho de la oficina desde el 12 de marzo pasado. Este martes trascendi\u00f3 la resoluci\u00f3n que designa a&nbsp;Jos\u00e9 Emilio Agu&nbsp;como&nbsp;Jefe Regional&nbsp;de la seccional de Cuyo de la&nbsp;Administraci\u00f3n Nacional de la Seguridad Social (Anses). \u201cDesignase a [&hellip;]<\/p>\n","protected":false},"author":2,"featured_media":6805,"comment_status":"open","ping_status":"open","sticky":true,"template":"","format":"standard","meta":[],"categories":[47],"tags":[],"_links":{"self":[{"href":"https:\/\/pasaenmendoza.com\/index.php?rest_route=\/wp\/v2\/posts\/6804"}],"collection":[{"href":"https:\/\/pasaenmendoza.com\/index.php?rest_route=\/wp\/v2\/posts"}],"about":[{"href":"https:\/\/pasaenmendoza.com\/index.php?rest_route=\/wp\/v2\/types\/post"}],"author":[{"embeddable":true,"href":"https:\/\/pasaenmendoza.com\/index.php?rest_route=\/wp\/v2\/users\/2"}],"replies":[{"embeddable":true,"href":"https:\/\/pasaenmendoza.com\/index.php?rest_route=%2Fwp%2Fv2%2Fcomments&post=6804"}],"version-history":[{"count":1,"href":"https:\/\/pasaenmendoza.com\/index.php?rest_route=\/wp\/v2\/posts\/6804\/revisions"}],"predecessor-version":[{"id":6806,"href":"https:\/\/pasaenmendoza.com\/index.php?rest_route=\/wp\/v2\/posts\/6804\/revisions\/6806"}],"wp:featuredmedia":[{"embeddable":true,"href":"https:\/\/pasaenmendoza.com\/index.php?rest_route=\/wp\/v2\/media\/6805"}],"wp:attachment":[{"href":"https:\/\/pasaenmendoza.com\/index.php?rest_route=%2Fwp%2Fv2%2Fmedia&parent=6804"}],"wp:term":[{"taxonomy":"category","embeddable":true,"href":"https:\/\/pasaenmendoza.com\/index.php?rest_route=%2Fwp%2Fv2%2Fcategories&post=6804"},{"taxonomy":"post_tag","embeddable":true,"href":"https:\/\/pasaenmendoza.com\/index.php?rest_route=%2Fwp%2Fv2%2Ftags&post=6804"}],"curies":[{"name":"wp","href":"https:\/\/api.w.org\/{rel}","templated":true}]}}