{"id":6813,"date":"2024-04-16T14:38:56","date_gmt":"2024-04-16T12:38:56","guid":{"rendered":"https:\/\/pasaenmendoza.com\/?p=6813"},"modified":"2024-04-16T14:38:57","modified_gmt":"2024-04-16T12:38:57","slug":"sube-la-temperatura-este-martes-en-mendoza","status":"publish","type":"post","link":"https:\/\/pasaenmendoza.com\/?p=6813","title":{"rendered":"Sube la temperatura este martes en Mendoza"},"content":{"rendered":"\n<p>Tras varios d\u00edas frescos en la provincia, este martes inicia un ciclo de d\u00edas con temperaturas agradables y m\u00e1ximas que rondar\u00e1n los 25 grados en la provincia de Mendoza.<\/p>\n\n\n\n<p>Este martes ser\u00e1 una jornada soleada y la m\u00e1xima llegar\u00e1 a los 22\u00b0 marcando un claro ascenso con respecto al lunes y a lo que fue el fin de semana.&nbsp;<\/p>\n\n\n\n<p>La t\u00f3nica continuar\u00e1 el resto de la semana y as\u00ed seguir\u00e1 al menos hasta el pr\u00f3ximo s\u00e1bado, cuando el ingreso de un nuevo frente traer\u00e1 un nuevo descenso de la temperatura y precipitaciones para el pr\u00f3ximo domingo.<\/p>\n\n\n\n<p><strong>Fuente: www.mendozapost.com<\/strong><\/p>\n","protected":false},"excerpt":{"rendered":"<p>Tras varios d\u00edas frescos en la provincia, este martes inicia un ciclo de d\u00edas con temperaturas agradables y m\u00e1ximas que rondar\u00e1n los 25 grados en la provincia de Mendoza. Este martes ser\u00e1 una jornada soleada y la m\u00e1xima llegar\u00e1 a los 22\u00b0 marcando un claro ascenso con respecto al lunes y a lo que fue [&hellip;]<\/p>\n","protected":false},"author":2,"featured_media":6814,"comment_status":"open","ping_status":"open","sticky":false,"template":"","format":"standard","meta":[],"categories":[52],"tags":[],"_links":{"self":[{"href":"https:\/\/pasaenmendoza.com\/index.php?rest_route=\/wp\/v2\/posts\/6813"}],"collection":[{"href":"https:\/\/pasaenmendoza.com\/index.php?rest_route=\/wp\/v2\/posts"}],"about":[{"href":"https:\/\/pasaenmendoza.com\/index.php?rest_route=\/wp\/v2\/types\/post"}],"author":[{"embeddable":true,"href":"https:\/\/pasaenmendoza.com\/index.php?rest_route=\/wp\/v2\/users\/2"}],"replies":[{"embeddable":true,"href":"https:\/\/pasaenmendoza.com\/index.php?rest_route=%2Fwp%2Fv2%2Fcomments&post=6813"}],"version-history":[{"count":1,"href":"https:\/\/pasaenmendoza.com\/index.php?rest_route=\/wp\/v2\/posts\/6813\/revisions"}],"predecessor-version":[{"id":6815,"href":"https:\/\/pasaenmendoza.com\/index.php?rest_route=\/wp\/v2\/posts\/6813\/revisions\/6815"}],"wp:featuredmedia":[{"embeddable":true,"href":"https:\/\/pasaenmendoza.com\/index.php?rest_route=\/wp\/v2\/media\/6814"}],"wp:attachment":[{"href":"https:\/\/pasaenmendoza.com\/index.php?rest_route=%2Fwp%2Fv2%2Fmedia&parent=6813"}],"wp:term":[{"taxonomy":"category","embeddable":true,"href":"https:\/\/pasaenmendoza.com\/index.php?rest_route=%2Fwp%2Fv2%2Fcategories&post=6813"},{"taxonomy":"post_tag","embeddable":true,"href":"https:\/\/pasaenmendoza.com\/index.php?rest_route=%2Fwp%2Fv2%2Ftags&post=6813"}],"curies":[{"name":"wp","href":"https:\/\/api.w.org\/{rel}","templated":true}]}}