{"id":6816,"date":"2024-04-16T14:45:48","date_gmt":"2024-04-16T12:45:48","guid":{"rendered":"https:\/\/pasaenmendoza.com\/?p=6816"},"modified":"2024-04-16T14:45:49","modified_gmt":"2024-04-16T12:45:49","slug":"los-dramaticos-casos-de-violencia-de-genero-y-abuso-sexual-que-tienen-a-un-radiologo-imputado","status":"publish","type":"post","link":"https:\/\/pasaenmendoza.com\/?p=6816","title":{"rendered":"Los dram\u00e1ticos casos de violencia de g\u00e9nero y abuso sexual que tienen a un radi\u00f3logo imputado"},"content":{"rendered":"\n<p><em>\u201cYo s\u00e9 c\u00f3mo hacer para que se te separe el codo del brazo y el hombro del cuerpo y te mueras de dolor. As\u00ed le hac\u00edamos a las vacas\u201d<\/em>; o&nbsp;<em>\u201cte voy a matar a vos y a tus hijos, te voy a enterrar en el patio de la casa, no mejor en el pozo ciego, no te va a encontrar nadie\u201d<\/em>, eran las frases que&nbsp;<mark>un hombre acusado de violencia de g\u00e9nero y abuso sexual repet\u00eda a su esposa mientras la golpeaba<\/mark>&nbsp;en la casa que compart\u00edan en el oeste de Ciudad.<\/p>\n\n\n\n<p>Tiene 52 a\u00f1os, trabajaba como radi\u00f3logo en el Hospital Metraux y actualmente se encuentra con prisi\u00f3n preventiva dictada pero con el beneficio de la detenci\u00f3n domiciliaria.<\/p>\n\n\n\n<p>En los pr\u00f3ximos d\u00edas,\u00a0<strong>comenzar\u00e1 a ser juzgado por una bater\u00eda de delitos\u00a0<\/strong>que le imput\u00f3 la fiscal de Violencia de G\u00e9nero\u00a0<strong>Mar\u00eda Bel\u00e9n Sanz<\/strong>, luego de las denuncias presentadas por su ex pareja y madre de sus dos hijos varones: abuso sexual agravado por ser con acceso carnal y cometido con arma en concurso real con privaci\u00f3n ileg\u00edtima de la libertad agravada por ser cometida con violencias, en contexto de violencias contra la mujer.<\/p>\n\n\n\n<p>La mujer trabajaba con \u00e9l en el mismo nosocomio y desde hac\u00eda a\u00f1os ven\u00eda detallando a diferentes investigadores judiciales el&nbsp;<strong>maltrato f\u00edsico y psicol\u00f3gico que sufr\u00eda&nbsp;<\/strong>en la propiedad donde viv\u00eda con el acusado y sus hijos, quienes hoy son adolescentes.<\/p>\n\n\n\n<p>El hecho principal que se ventilar\u00e1 pr\u00f3ximamente en un debate oral ocurri\u00f3 hace m\u00e1s de siete a\u00f1os, pero tambi\u00e9n hubo otras denuncias posteriores por maltrato que se fueron resolviendo en diversos juzgados.<\/p>\n\n\n\n<p>Incluso, la denunciante relat\u00f3 que, en una oportunidad, su pareja le peg\u00f3 en el rostro y provoc\u00f3 que ella perdiera una pieza dentaria; agregando en una de las tantas declaraciones y presentaciones que\u00a0<strong>utilizaba los tel\u00e9fonos celulares de los hijos y se hac\u00eda pasar por ellos para enviarle mensajes para que se matara.<\/strong><\/p>\n\n\n\n<p><em>\u201cEra una seguidilla de acoso, no hab\u00eda estabilidad emocional, donde ella no pod\u00eda convivir en paz con sus hijos, porque este hombre no se lo permit\u00eda, donde le mandaban mensajes, dici\u00e9ndole \u2018mam\u00e1 morite, no pens\u00e1s en morirte, lo mejor que pod\u00e9s hacer es matarte, as\u00ed le dej\u00e1s la casa al pap\u00e1\u2019\u201d<\/em>, declar\u00f3 una hermana de la v\u00edctima en referencia a esta situaci\u00f3n, asegurando que&nbsp;<strong>no eran los chicos los que redactaban los chats.<\/strong><\/p>\n\n\n\n<p>Uno de los hechos que motivaron las imputaciones en contra del profesional para que se siente en el banquillo se denunci\u00f3 en el 2022, pero ocurri\u00f3 en diciembre del 2016, el \u00faltimo d\u00eda de finalizaci\u00f3n del ciclo lectivo, cuando<mark>\u00a0la pareja se encontraba en su domicilio del barrio Ra\u00edz II de Ciudad.<\/mark><\/p>\n\n\n\n<p>Enfurecido, el hombre comenz\u00f3 a insultar a la mujer en una habitaci\u00f3n porque hab\u00eda permitido a sus hijos ir a una piyamada. La agredi\u00f3 verbalmente, la tom\u00f3 de los pelos e intent\u00f3 que le practique sexo oral.\u00a0<em>\u201cSos una fr\u00edgida, ten\u00e9s cuerpo de hombre\u201d,\u00a0<\/em>le dijo de acuerdo con la investigaci\u00f3n del\u00a0<strong>Ministerio P\u00fablico<\/strong>, que tuvo el apoyo de los\u00a0<strong>abogados querellantes Franco Migliavacca y Emiliano Marlia.<\/strong><\/p>\n\n\n\n<p>Al otro d\u00eda, a las 9, el maltrato continu\u00f3 y el radi\u00f3logo volvi\u00f3 a increparla.&nbsp;<mark>La arroj\u00f3 contra la cama y el golpe caus\u00f3 una lesi\u00f3n en el coxis<\/mark>. Mientras la manten\u00eda encerrada bajo llave, llev\u00f3 cuchillos de cocina -de gran tama\u00f1o, como relat\u00f3 en su declaraci\u00f3n la denunciante- y&nbsp;<strong>abus\u00f3 sexualmente de ella con un pene de goma<\/strong>. La v\u00edctima no pod\u00eda moverse porque la sujetaba del cuello y le imped\u00eda respirar con normalidad.<\/p>\n\n\n\n<p>La investigaci\u00f3n comenz\u00f3 a trabajarse con la hip\u00f3tesis de un caso de violencia de g\u00e9nero que se extendi\u00f3 durante a\u00f1os. La v\u00edctima denunci\u00f3 varias veces a su esposo por diversos hechos. Por ejemplo,\u00a0<strong>el 21 de abril del 2019<\/strong>, el sujeto habr\u00eda ingresado a su domicilio y se llev\u00f3 algunas pertenencias y provoc\u00f3 da\u00f1os en electrodom\u00e9sticos. En noviembre de ese mismo a\u00f1o, fue sobrese\u00eddo.<\/p>\n\n\n\n<p>En marzo del 2020, se meti\u00f3 a la casa y se llev\u00f3 a los hijos.\u00a0<mark>Lo acusaron por desobediencia a la autoridad, violaci\u00f3n de domicilio y amenazas simples<\/mark>. Ese mismo mes, tambi\u00e9n se origin\u00f3 un nuevo expediente tras ser denunciado por impedir que la madre viera a sus hijos. Ambas causas fueron elevadas a juicio: en la primera se le otorg\u00f3 una suspensi\u00f3n de juicio a prueba y en la segunda lo sobreseyeron.<\/p>\n\n\n\n<p><strong>El imputado declar\u00f3 durante la instrucci\u00f3n que llegar\u00e1 a juicio y asegur\u00f3 que fue denunciado por su ex mujer porque \u00e9l le hab\u00eda sido infiel<\/strong>. Se\u00f1al\u00f3 que la denunciante cambi\u00f3 luego de la muerte de su padre y que ella le pidi\u00f3 que se separaran. Y dijo que los hijos quer\u00edan vivir con \u00e9l porque le ten\u00edan miedo a su madre,&nbsp;<em>\u201cporque ella les pegaba\u201d.<\/em><\/p>\n\n\n\n<p>Lo cierto es que, para la fiscal\u00eda, el hombre\u00a0<em>\u201cadopt\u00f3 una posici\u00f3n de poder en detrimento de la denunciante. Para sostener y beneficiarse de esa desigualdad, se vali\u00f3 de violencia psicol\u00f3gica asociada a celos intensos y conductas posesivas, violencia f\u00edsica y sexual. Mientras que, la mujer, adopt\u00f3 un posicionamiento de estatus inferior que se fue consolidando\u201d.<\/em><\/p>\n\n\n\n<p>Debido a que\u00a0<em>\u201clos hechos denunciados resultan materialmente posibles, fehacientemente verificables y se encuentran corroborados con prueba objetiva\u201d,\u00a0<\/em>tal como sostiene el requerimiento de elevaci\u00f3n a juicio, pr\u00f3ximamente el acusado deber\u00e1 responder en un proceso oral que definir\u00e1 si es condenado o absuelto.<\/p>\n\n\n\n<p><strong>Fuente: www.elsol.com.ar<\/strong><\/p>\n","protected":false},"excerpt":{"rendered":"<p>\u201cYo s\u00e9 c\u00f3mo hacer para que se te separe el codo del brazo y el hombro del cuerpo y te mueras de dolor. As\u00ed le hac\u00edamos a las vacas\u201d; o&nbsp;\u201cte voy a matar a vos y a tus hijos, te voy a enterrar en el patio de la casa, no mejor en el pozo ciego, [&hellip;]<\/p>\n","protected":false},"author":2,"featured_media":6817,"comment_status":"open","ping_status":"open","sticky":false,"template":"","format":"standard","meta":[],"categories":[48],"tags":[],"_links":{"self":[{"href":"https:\/\/pasaenmendoza.com\/index.php?rest_route=\/wp\/v2\/posts\/6816"}],"collection":[{"href":"https:\/\/pasaenmendoza.com\/index.php?rest_route=\/wp\/v2\/posts"}],"about":[{"href":"https:\/\/pasaenmendoza.com\/index.php?rest_route=\/wp\/v2\/types\/post"}],"author":[{"embeddable":true,"href":"https:\/\/pasaenmendoza.com\/index.php?rest_route=\/wp\/v2\/users\/2"}],"replies":[{"embeddable":true,"href":"https:\/\/pasaenmendoza.com\/index.php?rest_route=%2Fwp%2Fv2%2Fcomments&post=6816"}],"version-history":[{"count":1,"href":"https:\/\/pasaenmendoza.com\/index.php?rest_route=\/wp\/v2\/posts\/6816\/revisions"}],"predecessor-version":[{"id":6818,"href":"https:\/\/pasaenmendoza.com\/index.php?rest_route=\/wp\/v2\/posts\/6816\/revisions\/6818"}],"wp:featuredmedia":[{"embeddable":true,"href":"https:\/\/pasaenmendoza.com\/index.php?rest_route=\/wp\/v2\/media\/6817"}],"wp:attachment":[{"href":"https:\/\/pasaenmendoza.com\/index.php?rest_route=%2Fwp%2Fv2%2Fmedia&parent=6816"}],"wp:term":[{"taxonomy":"category","embeddable":true,"href":"https:\/\/pasaenmendoza.com\/index.php?rest_route=%2Fwp%2Fv2%2Fcategories&post=6816"},{"taxonomy":"post_tag","embeddable":true,"href":"https:\/\/pasaenmendoza.com\/index.php?rest_route=%2Fwp%2Fv2%2Ftags&post=6816"}],"curies":[{"name":"wp","href":"https:\/\/api.w.org\/{rel}","templated":true}]}}