{"id":6829,"date":"2024-04-16T23:07:50","date_gmt":"2024-04-16T21:07:50","guid":{"rendered":"https:\/\/pasaenmendoza.com\/?p=6829"},"modified":"2024-04-16T23:07:51","modified_gmt":"2024-04-16T21:07:51","slug":"mariano-cuneo-libarona-dispuso-aumentos-de-hasta-300-en-los-registros-del-automotor","status":"publish","type":"post","link":"https:\/\/pasaenmendoza.com\/?p=6829","title":{"rendered":"Mariano C\u00faneo Libarona dispuso aumentos de hasta 300% en los Registros del Automotor"},"content":{"rendered":"\n<p>El Ministerio de Justicia de la Naci\u00f3n, a cargo de\u00a0<strong>Mariano C\u00faneo Libarona<\/strong>,\u00a0dispuso este martes significativos aumentos en los aranceles que cobran los\u00a0<strong>Registros de la Propiedad del Automotor.<\/strong><\/p>\n\n\n\n<p>La resoluci\u00f3n de la cartera judicial sorprendi\u00f3 a m\u00e1s de uno por cuanto estos organismos estaban en peligro de ser eliminados si se toma en cuenta que el presidente\u00a0Javier Milei hab\u00eda prometido que los incluir\u00eda en el plan motosierra.<\/p>\n\n\n\n<p>Lo real es que los incrementos relacionados esencialmente con las transferencias que deben realizar para la compra y ventas de autos nuevos o usados van\u00a0<strong>desde el 40% hasta el 300%.\u00a0<\/strong>En la p\u00e1gina https:\/\/www.dnrpa.gov.ar\/portal_dnrpa\/ se puede hacer el c\u00e1lculo de las tarifas.<\/p>\n\n\n\n<h2 class=\"wp-block-heading\">La resoluci\u00f3n de Mariano C\u00faneo Libarona sobre los Registros del Automotor<\/h2>\n\n\n\n<p>En lo que representa otro golpe al bolsillo de los automovilistas, el Ministerio de Justicia decidi\u00f3 aplicar una&nbsp;<strong>nueva suba en todos los formularios que se utilizan en los Registros del Automotor.<\/strong><\/p>\n\n\n\n<p>Eso involucra desde el&nbsp;<strong>formulario 01 de inscripci\u00f3n inicial hasta el 08 de transferencia.&nbsp;<\/strong><strong>En enero ya se hab\u00eda aplicado una suba sobre todos esos formularios.<\/strong><\/p>\n\n\n\n<p>Con los nuevos aranceles, una certificaci\u00f3n de firmas costar\u00e1 $2.990. Esto es un aumento del 100% ya que sal\u00eda $1.300. Similar porcentaje tuvo un informe de dominio que pas\u00f3 de $260 a 600.<\/p>\n\n\n\n<p>El env\u00edo de un legajo llegar\u00e1 a $1.630. Un cambio de domicilio saldr\u00e1 $1.130.<\/p>\n\n\n\n<p>Una de las subas porcentuales m\u00e1s altas de la de la expedici\u00f3n de c\u00e9dula de identificaci\u00f3n del automotor, que subi\u00f3 de $.1890 a $7.940; es decir, 320%. La expedici\u00f3n de las patentes (la placa de identificaci\u00f3n met\u00e1lica) aument\u00f3 de $4.160 a $17.480, tambi\u00e9n 320%.<\/p>\n\n\n\n<h2 class=\"wp-block-heading\">Aumentos para los encargados de los Registros del Automotor<\/h2>\n\n\n\n<p>Adem\u00e1s, el Gobierno decidi\u00f3 aumentar los ingresos que perciben los encargados de los registros, que estaban frenados desde octubre del a\u00f1o pasado.<\/p>\n\n\n\n<p>&#8220;Es un aumento por inflaci\u00f3n. Sin aumentos, el Ministerio de Justicia se quedar\u00eda sin ingresos porque baj\u00f3 mucho la venta de autos&#8221;, dijeron desde la cartera de C\u00faneo.<\/p>\n\n\n\n<p><strong>Apenas asumi\u00f3, el Gobierno apunt\u00f3 a una profunda digitalizaci\u00f3n de todos los tr\u00e1mites, pero ese proceso todav\u00eda no se concret\u00f3.<\/strong><\/p>\n\n\n\n<p>Los cambios figuran en el DNU 823. Son 13 art\u00edculos que modifican art\u00edculos e incisos de un decreto de 1958 que luego fue ratificado por una ley de 1997, durante el gobierno de Carlos Menem, donde se regula el r\u00e9gimen jur\u00eddico del automotor.<\/p>\n\n\n\n<p>Luego, el Gobierno lanz\u00f3 una auditor\u00eda de 141 registros que ya estaban intervenidos. En ese listado hay 42 registros de la provincia de Buenos Aires, 13 de la Ciudad de Buenos Aires, 10 de C\u00f3rdoba, 10 de Entre R\u00edos, 6 de Chaco, entre otros.<\/p>\n\n\n\n<p>Tambi\u00e9n se puso en marcha una fiscalizaci\u00f3n digital de otros 25 registros.<\/p>\n\n\n\n<p>\u201cVamos a analizar variables como los plazos en que los registros cumplen los distintos tr\u00e1mites, ver si hay irregularidades, si la gente recibe un buen servicio. Si detectamos problemas, que pueden surgir de negligencia o impericia, pero tambi\u00e9n de il\u00edcitos, la siguiente etapa es la fiscalizaci\u00f3n in situ\u201d, explicaron desde la cartera de Justicia.<\/p>\n\n\n\n<p>Adem\u00e1s de aumentar los formularios, el Gobierno decidi\u00f3 aumentar los ingresos que reciben los encargados de los Registros.<\/p>\n\n\n\n<p>En promedio,&nbsp;<strong>la suba fue del 60% pero en algunos casos el porcentaje es mucho mayor<\/strong>. \u201cEsta medida tiende a garantizar la correcta y eficiente prestacion del servicio publico a cargo de esas unidades operativas, a traves de un servicio de calidad acorde con el valor de los bienes afectados\u201d, dice una resoluci\u00f3n firmada por el ministro de Justicia Mariano C\u00faneo Libarona y publicada en el Bolet\u00edn Oficial.<\/p>\n\n\n\n<p>Esa misma resoluci\u00f3n destaca que los montos estaban congelados desde octubre del a\u00f1o pasado y que las subas otorgadas no reflejan la inflaci\u00f3n de los \u00faltimos meses.<\/p>\n\n\n\n<p><strong>\u201cLos aumentos propuestos tanto para los aranceles registrales como para los montos minimos y limites de las sumas que perciben los Encargados de Registro resultan inferiores a los indices inflacionarios registrados desde las ultimas modificaciones introducidas en estas normas\u201d,<\/strong>&nbsp;detalla la resoluci\u00f3n fechada el 12 de abril.<\/p>\n\n\n\n<p>El gremio que representa a los encargados ven\u00eda reclamando hace tiempo que se suban los emolumentos.<\/p>\n\n\n\n<p>\u201cHan transcurrido ya m\u00e1s de tres meses y no hemos tenido ning\u00fan tipo de contacto que permita vislumbrar una pronta medida que al menos ayude a paliar en parte el desfinanciamiento que venimos padeciendo. Ninguna autoridad del ministerio a su cargo tom\u00f3 contacto con nosotros encontr\u00e1ndonos adem\u00e1s de la cr\u00edtica situaci\u00f3n econ\u00f3mica con un estado de incertidumbre acerca del devenir\u201d, se\u00f1al\u00f3 la<strong>&nbsp;Asociaci\u00f3n de Encargados de registros (AAERPA).<\/strong><\/p>\n\n\n\n<p>Esa misma nota planteaba que la situaci\u00f3n era \u201cinsostenible\u201d y remarcaba que hab\u00eda generado renuncias de encargados y despidos de los empleados.<\/p>\n\n\n\n<p><strong>Fuente: www.diariouno.com.ar<\/strong><\/p>\n","protected":false},"excerpt":{"rendered":"<p>El Ministerio de Justicia de la Naci\u00f3n, a cargo de\u00a0Mariano C\u00faneo Libarona,\u00a0dispuso este martes significativos aumentos en los aranceles que cobran los\u00a0Registros de la Propiedad del Automotor. La resoluci\u00f3n de la cartera judicial sorprendi\u00f3 a m\u00e1s de uno por cuanto estos organismos estaban en peligro de ser eliminados si se toma en cuenta que el [&hellip;]<\/p>\n","protected":false},"author":2,"featured_media":6830,"comment_status":"open","ping_status":"open","sticky":false,"template":"","format":"standard","meta":[],"categories":[79],"tags":[],"_links":{"self":[{"href":"https:\/\/pasaenmendoza.com\/index.php?rest_route=\/wp\/v2\/posts\/6829"}],"collection":[{"href":"https:\/\/pasaenmendoza.com\/index.php?rest_route=\/wp\/v2\/posts"}],"about":[{"href":"https:\/\/pasaenmendoza.com\/index.php?rest_route=\/wp\/v2\/types\/post"}],"author":[{"embeddable":true,"href":"https:\/\/pasaenmendoza.com\/index.php?rest_route=\/wp\/v2\/users\/2"}],"replies":[{"embeddable":true,"href":"https:\/\/pasaenmendoza.com\/index.php?rest_route=%2Fwp%2Fv2%2Fcomments&post=6829"}],"version-history":[{"count":1,"href":"https:\/\/pasaenmendoza.com\/index.php?rest_route=\/wp\/v2\/posts\/6829\/revisions"}],"predecessor-version":[{"id":6831,"href":"https:\/\/pasaenmendoza.com\/index.php?rest_route=\/wp\/v2\/posts\/6829\/revisions\/6831"}],"wp:featuredmedia":[{"embeddable":true,"href":"https:\/\/pasaenmendoza.com\/index.php?rest_route=\/wp\/v2\/media\/6830"}],"wp:attachment":[{"href":"https:\/\/pasaenmendoza.com\/index.php?rest_route=%2Fwp%2Fv2%2Fmedia&parent=6829"}],"wp:term":[{"taxonomy":"category","embeddable":true,"href":"https:\/\/pasaenmendoza.com\/index.php?rest_route=%2Fwp%2Fv2%2Fcategories&post=6829"},{"taxonomy":"post_tag","embeddable":true,"href":"https:\/\/pasaenmendoza.com\/index.php?rest_route=%2Fwp%2Fv2%2Ftags&post=6829"}],"curies":[{"name":"wp","href":"https:\/\/api.w.org\/{rel}","templated":true}]}}