{"id":6838,"date":"2024-04-17T14:21:35","date_gmt":"2024-04-17T12:21:35","guid":{"rendered":"https:\/\/pasaenmendoza.com\/?p=6838"},"modified":"2024-04-17T14:21:36","modified_gmt":"2024-04-17T12:21:36","slug":"tras-la-sorpresiva-foto-peronista-en-el-sur-un-intendente-le-bajo-el-tono-a-las-diferencias","status":"publish","type":"post","link":"https:\/\/pasaenmendoza.com\/?p=6838","title":{"rendered":"Tras la sorpresiva foto peronista en el sur, un intendente le baj\u00f3 el tono a las diferencias"},"content":{"rendered":"\n<p>Fernando Ubieta, jefe comunal de La Paz, se refiri\u00f3 al reciente encuentro que mantuvo con otros intendentes, en medio de las diferencias existentes en las filas del justicialismo.<\/p>\n\n\n\n<p><strong>Fernando Ubieta<\/strong>, intendente de La Paz, se refiri\u00f3 al reciente encuentro que caus\u00f3 ruido puertas adentro del Partido Justicialista de Mendoza, en el marco de las diferencias manifestadas p\u00fablicamente en el \u00faltimo tiempo entre los miembros del\u00a0<strong>peronismo\u00a0<\/strong>local. Intendentes\u00a0 vs. La C\u00e1mpora es la disputa que, por ejemplo, se ha visto evidenciada a la hora de votar en la Legislatura.<\/p>\n\n\n\n<p>El sector de los intendentes,\u00a0conformado por Mat\u00edas Stevanato (Maip\u00fa);\u00a0Omar F\u00e9lix (San Rafael), su hermano Emir (ex jefe comunal); el intendente de La Paz,\u00a0<strong>Fernando Ubieta<\/strong>; y la intendenta de Santa Rosa, Flor Dest\u00e9fanis, se reunieron este \u00faltimo lunes por la tarde en\u00a0L&#8217;obrador, un restaurante de comida t\u00edpica que est\u00e1\u00a0en Las Paredes, en el ingreso oeste al centro sanrafaelino.<\/p>\n\n\n\n<p>En dicho c\u00f3nclave decidieron dar un apoyo expl\u00edcito a\u00a0Stevanato\u00a0en la disminuci\u00f3n en el reparto de coparticipaci\u00f3n, en el caso de que la Legislatura\u00a0apruebe\u00a0la norma tal como est\u00e1\u00a0planteada desde el Gobierno provincial para compensar a otros municipios que perdieron habitantes, como Godoy Cruz, Las Heras y Guaymall\u00e9n. Tambi\u00e9n participaron legisladores provinciales.<\/p>\n\n\n\n<p><strong>Ubieta<\/strong>\u00a0le quiso bajar el tono a las especulaciones y\u00a0asegur\u00f3 que &#8220;diferencias en el peronismo ha habido siempre,\u00a0como en cualquier partido pol\u00edtico. Uno pertenece a una fuerza pol\u00edtica donde hay vertientes con diferentes formas de plantear y de ver las cosas. Nosotros nos reunimos por un tema de gesti\u00f3n y para poder hablar sobre el tema de la coparticipaci\u00f3n, que es lo que nos preocupaba&#8221;.<\/p>\n\n\n\n<p>Respecto a la ausencia de los otros\u00a0otros intendentes, como Emir Andraos (Tunuy\u00e1n), Edgardo Gonz\u00e1lez (Lavalle) y Celso Jaque (Malarg\u00fce),\u00a0<strong>Ubieta\u00a0<\/strong>se\u00f1al\u00f3:\u00a0&#8220;Hab\u00eda un intendente que no estaba en la provincia. Con los otros no se habr\u00e1 tenido\u00a0tenido la posibilidad de poder conversar e\u00a0invitarlos a esta reuni\u00f3n&#8230; En el caso m\u00edo tengo una relaci\u00f3n fluida con todos. Creo que entre los siete intendentes nos hablamos de forma normal y tranquilos. Estamos pensando siempre en la gesti\u00f3n y en tratar de darle una soluci\u00f3n y una vuelta de rosca diferente\u00a0a la mala performance a nivel pol\u00edtico y que, obviamente, se ha reflejado en los n\u00fameros. En las elecciones no nos han acompa\u00f1ado, no hemos hecho un buen papel y la militancia nos exige un poquito m\u00e1s. Entonces me parece que es importante empezar a conversar&#8221;.<\/p>\n\n\n\n<p>En vistas a las elecciones partidarias del PJ, ante la consulta acerca de si le ser\u00eda presidente del partido, indic\u00f3: &#8220;Es&nbsp;muy pronto para hablarlo. Me parece que hay un mont\u00f3n de temas important\u00edsimos de gesti\u00f3n que tenemos que sentar a discutir y hablar. Lo&nbsp;he dicho&nbsp;en incontable cantidad de oportunidades: siempre he sido un militante del peronismo, trabajo para el&nbsp;<strong>peronismo&nbsp;<\/strong>y tengo la fortuna de ocupar el cargo m\u00e1s importante en mi vida, que es ser intendente del departamento de La Paz&#8221;.<\/p>\n\n\n\n<p>&#8220;Y despu\u00e9s, como dec\u00eda Per\u00f3n, uno\u00a0si es cura se acuesta pensando que al otro d\u00eda se levanta siendo Papa&#8230; Cuando uno est\u00e1 en la pol\u00edtica, siempre\u00a0tiene la la aspiraci\u00f3n de poder llegar,\u00a0de poder conducir los destinos del partido y que la militancia lo\u00a0acompa\u00f1e. Luego, las cosas se van dando o no. De lo que\u00a0s\u00ed\u00a0estoy seguro es de que estoy para sumar y para aportarle al peronismo como lo he hecho en estos cuatro a\u00f1os que me ha tocado ser intendente, trabajando con diferentes\u00a0facciones del peronismo. Se sabe bien que yo he estado muy pegado, muy cerca de Anabel (Fern\u00e1ndez Sagasti) y de Lucas (Ilardo),\u00a0gente a la cual yo quiero y aprecio. Obviamente, seguiremos tendiendo puentes y trabajando para poder conversar y para poder sacar adelante la provincia, que eso es lo que nos preocupa&#8221;, complet\u00f3 el jefe comunal del Este.<\/p>\n\n\n\n<p>FUENTE: MDZonline.<\/p>\n","protected":false},"excerpt":{"rendered":"<p>Fernando Ubieta, jefe comunal de La Paz, se refiri\u00f3 al reciente encuentro que mantuvo con otros intendentes, en medio de las diferencias existentes en las filas del justicialismo. Fernando Ubieta, intendente de La Paz, se refiri\u00f3 al reciente encuentro que caus\u00f3 ruido puertas adentro del Partido Justicialista de Mendoza, en el marco de las diferencias [&hellip;]<\/p>\n","protected":false},"author":2,"featured_media":6839,"comment_status":"open","ping_status":"open","sticky":true,"template":"","format":"standard","meta":[],"categories":[47],"tags":[],"_links":{"self":[{"href":"https:\/\/pasaenmendoza.com\/index.php?rest_route=\/wp\/v2\/posts\/6838"}],"collection":[{"href":"https:\/\/pasaenmendoza.com\/index.php?rest_route=\/wp\/v2\/posts"}],"about":[{"href":"https:\/\/pasaenmendoza.com\/index.php?rest_route=\/wp\/v2\/types\/post"}],"author":[{"embeddable":true,"href":"https:\/\/pasaenmendoza.com\/index.php?rest_route=\/wp\/v2\/users\/2"}],"replies":[{"embeddable":true,"href":"https:\/\/pasaenmendoza.com\/index.php?rest_route=%2Fwp%2Fv2%2Fcomments&post=6838"}],"version-history":[{"count":1,"href":"https:\/\/pasaenmendoza.com\/index.php?rest_route=\/wp\/v2\/posts\/6838\/revisions"}],"predecessor-version":[{"id":6840,"href":"https:\/\/pasaenmendoza.com\/index.php?rest_route=\/wp\/v2\/posts\/6838\/revisions\/6840"}],"wp:featuredmedia":[{"embeddable":true,"href":"https:\/\/pasaenmendoza.com\/index.php?rest_route=\/wp\/v2\/media\/6839"}],"wp:attachment":[{"href":"https:\/\/pasaenmendoza.com\/index.php?rest_route=%2Fwp%2Fv2%2Fmedia&parent=6838"}],"wp:term":[{"taxonomy":"category","embeddable":true,"href":"https:\/\/pasaenmendoza.com\/index.php?rest_route=%2Fwp%2Fv2%2Fcategories&post=6838"},{"taxonomy":"post_tag","embeddable":true,"href":"https:\/\/pasaenmendoza.com\/index.php?rest_route=%2Fwp%2Fv2%2Ftags&post=6838"}],"curies":[{"name":"wp","href":"https:\/\/api.w.org\/{rel}","templated":true}]}}