{"id":6841,"date":"2024-04-17T14:25:07","date_gmt":"2024-04-17T12:25:07","guid":{"rendered":"https:\/\/pasaenmendoza.com\/?p=6841"},"modified":"2024-04-17T14:25:08","modified_gmt":"2024-04-17T12:25:08","slug":"alfredo-cornejo-confirmo-al-nuevo-titular-del-indec-mendocino","status":"publish","type":"post","link":"https:\/\/pasaenmendoza.com\/?p=6841","title":{"rendered":"Alfredo Cornejo confirm\u00f3 al nuevo titular del \u201cIndec mendocino\u201d"},"content":{"rendered":"\n<p>Andr\u00e9s Ariel Dom\u00ednguez ser\u00e1 el responsable de la Direcci\u00f3n de Estad\u00edsticas e Investigaciones Econ\u00f3micas de Mendoza.<\/p>\n\n\n\n<p>El gobierno provincial oficializ\u00f3 este mi\u00e9rcoles la designaci\u00f3n de&nbsp;<strong>Andr\u00e9s Ariel Dom\u00ednguez&nbsp;<\/strong>como nuevo titular de la&nbsp;<strong>Direcci\u00f3n de Estad\u00edsticas e Investigaciones Econ\u00f3micas de Mendoza (DEIE)<\/strong>. Ese lugar lo ocupaba&nbsp;<strong>Facundo Biffi.<\/strong><\/p>\n\n\n\n<p>La&nbsp;<strong>DEIE&nbsp;<\/strong>cumple en la provincia funciones similares a las del Instituto Nacional de Estad\u00edstica y Censos (Indec) a nivel pa\u00eds. Creada en 1887, se trata de&nbsp;<em>\u201cun organismo p\u00fablico de car\u00e1cter t\u00e9cnico que ejerce la coordinaci\u00f3n de las actividades estad\u00edsticas que se realizan en el territorio de la provincia de Mendoza\u201d<\/em>. Seg\u00fan su presentaci\u00f3n en su sitio web,&nbsp;<em>\u201ctiene por finalidad brindar informaci\u00f3n confiable, pertinente y oportuna para la toma de decisiones sobre pol\u00edticas p\u00fablicas, para el sector privado y a la comunidad en general, basada en el principio de la informaci\u00f3n como bien p\u00fablico y del derecho al acceso a la informaci\u00f3n p\u00fablica\u201d.<\/em><\/p>\n\n\n\n<p>El nombramiento de Dom\u00ednguez qued\u00f3 plasmado en el decreto 468, firmado por el gobernador&nbsp;<strong>Alfredo Cornejo&nbsp;<\/strong>y el ministro de Gobierno,&nbsp;<strong>Natalio Mema.<\/strong><\/p>\n\n\n\n<p><strong>Dom\u00ednguez\u00a0<\/strong>ya cuenta con una vasta trayectoria dentro de la DEIE, ya que previo a su designaci\u00f3n como director del organismo, hab\u00eda estado al frente de la\u00a0<strong>Coordinaci\u00f3n del \u00a0\u00e1rea de Metodolog\u00eda Estad\u00edstica<\/strong>.<\/p>\n\n\n\n<p>FUENTE: Elsol.com.ar <\/p>\n","protected":false},"excerpt":{"rendered":"<p>Andr\u00e9s Ariel Dom\u00ednguez ser\u00e1 el responsable de la Direcci\u00f3n de Estad\u00edsticas e Investigaciones Econ\u00f3micas de Mendoza. El gobierno provincial oficializ\u00f3 este mi\u00e9rcoles la designaci\u00f3n de&nbsp;Andr\u00e9s Ariel Dom\u00ednguez&nbsp;como nuevo titular de la&nbsp;Direcci\u00f3n de Estad\u00edsticas e Investigaciones Econ\u00f3micas de Mendoza (DEIE). Ese lugar lo ocupaba&nbsp;Facundo Biffi. La&nbsp;DEIE&nbsp;cumple en la provincia funciones similares a las del Instituto Nacional [&hellip;]<\/p>\n","protected":false},"author":2,"featured_media":6843,"comment_status":"open","ping_status":"open","sticky":true,"template":"","format":"standard","meta":[],"categories":[47],"tags":[],"_links":{"self":[{"href":"https:\/\/pasaenmendoza.com\/index.php?rest_route=\/wp\/v2\/posts\/6841"}],"collection":[{"href":"https:\/\/pasaenmendoza.com\/index.php?rest_route=\/wp\/v2\/posts"}],"about":[{"href":"https:\/\/pasaenmendoza.com\/index.php?rest_route=\/wp\/v2\/types\/post"}],"author":[{"embeddable":true,"href":"https:\/\/pasaenmendoza.com\/index.php?rest_route=\/wp\/v2\/users\/2"}],"replies":[{"embeddable":true,"href":"https:\/\/pasaenmendoza.com\/index.php?rest_route=%2Fwp%2Fv2%2Fcomments&post=6841"}],"version-history":[{"count":1,"href":"https:\/\/pasaenmendoza.com\/index.php?rest_route=\/wp\/v2\/posts\/6841\/revisions"}],"predecessor-version":[{"id":6844,"href":"https:\/\/pasaenmendoza.com\/index.php?rest_route=\/wp\/v2\/posts\/6841\/revisions\/6844"}],"wp:featuredmedia":[{"embeddable":true,"href":"https:\/\/pasaenmendoza.com\/index.php?rest_route=\/wp\/v2\/media\/6843"}],"wp:attachment":[{"href":"https:\/\/pasaenmendoza.com\/index.php?rest_route=%2Fwp%2Fv2%2Fmedia&parent=6841"}],"wp:term":[{"taxonomy":"category","embeddable":true,"href":"https:\/\/pasaenmendoza.com\/index.php?rest_route=%2Fwp%2Fv2%2Fcategories&post=6841"},{"taxonomy":"post_tag","embeddable":true,"href":"https:\/\/pasaenmendoza.com\/index.php?rest_route=%2Fwp%2Fv2%2Ftags&post=6841"}],"curies":[{"name":"wp","href":"https:\/\/api.w.org\/{rel}","templated":true}]}}