{"id":6848,"date":"2024-04-17T14:34:02","date_gmt":"2024-04-17T12:34:02","guid":{"rendered":"https:\/\/pasaenmendoza.com\/?p=6848"},"modified":"2024-04-17T14:38:41","modified_gmt":"2024-04-17T12:38:41","slug":"aun-no-logran-identificar-de-quien-es-la-cabeza-encontrada-en-el-basural-en-las-heras","status":"publish","type":"post","link":"https:\/\/pasaenmendoza.com\/?p=6848","title":{"rendered":"A\u00fan no logran identificar de qui\u00e9n es la cabeza encontrada en el basural en Las Heras"},"content":{"rendered":"\n<p>La&nbsp;<strong>cabeza de una persona<\/strong>&nbsp;<strong>hallada en un basural de Las Heras<\/strong>&nbsp;lleva dos d\u00edas en el laboratorio de Gen\u00e9tica Forense donde especialistas tratan de determinar a qui\u00e9n pertenece y as\u00ed avanzar en la investigaci\u00f3n. Tampoco trascendi\u00f3 si pertenece a un hombre o a una mujer, ni cu\u00e1nto tiempo llevaba all\u00ed.<\/p>\n\n\n\n<p>El fiscal de Homicidios Carlos Torres lleva adelante la investigaci\u00f3n que busca&nbsp;<strong>determinar a qui\u00e9n pertenece la cabeza hallada<\/strong>&nbsp;en la tarde del domingo en&nbsp;<strong>el basural de El Borboll\u00f3n<\/strong>, y poder determinar qu\u00e9 le pas\u00f3.<\/p>\n\n\n\n<p>Lo llamativo para los pesquisas es que&nbsp;<strong>estaba bien conservada, de hecho parec\u00eda momificada<\/strong>. Solo&nbsp;<strong>le faltan algunos dientes<\/strong>&nbsp;y una parte del labio superior.&nbsp;<strong>El cabello estaba casi intacto<\/strong>&nbsp;y a simple vista parece que ten\u00eda<strong>&nbsp;pelo corto y de color amarillo<\/strong>, posiblemente te\u00f1ido.<\/p>\n\n\n\n<p>Quienes lo encontraron hicieron un<strong>&nbsp;video que se viraliz\u00f3<\/strong>&nbsp;por Whatsapp.<\/p>\n\n\n\n<p>Alguna remota hip\u00f3tesis se\u00f1ala que puede pertenecer a una persona que se haya quitado la vida, y luego<strong>&nbsp;algunos perros hayan arrastrado la cabeza hasta el lugar donde fue encontrada.<\/strong><\/p>\n\n\n\n<h2 class=\"wp-block-heading\">Macabro hallazgo en Las Heras<\/h2>\n\n\n\n<p>Un sereno de un basural de El Borboll\u00f3n, en Las Heras, recorr\u00eda el predio en la tarde del domingo, cuando vio algo que le llam\u00f3 la atenci\u00f3n. Indicaron que&nbsp;<strong>primero crey\u00f3 que era parte de un mu\u00f1eco<\/strong>, pero cuando se acerc\u00f3 confirm\u00f3 que se trataba de otra cosa.<\/p>\n\n\n\n<p>Era la cabeza de una persona. A pesar de los nervios por el hallazgo,&nbsp;<strong>mir\u00f3 r\u00e1pido alrededor y no vio que estuviese el cuerpo.<\/strong>&nbsp;Sin perder m\u00e1s tiempo llam\u00f3 al 911 para alertar sobre lo que encontr\u00f3.<\/p>\n\n\n\n<p>Hasta all\u00ed fue personal de Polic\u00eda Cient\u00edfica quienes&nbsp;<strong>hicieron peritajes en la zona y especialmente donde hab\u00eda quedado la cabeza<\/strong>. Luego se la llevaron para que sea analizada y tratar de identificar de qui\u00e9n es.<\/p>\n\n\n\n<p><strong>Fuente: www.diariouno.com.ar<\/strong><\/p>\n","protected":false},"excerpt":{"rendered":"<p>La&nbsp;cabeza de una persona&nbsp;hallada en un basural de Las Heras&nbsp;lleva dos d\u00edas en el laboratorio de Gen\u00e9tica Forense donde especialistas tratan de determinar a qui\u00e9n pertenece y as\u00ed avanzar en la investigaci\u00f3n. Tampoco trascendi\u00f3 si pertenece a un hombre o a una mujer, ni cu\u00e1nto tiempo llevaba all\u00ed. El fiscal de Homicidios Carlos Torres lleva [&hellip;]<\/p>\n","protected":false},"author":2,"featured_media":6852,"comment_status":"open","ping_status":"open","sticky":false,"template":"","format":"standard","meta":[],"categories":[48],"tags":[],"_links":{"self":[{"href":"https:\/\/pasaenmendoza.com\/index.php?rest_route=\/wp\/v2\/posts\/6848"}],"collection":[{"href":"https:\/\/pasaenmendoza.com\/index.php?rest_route=\/wp\/v2\/posts"}],"about":[{"href":"https:\/\/pasaenmendoza.com\/index.php?rest_route=\/wp\/v2\/types\/post"}],"author":[{"embeddable":true,"href":"https:\/\/pasaenmendoza.com\/index.php?rest_route=\/wp\/v2\/users\/2"}],"replies":[{"embeddable":true,"href":"https:\/\/pasaenmendoza.com\/index.php?rest_route=%2Fwp%2Fv2%2Fcomments&post=6848"}],"version-history":[{"count":2,"href":"https:\/\/pasaenmendoza.com\/index.php?rest_route=\/wp\/v2\/posts\/6848\/revisions"}],"predecessor-version":[{"id":6857,"href":"https:\/\/pasaenmendoza.com\/index.php?rest_route=\/wp\/v2\/posts\/6848\/revisions\/6857"}],"wp:featuredmedia":[{"embeddable":true,"href":"https:\/\/pasaenmendoza.com\/index.php?rest_route=\/wp\/v2\/media\/6852"}],"wp:attachment":[{"href":"https:\/\/pasaenmendoza.com\/index.php?rest_route=%2Fwp%2Fv2%2Fmedia&parent=6848"}],"wp:term":[{"taxonomy":"category","embeddable":true,"href":"https:\/\/pasaenmendoza.com\/index.php?rest_route=%2Fwp%2Fv2%2Fcategories&post=6848"},{"taxonomy":"post_tag","embeddable":true,"href":"https:\/\/pasaenmendoza.com\/index.php?rest_route=%2Fwp%2Fv2%2Ftags&post=6848"}],"curies":[{"name":"wp","href":"https:\/\/api.w.org\/{rel}","templated":true}]}}