{"id":6851,"date":"2024-04-17T14:42:10","date_gmt":"2024-04-17T12:42:10","guid":{"rendered":"https:\/\/pasaenmendoza.com\/?p=6851"},"modified":"2024-04-17T23:51:53","modified_gmt":"2024-04-17T21:51:53","slug":"guerra-en-el-pro-de-mendoza-y-cuatro-anotados-para-la-presidencia-a-horas-del-cierre-de-listas","status":"publish","type":"post","link":"https:\/\/pasaenmendoza.com\/?p=6851","title":{"rendered":"Guerra en el PRO de Mendoza y cuatro anotados para la presidencia a horas del cierre de listas"},"content":{"rendered":"\n<p>Recrudeci\u00f3 la interna por un cambio a la Carta Org\u00e1nica que pidi\u00f3 el oficialismo. A 72 horas todav\u00eda hay cuatro postulados para un solo cargo<\/p>\n\n\n\n<p>La cosa se puso picante en el&nbsp;<strong>PRO<\/strong>&nbsp;local a horas de que se cierren las&nbsp;<strong>listas&nbsp;<\/strong>para pelear por la&nbsp;<strong>presidencia<\/strong>.&nbsp;A esta altura persisten cuatro nombres propios con chances de quedar anotados en la interna: la vicegobernadora&nbsp;<strong>Hebe Casado<\/strong>&nbsp;y la diputada&nbsp;<strong>Sol Salinas<\/strong>&nbsp;por el &#8220;wing&#8221; de Cambia Mendoza y el senador&nbsp;<strong>Gabriel Pradines<\/strong>&nbsp;junto con la tambi\u00e9n diputada&nbsp;<strong>&#8220;Lula&#8221; Balsells-Mir\u00f3<\/strong>&nbsp;por el lado de La Uni\u00f3n Mendocina. Tambi\u00e9n hay disputas por un cambio de \u00faltimo momento que propuso el sector oficialista: eliminar el cupo joven.<\/p>\n\n\n\n<p>Para algunos lo m\u00e1s llamativo son los anotados. Aunque no est\u00e1 confirmado, en el demarchismo la postulaci\u00f3n de&nbsp;<strong>Pradines aparece cada vez m\u00e1s como una certeza.<\/strong>&nbsp;Es un legislador que viene del&nbsp;<strong>Partido Dem\u00f3crata<\/strong>&nbsp;y que el a\u00f1o pasado intent\u00f3 quedarse con la intendencia de Guaymall\u00e9n como referente de la LAUM. Ahora es casi con seguridad quien le pelear\u00e1 a los&nbsp;<strong>amarillos afines al gobierno de Alfredo Cornejo.<\/strong><\/p>\n\n\n\n<p>Sin embargo no est\u00e1 solo. En las oficinas de Chacras Park, donde suele juntarse la que qued\u00f3 como segunda fuerza de la provincia en las \u00faltimas elecciones, asoma tambi\u00e9n el nombre de la mencionada<strong>&nbsp;Balsells-Mir\u00f3. Diputada con otro perfil y con muchos amigos en la vereda de enfrente,&nbsp;<\/strong>el oficialismo. Aseguran que no tiene el mismo nivel de respaldo interno para jugar que Pradines -al que dan ya como confirmado- pero tambi\u00e9n que hasta \u00faltimo momento mantendr\u00e1 algunas chances.<\/p>\n\n\n\n<p>En la n\u00f3mina de<strong>&nbsp;LAUM<\/strong>&nbsp;habr\u00e1 algunas caras conocidas, como los<strong>&nbsp;legisladores PRO&nbsp;<\/strong>que se metieron el a\u00f1o pasado a la Casa de las Leyes con esa coalici\u00f3n.<\/p>\n\n\n\n<p><strong>&#8220;De los legisladores que hoy ya son del partido, hay que fijarse en los que no aparezcan&nbsp;<\/strong>en la lista del viernes. O sea, los que se corren. Esos son los que est\u00e1n preparando para irse a&nbsp;<strong>La Libertad Avanza,<\/strong>&nbsp;a lo que est\u00e1 armando el&nbsp;<strong>mile\u00edsmo en Mendoza<\/strong>&#8220;, avisaron.&nbsp;Este diario public\u00f3 el domingo un<strong>&nbsp;detalle sobre esa incipiente alianza.<\/strong><\/p>\n\n\n\n<h2 class=\"wp-block-heading\">Qu\u00e9 har\u00e1 Sol Salinas<\/h2>\n\n\n\n<p>Del otro lado est\u00e1 m\u00e1s o menos igual de n\u00edtido.&nbsp;<strong>Hebe Casado es la gran propuesta del PRO<\/strong>&nbsp;que qued\u00f3 en Cambia Mendoza (&#8220;el \u00fanico PRO&#8221;, suelen decir ellos) y quien parece reunir al gran aparato de respaldo detr\u00e1s; pero en el sector de<strong>&nbsp;Sol Salinas<\/strong>, que tambi\u00e9n es oficialista pero igual impulsa la interna, aseguran que<strong>&nbsp;no se bajar\u00e1 de la contienda.&nbsp;<\/strong>Para participar necesita avales del 5% de los afiliados (deben conseguirse aproximadamente unos mil) y hasta sus propios detractores contaron que los reuni\u00f3&nbsp;<strong>con holgura, previsiblemente.<\/strong><\/p>\n\n\n\n<p>&#8220;El asunto va a ser cuando&nbsp;<strong>tenga que jugar en los departamentos y juntar nombres ah\u00ed.&nbsp;<\/strong>Yo no s\u00e9 si tiene la espalda para poner listas en las comunas; pero bueno, habr\u00e1 que ver&#8221;, resumi\u00f3 una voz&nbsp;<strong>&#8220;casadista&#8221;&nbsp;<\/strong>sobre la legisladora. En ese flanco cre\u00edan que&nbsp;<strong>la referente capitalina estaba por bajar las banderas,&nbsp;<\/strong>pensando que el hecho de tenerla como coequiper la n\u00f3mina de asamble\u00edstas del PRO a nivel nacional -listado que se present\u00f3 en marzo, con la asunci\u00f3n de Mauricio Macri- iba a terminar de limar las asperezas.<\/p>\n\n\n\n<p>No fue as\u00ed: del lado de la diputada dicen leer que hay una<strong>&nbsp;crisis de representatividad en la pol\u00edtica,<\/strong>&nbsp;supuestamente demostrada con la llegada a la presidencia de Javier Milei, y<strong>&nbsp;que se puede jugar incluso no siendo favorito.&nbsp;<\/strong>Es lo que intentar\u00eda al filo de este fin de semana, probablemente aprovechando que tiene buenos<strong>&nbsp;v\u00ednculos en Buenos Aires, entre los que se destaca la propia Patricia Bullrich<\/strong>&nbsp;y su gente.<\/p>\n\n\n\n<p>En esos cuatro nombres se juega la pelea de fondo<strong>, pero tambi\u00e9n habr\u00e1 otras discusiones por los cargos.<\/strong>&nbsp;Adem\u00e1s del rol m\u00e1s alto del partido, las listas tendr\u00e1n que llevar candidatos&nbsp;<strong>al PRO Mujeres y a la Juventud del PRO.&nbsp;<\/strong>Las tres categor\u00edas estar\u00e1n en las plataformas provinciales. Mientras que en los departamentos se sumar\u00e1n los candidatos a autoridades municipales y los postulantes a asamble\u00edstas de la fuerza.<\/p>\n\n\n\n<h2 class=\"wp-block-heading\">El regreso de un empresario clave<\/h2>\n\n\n\n<p>Entre esos lugares (pero m\u00e1s arriba) asoma el regreso de una figura que fue fuerte en las filas amarillas: el&nbsp;<strong>empresario de la carne Jos\u00e9 &#8220;Pepe&#8221; Micheli.&nbsp;<\/strong>En los \u00faltimos d\u00edas dio se\u00f1ales de querer sumarse directamente a la contienda por la presidencia y ponerle el pecho a Casado y compa\u00f1\u00eda como uno m\u00e1s arriba del ring, pero en el oficialismo dicen ya tenerlo sumado para un<strong>&nbsp;&#8220;cargo fuerte&#8221;<\/strong>&nbsp;y as\u00ed anexarlo como uno de los propios.<\/p>\n\n\n\n<p>&#8220;Yo estoy para pelear,&nbsp;<strong>pero contra la Hebe no quiero competir&#8221;,<\/strong>&nbsp;afirman que les dijo amistosamente. En los \u00faltimos d\u00edas habl\u00f3 directamente con Casado en distintas oportunidades y ese intercambio sirvi\u00f3 para ir armando su desembarco. Tambi\u00e9n viene hablando con el presidente del bloque en Diputados, Enrique Thomas. Pero todav\u00eda falta: tiene<strong>&nbsp;algunas condiciones espec\u00edficas que puso para estar adentro,<\/strong>&nbsp;como el lugar que finalmente le den en la lista y &#8220;ser un elemento de conciliaci\u00f3n y no de m\u00e1s ruptura&#8221;, aseguraron.<\/p>\n\n\n\n<p>Este jueves al mediod\u00eda tendr\u00e1 un encuentro con<strong>&nbsp;armadores del sector amarillo de la vice&nbsp;<\/strong>en el que terminar\u00e1 de definirse cu\u00e1l ser\u00e1 su lugar en la pelea por los espacios y de qu\u00e9 manera volver\u00e1 al partido el extitular de la Liga Mendocina de F\u00fatbol.&nbsp;<strong>Ya fue vicepresidente de la fuerza<\/strong>&nbsp;a\u00f1os atr\u00e1s, cuando el presidente era&nbsp;<strong>De Marchi.<\/strong>&nbsp;Termin\u00f3 y\u00e9ndose antes de tiempo y&nbsp;<strong>no de la mejor manera con el hoy funcionario de Milei.<\/strong><\/p>\n\n\n\n<p>Por otra parte, no es la primera vez que asoma la vuelta de Micheli a la pol\u00edtica partidaria. En 2023,\u00a0se supo que<strong>\u00a0fue tentado para competir en las listas del Partido Libertario<\/strong>, pero finalmente declin\u00f3 esa propuesta y no jug\u00f3. Su \u00faltimo paso por las urnas fue cuando compiti\u00f3 por la intendencia de Guaymall\u00e9n en 2015, siempre bajo el sello amarillo.<\/p>\n\n\n\n<p><strong>&#8220;Cuando nosotros \u00e9ramos ocho o diez tipos<\/strong>&nbsp;y muchos prefer\u00edan todav\u00eda ir con los radicales, \u00e9l ya era PRO y se la jugaba&#8221;, le tir\u00f3 flores una fuente cercana de las que hoy quieren sumarlo.<\/p>\n\n\n\n<h2 class=\"wp-block-heading\">Guerra por el cupo de la juventud<\/h2>\n\n\n\n<p>El fin de semana empez\u00f3 a escalar un nuevo&nbsp;<strong>conflicto entre los dos flancos principales<\/strong>.<\/p>\n\n\n\n<p>Es que el oficialismo, encolumnado atr\u00e1s de la vicegobernadora&nbsp;<strong>Hebe Casado, busc\u00f3 (y logr\u00f3)&nbsp;<\/strong>que no sea necesario por esta elecci\u00f3n llenar el&nbsp;<strong>cupo joven<\/strong>&nbsp;de las listas. Es decir, que el 30% de la n\u00f3mina de nombres tenga menos de 30 a\u00f1os de edad. El demarchismo estall\u00f3.<\/p>\n\n\n\n<p><strong>&#8220;Hebe Casado quiere que en la interna del PRO&nbsp;<\/strong>no se respete la participaci\u00f3n de los j\u00f3venes. La carta org\u00e1nica dice que deben ser integradas por j\u00f3venes e hicieron una excepci\u00f3n,&nbsp;<strong>s\u00f3lo por esta elecci\u00f3n<\/strong>, aduciendo que faltan j\u00f3venes. A nosotros no nos faltan, nos sobran&#8221;, public\u00f3 en &#8220;X&#8221;<strong>&nbsp;Maximiliano Olgu\u00edn,<\/strong>&nbsp;referente de la juventud demarchista, en pareja adem\u00e1s con la concejala oficialista de Luj\u00e1n Malena \u00c1balos, y quien<strong>&nbsp;ser\u00eda el candidato<\/strong>&nbsp;a a Juventud PRO por ese sector.<\/p>\n\n\n\n<p>El lunes por la tarde hubo un encuentro del que<strong>&nbsp;particip\u00f3 Omar De Marchi y donde se baraj\u00f3 fundamentalmente ese tema,<\/strong>&nbsp;entendido por la gente de LAUM como una trampa -dicen- que busca hacerle el oficialismo,&nbsp;<strong>&#8220;entre muchas otras de las que no hemos hablado&#8221;,&nbsp;<\/strong>seg\u00fan denunciaron.<\/p>\n\n\n\n<p>Este medio se comunic\u00f3 con<strong>&nbsp;Pablo Priore,&nbsp;<\/strong>uno de los hombres fuertes del sector de Casado, quien dijo que eso se hizo porque hay departamentos en los que se complica llenar ese n\u00famero.<\/p>\n\n\n\n<p><strong>&#8220;Tenemos comunas como La Paz, que ten\u00eda 20 afiliados en total hasta ahora que metimos cuarenta y pico m\u00e1s.&nbsp;<\/strong>O Santa Rosa, que ahora son 100, pero hasta hace poco tiempo eran 60. Entonces si hay espacios en los que directamente no hay una buena cantidad de afiliados al partido, no tiene sentido pedir un porcentaje de cupo joven&#8221;, respondi\u00f3 el exlegislador y hombre de confianza de la vice.<strong>&nbsp;&#8220;Ellos se oponen porque as\u00ed son:&nbsp;<\/strong>se oponen a todo. As\u00ed funcionan tambi\u00e9n en la Legislatura&#8221;, opin\u00f3.<\/p>\n\n\n\n<p><strong>La medida es el punto 4 de lo \u00faltimo que acordaron en la Junta Electoral&nbsp;<\/strong>y los art\u00edculos que busca desactivar son el<strong>&nbsp;22 y 33 de la Carta Org\u00e1nica del partido<\/strong>. Desde el sector de Salinas anunciaron que iban a pedir la impugnaci\u00f3n de la medida, aduciendo que antes se peleaban con&nbsp;<strong>De Marchi<\/strong>&nbsp;para que permitiera un cupo joven y ahora&nbsp;<strong>es la vereda del frente la que busca dejarlo sin efecto.<\/strong><\/p>\n\n\n\n<p>El viernes se presentar\u00e1n los nombres. Es probable que queden s\u00f3lo tres.&nbsp;<strong>La vicegobernadora no estar\u00e1 en la provincia&nbsp;<\/strong>ese d\u00eda, porque su vuelo desde Australia, donde encabeza una gira para promocionar la miner\u00eda en Mendoza,&nbsp;<strong>sale reci\u00e9n el s\u00e1bado con destino a Ezeiza.<\/strong><\/p>\n\n\n\n<p>FUENTE: Diariouno.com.ar <\/p>\n","protected":false},"excerpt":{"rendered":"<p>Recrudeci\u00f3 la interna por un cambio a la Carta Org\u00e1nica que pidi\u00f3 el oficialismo. A 72 horas todav\u00eda hay cuatro postulados para un solo cargo La cosa se puso picante en el&nbsp;PRO&nbsp;local a horas de que se cierren las&nbsp;listas&nbsp;para pelear por la&nbsp;presidencia.&nbsp;A esta altura persisten cuatro nombres propios con chances de quedar anotados en la [&hellip;]<\/p>\n","protected":false},"author":2,"featured_media":6802,"comment_status":"open","ping_status":"open","sticky":true,"template":"","format":"standard","meta":[],"categories":[47],"tags":[],"_links":{"self":[{"href":"https:\/\/pasaenmendoza.com\/index.php?rest_route=\/wp\/v2\/posts\/6851"}],"collection":[{"href":"https:\/\/pasaenmendoza.com\/index.php?rest_route=\/wp\/v2\/posts"}],"about":[{"href":"https:\/\/pasaenmendoza.com\/index.php?rest_route=\/wp\/v2\/types\/post"}],"author":[{"embeddable":true,"href":"https:\/\/pasaenmendoza.com\/index.php?rest_route=\/wp\/v2\/users\/2"}],"replies":[{"embeddable":true,"href":"https:\/\/pasaenmendoza.com\/index.php?rest_route=%2Fwp%2Fv2%2Fcomments&post=6851"}],"version-history":[{"count":2,"href":"https:\/\/pasaenmendoza.com\/index.php?rest_route=\/wp\/v2\/posts\/6851\/revisions"}],"predecessor-version":[{"id":6873,"href":"https:\/\/pasaenmendoza.com\/index.php?rest_route=\/wp\/v2\/posts\/6851\/revisions\/6873"}],"wp:featuredmedia":[{"embeddable":true,"href":"https:\/\/pasaenmendoza.com\/index.php?rest_route=\/wp\/v2\/media\/6802"}],"wp:attachment":[{"href":"https:\/\/pasaenmendoza.com\/index.php?rest_route=%2Fwp%2Fv2%2Fmedia&parent=6851"}],"wp:term":[{"taxonomy":"category","embeddable":true,"href":"https:\/\/pasaenmendoza.com\/index.php?rest_route=%2Fwp%2Fv2%2Fcategories&post=6851"},{"taxonomy":"post_tag","embeddable":true,"href":"https:\/\/pasaenmendoza.com\/index.php?rest_route=%2Fwp%2Fv2%2Ftags&post=6851"}],"curies":[{"name":"wp","href":"https:\/\/api.w.org\/{rel}","templated":true}]}}