{"id":6862,"date":"2024-04-17T23:16:06","date_gmt":"2024-04-17T21:16:06","guid":{"rendered":"https:\/\/pasaenmendoza.com\/?p=6862"},"modified":"2024-04-17T23:16:08","modified_gmt":"2024-04-17T21:16:08","slug":"el-titular-del-colegio-inmobiliario-de-mendoza-destaco-que-ya-no-hay-listas-de-espera-para-alquilar","status":"publish","type":"post","link":"https:\/\/pasaenmendoza.com\/?p=6862","title":{"rendered":"El titular del Colegio Inmobiliario de Mendoza destac\u00f3 que ya no hay listas de espera para alquilar"},"content":{"rendered":"\n<p><strong>Eduardo Rosta<\/strong>, presidente del Colegio de Corredores P\u00fablicos Inmobiliarios de Mendoza, asegur\u00f3\u00a0que luego de la\u00a0<strong>derogaci\u00f3n<\/strong>\u00a0de la Ley de\u00a0<strong>Alquileres<\/strong>, a trav\u00e9s de un\u00a0<strong>DNU de Javier Milei<\/strong>,\u00a0<strong>desaparecieron\u00a0<\/strong>las\u00a0<strong>listas de espera<\/strong>.<\/p>\n\n\n\n<p>Hasta 2023 muchos de los que emprend\u00edan la decisi\u00f3n de arrendar una vivienda ten\u00edan que anotarse en las&nbsp;<strong>largas listas<\/strong>&nbsp;que ten\u00edan las inmobiliarias y que en muchos casos, a menos de 24 horas de publicar un inmueble, ya&nbsp;<strong>superaban la decena de interesados<\/strong>.<\/p>\n\n\n\n<p>Esto cambi\u00f3 porque, seg\u00fan Rosta, la oferta de viviendas\u00a0<strong>aument\u00f3 un 300%\u00a0<\/strong>desde que el Presidente\u00a0derog\u00f3 la Ley de Alquileres.<\/p>\n\n\n\n<p>El aumento de la oferta lo\u00a0<strong>atribuye\u00a0<\/strong>a que ahora se pueden realizar\u00a0<strong>&#8220;acuerdos<\/strong>\u00a0casi\u00a0<strong>artesanales<\/strong>\u00a0entre locador y locatario, con una\u00a0<strong>flexibilidad<\/strong>\u00a0para ajustar\u00a0<strong>valores<\/strong>\u00a0de inicio y de indexaci\u00f3n&#8221;.<\/p>\n\n\n\n<p>&#8220;Hace un&nbsp;<strong>tiempo&nbsp;<\/strong>ten\u00edamos,&nbsp;<strong>por cada departamento<\/strong>&nbsp;que pon\u00edas en alquiler,&nbsp;<strong>listas de espera de 20 o 30 personas<\/strong>.&nbsp;<strong>Hoy es al rev\u00e9s<\/strong>. Ten\u00e9s departamentos que, por ejemplo, si las condiciones de locaci\u00f3n no son lo suficientemente buenas en cuanto a precio y actualizaciones o \u00edndices que va a utilizar para actualizar,&nbsp;<strong>quedan sin alquilarse<\/strong>&#8220;, explic\u00f3 Rosta.<\/p>\n\n\n\n<p>Adem\u00e1s, asegur\u00f3 que &#8220;en algunos casos si el problema es el precio, pasan un par de meses hasta tanto&nbsp;<strong>la misma inflaci\u00f3n se encargue de que ese valor que se pide inicialmente quede competitivo<\/strong>. Esa es la realidad del mercado inmobiliario&#8221;.<\/p>\n\n\n\n<p>Seg\u00fan los n\u00fameros que maneja la entidad que entrega las matr\u00edculas a los corredores inmobiliarios, en los\u00a0<strong>\u00faltimos meses del 2023 de cada 100 viviendas<\/strong>\u00a0que se publicaban en los portales, solamente\u00a0<strong>4 eran para alquiler<\/strong>.\u00a0<strong>Ahora<\/strong>,\u00a0<strong>de cada 100\u00a0<\/strong>que se anuncian,\u00a0<strong>20\u00a0<\/strong>son para\u00a0<strong>arrendar<\/strong>. &#8220;El mercado ha recibido favorablemente al DNU&#8221;, asegur\u00f3 Rosta.<\/p>\n\n\n\n<h2 class=\"wp-block-heading\">Los n\u00fameros que se desprenden de los contratos de alquileres<\/h2>\n\n\n\n<p>Una de las particularidades que tuvo la derogaci\u00f3n de la Ley de Alquileres es que permite que las partes puedan&nbsp;<strong>decidir&nbsp;<\/strong>el&nbsp;<strong>plazo&nbsp;<\/strong>por el cual firman el contrato, y que en caso de no estar aclarado en el texto del contrato&nbsp;<strong>se presume que fue firmado por 2 a\u00f1os<\/strong>.<\/p>\n\n\n\n<p>Esto permiti\u00f3 que el\u00a0<strong>70% de los contratos<\/strong>\u00a0que se firmaron a partir de la derogaci\u00f3n se hayan hecho por<strong>\u00a024 meses<\/strong>. Un\u00a0<strong>16%<\/strong>\u00a0por\u00a0<strong>12 meses<\/strong>\u00a0y un\u00a0<strong>14% en otros plazos.<\/strong><\/p>\n\n\n\n<p>Luego, como el decreto establece que &#8220;ser\u00e1 v\u00e1lido el&nbsp;<strong>uso de cualquier \u00edndice<\/strong>&nbsp;pactado por las partes&#8221;, Rosta indic\u00f3 que el&nbsp;<strong>60%&nbsp;<\/strong>de los contratos celebrados desde el DNU, establecen como forma de actualizaci\u00f3n el&nbsp;<strong>\u00cdndice para Contratos de Locaci\u00f3n (ICL)<\/strong>, el&nbsp;<strong>35%<\/strong>&nbsp;por el&nbsp;<strong>\u00cdndice de Precios al Consumidor (IPC)&nbsp;<\/strong>y el restante&nbsp;<strong>5%<\/strong>&nbsp;en&nbsp;<strong>otros<\/strong>&nbsp;tipos de \u00edndices.<\/p>\n\n\n\n<p>Adem\u00e1s, otra cuesti\u00f3n que permite el DNU, es que las partes puedan establecer&nbsp;<strong>cada cuanto<\/strong>&nbsp;se&nbsp;<strong>actualiza<\/strong>&nbsp;el&nbsp;<strong>precio<\/strong>&nbsp;del alquiler. Es por ello que, el&nbsp;<strong>50%<\/strong>&nbsp;de los contratos que se est\u00e1n firmando en Mendoza tienen un ajuste&nbsp;<strong>cuatrimestral<\/strong>, un&nbsp;<strong>25% trimestral<\/strong>&nbsp;y el n\u00famero&nbsp;<strong>restante<\/strong>&nbsp;lo componen quienes optan por ajustes&nbsp;<strong>semestrales&nbsp;<\/strong>u otros tipos de actualizaciones.<\/p>\n\n\n\n<p>A pesar del temor por la\u00a0<strong>dolarizaci\u00f3n<\/strong>\u00a0de los alquileres, el peso argentino sigue siendo el m\u00e1s elegido. El\u00a0<strong>98% de los contratos\u00a0<\/strong>se estableci\u00f3 la\u00a0<strong>moneda local<\/strong>\u00a0y solamente el\u00a0<strong>2%<\/strong>\u00a0est\u00e1 pactado en<strong>\u00a0moneda extranjera<\/strong>. &#8220;En algunas casas de barrios privados se publican en d\u00f3lares, pero los contratos se terminan celebrando en su mayor\u00eda en pesos&#8221;, indic\u00f3 Rosta.<\/p>\n\n\n\n<p>De acuerdo a la explicaci\u00f3n que brind\u00f3 Rosta: &#8220;Son muy poquitos los contratos que se celebran en d\u00f3lares, porque al estar&nbsp;<strong>planchado el tipo de cambio<\/strong>, las opciones m\u00e1s potables -siempre para&nbsp;<strong>preservar<\/strong>&nbsp;el valor- se relacionan con manejarse en&nbsp;<strong>pesos&#8221;.<\/strong><\/p>\n\n\n\n<p>&#8220;Tambi\u00e9n est\u00e1 pasando que\u00a0<strong>muchos inquilinos\u00a0<\/strong>prefieren y\u00a0<strong>proponen pagar en d\u00f3lares<\/strong>. Generar un contrato en d\u00f3lares que se mantenga durante todo el proceso locativo a un valor \u00fanico&#8221;, de acuerdo a Rosta.<\/p>\n\n\n\n<p><strong>Fuente: www.diariouno.com.ar<\/strong><\/p>\n","protected":false},"excerpt":{"rendered":"<p>Eduardo Rosta, presidente del Colegio de Corredores P\u00fablicos Inmobiliarios de Mendoza, asegur\u00f3\u00a0que luego de la\u00a0derogaci\u00f3n\u00a0de la Ley de\u00a0Alquileres, a trav\u00e9s de un\u00a0DNU de Javier Milei,\u00a0desaparecieron\u00a0las\u00a0listas de espera. Hasta 2023 muchos de los que emprend\u00edan la decisi\u00f3n de arrendar una vivienda ten\u00edan que anotarse en las&nbsp;largas listas&nbsp;que ten\u00edan las inmobiliarias y que en muchos casos, a [&hellip;]<\/p>\n","protected":false},"author":2,"featured_media":6863,"comment_status":"open","ping_status":"open","sticky":false,"template":"","format":"standard","meta":[],"categories":[69],"tags":[],"_links":{"self":[{"href":"https:\/\/pasaenmendoza.com\/index.php?rest_route=\/wp\/v2\/posts\/6862"}],"collection":[{"href":"https:\/\/pasaenmendoza.com\/index.php?rest_route=\/wp\/v2\/posts"}],"about":[{"href":"https:\/\/pasaenmendoza.com\/index.php?rest_route=\/wp\/v2\/types\/post"}],"author":[{"embeddable":true,"href":"https:\/\/pasaenmendoza.com\/index.php?rest_route=\/wp\/v2\/users\/2"}],"replies":[{"embeddable":true,"href":"https:\/\/pasaenmendoza.com\/index.php?rest_route=%2Fwp%2Fv2%2Fcomments&post=6862"}],"version-history":[{"count":1,"href":"https:\/\/pasaenmendoza.com\/index.php?rest_route=\/wp\/v2\/posts\/6862\/revisions"}],"predecessor-version":[{"id":6864,"href":"https:\/\/pasaenmendoza.com\/index.php?rest_route=\/wp\/v2\/posts\/6862\/revisions\/6864"}],"wp:featuredmedia":[{"embeddable":true,"href":"https:\/\/pasaenmendoza.com\/index.php?rest_route=\/wp\/v2\/media\/6863"}],"wp:attachment":[{"href":"https:\/\/pasaenmendoza.com\/index.php?rest_route=%2Fwp%2Fv2%2Fmedia&parent=6862"}],"wp:term":[{"taxonomy":"category","embeddable":true,"href":"https:\/\/pasaenmendoza.com\/index.php?rest_route=%2Fwp%2Fv2%2Fcategories&post=6862"},{"taxonomy":"post_tag","embeddable":true,"href":"https:\/\/pasaenmendoza.com\/index.php?rest_route=%2Fwp%2Fv2%2Ftags&post=6862"}],"curies":[{"name":"wp","href":"https:\/\/api.w.org\/{rel}","templated":true}]}}