{"id":6865,"date":"2024-04-17T23:22:39","date_gmt":"2024-04-17T21:22:39","guid":{"rendered":"https:\/\/pasaenmendoza.com\/?p=6865"},"modified":"2024-04-17T23:22:40","modified_gmt":"2024-04-17T21:22:40","slug":"nacion-actualizo-la-planilla-de-colegios-habilitados-para-el-voucher-educativo-en-mendoza","status":"publish","type":"post","link":"https:\/\/pasaenmendoza.com\/?p=6865","title":{"rendered":"Naci\u00f3n actualiz\u00f3 la planilla de colegios habilitados para el voucher educativo en Mendoza"},"content":{"rendered":"\n<p>Tras el reclamo formalizado por Educaci\u00f3n Privada de la\u00a0<strong>Direcci\u00f3n General de Escuelas (DGE)<\/strong>, la Secretar\u00eda de Educaci\u00f3n revis\u00f3 y actualiz\u00f3 el listado de colegios de Mendoza habilitados para la inscripci\u00f3n en los\u00a0<strong>vouchers educativos<\/strong>. Faltaban 13 instituciones que ya fueron incorporadas y adem\u00e1s est\u00e1n en proceso otras dos, cuya ausencia salt\u00f3 en un nuevo control.<\/p>\n\n\n\n<p><strong>Las escuelas N\u00ba s232 Las Retamas y N\u00ba P231 Kalen-Hue son las dos que entraron en el \u00faltimo reclamo<\/strong>&nbsp;y ser\u00e1n incorporadas a lo largo del d\u00eda para que los padres puedan dar curso a su tr\u00e1mite para hacerse del subsidio que la Naci\u00f3n otorgar\u00e1 por tres meses para&nbsp;<strong>pagar la mitad del valor de la cuota<\/strong>&nbsp;de alumnos de&nbsp;<strong>colegios privados<\/strong>&nbsp;con aporte estatal.<\/p>\n\n\n\n<p>De los 2.409.006 estudiantes que podr\u00edan acceder al voucher en el pa\u00eds,\u00a0<strong>se han registrado solo 542.000 tr\u00e1mites<\/strong>, seg\u00fan el \u00faltimo informe de Capital Humano. El n\u00famero concreto de cu\u00e1ntos padres pudieron completar el proceso en Mendoza no ha llegado a la DGE. En principio, ese dato\u00a0<strong>no se conocer\u00e1 p\u00fablicamente<\/strong>\u00a0y la informaci\u00f3n llegar\u00e1 a cada una de las escuelas de manera particular, tr\u00e1mite por tr\u00e1mite.<\/p>\n\n\n\n<h2 class=\"wp-block-heading\">\u00bfNo encontrabas tu escuela para pedir el voucher educativo?<\/h2>\n\n\n\n<p>La carga de datos para la inscripci\u00f3n en los vouchers educativos se realiza en la web oficial&nbsp;<strong>www.argentina.gob.ar\/vouchers-educativos<\/strong>. Son muchas las familias que no encontraron su escuela.<\/p>\n\n\n\n<p>En principio, las que faltaban son las siguientes, pero la planilla est\u00e1 siendo actualizada, por lo que desde la DGE recomendaron a los padres hacer un nuevo chequeo:<\/p>\n\n\n\n<ul>\n<li>N\u00ba s232 Las Retamas (Secundaria)<\/li>\n\n\n\n<li>N\u00ba P231 &#8211; Kalen Hue (Primaria)<\/li>\n\n\n\n<li>Lumen (Primaria y Secundaria)<\/li>\n\n\n\n<li>Sant\u00edsima Trinidad (Primaria)<\/li>\n\n\n\n<li>Alfred Nobel (Primaria)<\/li>\n\n\n\n<li>San Juan Bosco (Primaria y Secundaria)<\/li>\n\n\n\n<li>Santa Clara (Primaria y Secundaria)<\/li>\n\n\n\n<li>Pascacio Moreno (Primaria)<\/li>\n\n\n\n<li>Redentor (Primaria y Secundaria)<\/li>\n\n\n\n<li>Sagrada Familia de Nazaret (Primaria y Secundaria)<\/li>\n\n\n\n<li>Beato Juan Bautista Scalabrini (Secundaria)<\/li>\n<\/ul>\n\n\n\n<p>En caso de que el colegio de sus hijos siga faltando, los padres deber\u00e1n reclamar individualmente a&nbsp;<strong>voucherseducativos@educacion.gob.ar<\/strong><\/p>\n\n\n\n<p>Para la inscripci\u00f3n, la p\u00e1gina requerir\u00e1:<\/p>\n\n\n\n<ul>\n<li>N\u00famero de DNI y n\u00famero de CUIL de los menores a cargo.<\/li>\n\n\n\n<li>Nombre y direcci\u00f3n de la instituci\u00f3n educativa a la que asisten.<\/li>\n\n\n\n<li>CBU actualizado en Mi ANSES.<\/li>\n<\/ul>\n\n\n\n<h2 class=\"wp-block-heading\">Todo lo que ten\u00e9s que saber del voucher educativo<\/h2>\n\n\n\n<p><strong>\u00bfQui\u00e9nes pueden solicitar el Voucher Educativo?<\/strong><\/p>\n\n\n\n<p>Pueden solicitarlo las familias con hijos de hasta 18 a\u00f1os que asisten a instituciones educativas p\u00fablicas de gesti\u00f3n privada de niveles inicial, primario y secundario con al menos 75 % de aporte estatal.<\/p>\n\n\n\n<p><strong>\u00bfQui\u00e9n debe realizar la inscripci\u00f3n?<\/strong><\/p>\n\n\n\n<p>La inscripci\u00f3n debe ser realizada solo por una de las personas que ejerza la responsabilidad parental de estudiantes de hasta 18 a\u00f1os de edad inclusive: madre, padre o tutor.<\/p>\n\n\n\n<p><strong>\u00bfPuedo solicitar el voucher por cada uno de los menores que tengo a cargo?<\/strong><\/p>\n\n\n\n<p>S\u00ed, la prestaci\u00f3n consistir\u00e1 en una suma de dinero mensual por cada menor que asista a una instituci\u00f3n educativa seg\u00fan lo establecido en el reglamento. Cada madre, padre o tutor puede inscribir a todos los menores que tenga a cargo.<\/p>\n\n\n\n<p><strong>\u00bfCu\u00e1les son los requisitos para solicitar el Voucher Educativo?<\/strong><\/p>\n\n\n\n<p><strong>Responsables parentales<\/strong><\/p>\n\n\n\n<ul>\n<li>&nbsp;Ser argentinos nativos o naturalizado o extranjeros con residencia legal de al menos dos a\u00f1os en el pa\u00eds y contar con DNI.<\/li>\n\n\n\n<li>La suma de los ingresos de su grupo familiar no debe ser superior a siete Salarios M\u00ednimos, Vitales y M\u00f3viles (SMVM).<\/li>\n\n\n\n<li>Solicitar la prestaci\u00f3n dentro de los plazos fijados por la convocatoria.<\/li>\n\n\n\n<li>Completar la encuesta solicitada al momento de realizar la inscripci\u00f3n en la plataforma.<\/li>\n\n\n\n<li>Finalizar correctamente la inscripci\u00f3n en la plataforma.<\/li>\n<\/ul>\n\n\n\n<p><strong>Alumnos<\/strong><\/p>\n\n\n\n<ul>\n<li>&nbsp;Tener al momento del cierre de la convocatoria hasta dieciocho a\u00f1os inclusive.<\/li>\n\n\n\n<li>Asistir a una instituci\u00f3n educativa p\u00fablica de gesti\u00f3n privada de nivel inicial, primario o secundario con al menos 75 % de aporte estatal.<\/li>\n\n\n\n<li>Cumplir con la condici\u00f3n de alumno regular.<\/li>\n<\/ul>\n\n\n\n<p><strong>\u00bfCu\u00e1l es el monto del voucher?<\/strong><\/p>\n\n\n\n<p>El monto del voucher ser\u00e1 el 50 % del valor del arancel program\u00e1tico de jornada simple informado por cada jurisdicci\u00f3n o, en su defecto, estimado por la Secretar\u00eda de Educaci\u00f3n en funci\u00f3n de casos testigo.<\/p>\n\n\n\n<p><strong>\u00bfCu\u00e1l es la duraci\u00f3n de la prestaci\u00f3n?<\/strong><\/p>\n\n\n\n<p>Los vouchers educativos tendr\u00e1n una duraci\u00f3n de tres meses; ser\u00e1n ejecutados en mayo, junio y julio.<\/p>\n\n\n\n<p><strong>\u00bfC\u00f3mo se abona el pago de la prestaci\u00f3n?<\/strong><\/p>\n\n\n\n<p>Una vez realizada la inscripci\u00f3n, recibida la validaci\u00f3n por parte de la instituci\u00f3n educativa y confirmada la adjudicaci\u00f3n, el pago estar\u00e1 a cargo de la Administraci\u00f3n Nacional de la Seguridad Social (ANSES). Por este motivo, es importante tener actualizado el CBU correspondiente en Mi Anses.<\/p>\n\n\n\n<p><strong>Una vez adjudicada la prestaci\u00f3n, \u00bfcu\u00e1ndo se realizar\u00e1 el pago?<\/strong><\/p>\n\n\n\n<p>Para que se concrete el pago, las instituciones que se encuentren dentro del programa deber\u00e1n certificar la condici\u00f3n de regularidad de los estudiantes aspirantes.<\/p>\n\n\n\n<p>Los beneficiarios que se inscriban y sean validados por las instituciones educativas&nbsp;<strong>entre el 3 y el 18 de abril recibir\u00e1n el primer pago a comienzos de mayo&nbsp;<\/strong>y los siguientes en junio y julio.<\/p>\n\n\n\n<p>Quienes se inscriban del 19 al 30 de abril y sean validados por las instituciones educativas\u00a0<strong>entre el 19 de abril y el 10 mayo recibir\u00e1n el primer y el segundo pago en junio<\/strong>\u00a0y el tercero en julio.<\/p>\n\n\n\n<p><strong>Fuente: www.diariouno.com.ar<\/strong><\/p>\n\n\n\n<p><a rel=\"noreferrer noopener\" href=\"https:\/\/www.facebook.com\/dialog\/feed?app_id=161316767303985&amp;link=https%3A%2F%2Fwww.diariouno.com.ar%2Fsociedad%2Fnacion-actualizo-la-planilla-colegios-habilitados-el-voucher-educativo-mendoza-n1311610&amp;name=Naci%C3%B3n+actualiz%C3%B3+la+planilla+de+colegios+habilitados+para+el+voucher+educativo+en+Mendoza&amp;caption=DGE&amp;description=Solo+resta+sumar+dos%2C+dijeron+desde+Estad%C3%ADsticas+de+la+Secretar%C3%ADa+de+Educaci%C3%B3n+a+la+DGE.+La+info+sobre+los+tr%C3%A1mites+concretados+llegar%C3%A1+directo+a+las+escuelas&amp;redirect_uri=https%3A%2F%2Fwww.diariouno.com.ar%2Fsociedad%2Fnacion-actualizo-la-planilla-colegios-habilitados-el-voucher-educativo-mendoza-n1311610\" target=\"_blank\"><\/a><\/p>\n\n\n\n<p><a rel=\"noreferrer noopener\" href=\"https:\/\/twitter.com\/intent\/tweet?url=https%3A%2F%2Fwww.diariouno.com.ar%2Fc1311610&amp;related=diariouno&amp;text=Naci%C3%B3n+actualiz%C3%B3+la+planilla+de+colegios+habilitados+para+el+voucher+educativo+en+Mendoza&amp;via=diariouno\" target=\"_blank\"><\/a><\/p>\n\n\n\n<p><a href=\"mailto:?body=https%3A%2F%2Fwww.diariouno.com.ar%2Fsociedad%2Fnacion-actualizo-la-planilla-colegios-habilitados-el-voucher-educativo-mendoza-n1311610&amp;subject=%E2%80%9CNaci%C3%B3n%20actualiz%C3%B3%20la%20planilla%20de%20colegios%20habilitados%20para%20el%20voucher%20educativo%20en%20Mendoza%E2%80%9D\"><\/a><\/p>\n\n\n\n<p><a rel=\"noreferrer noopener\" href=\"https:\/\/api.whatsapp.com\/send?text=%E2%80%9CNaci%C3%B3n%20actualiz%C3%B3%20la%20planilla%20de%20colegios%20habilitados%20para%20el%20voucher%20educativo%20en%20Mendoza%E2%80%9D%20https%3A%2F%2Fwww.diariouno.com.ar%2Fsociedad%2Fnacion-actualizo-la-planilla-colegios-habilitados-el-voucher-educativo-mendoza-n1311610\" target=\"_blank\"><\/a><\/p>\n","protected":false},"excerpt":{"rendered":"<p>Tras el reclamo formalizado por Educaci\u00f3n Privada de la\u00a0Direcci\u00f3n General de Escuelas (DGE), la Secretar\u00eda de Educaci\u00f3n revis\u00f3 y actualiz\u00f3 el listado de colegios de Mendoza habilitados para la inscripci\u00f3n en los\u00a0vouchers educativos. Faltaban 13 instituciones que ya fueron incorporadas y adem\u00e1s est\u00e1n en proceso otras dos, cuya ausencia salt\u00f3 en un nuevo control. Las [&hellip;]<\/p>\n","protected":false},"author":2,"featured_media":6866,"comment_status":"open","ping_status":"open","sticky":false,"template":"","format":"standard","meta":[],"categories":[56],"tags":[],"_links":{"self":[{"href":"https:\/\/pasaenmendoza.com\/index.php?rest_route=\/wp\/v2\/posts\/6865"}],"collection":[{"href":"https:\/\/pasaenmendoza.com\/index.php?rest_route=\/wp\/v2\/posts"}],"about":[{"href":"https:\/\/pasaenmendoza.com\/index.php?rest_route=\/wp\/v2\/types\/post"}],"author":[{"embeddable":true,"href":"https:\/\/pasaenmendoza.com\/index.php?rest_route=\/wp\/v2\/users\/2"}],"replies":[{"embeddable":true,"href":"https:\/\/pasaenmendoza.com\/index.php?rest_route=%2Fwp%2Fv2%2Fcomments&post=6865"}],"version-history":[{"count":1,"href":"https:\/\/pasaenmendoza.com\/index.php?rest_route=\/wp\/v2\/posts\/6865\/revisions"}],"predecessor-version":[{"id":6867,"href":"https:\/\/pasaenmendoza.com\/index.php?rest_route=\/wp\/v2\/posts\/6865\/revisions\/6867"}],"wp:featuredmedia":[{"embeddable":true,"href":"https:\/\/pasaenmendoza.com\/index.php?rest_route=\/wp\/v2\/media\/6866"}],"wp:attachment":[{"href":"https:\/\/pasaenmendoza.com\/index.php?rest_route=%2Fwp%2Fv2%2Fmedia&parent=6865"}],"wp:term":[{"taxonomy":"category","embeddable":true,"href":"https:\/\/pasaenmendoza.com\/index.php?rest_route=%2Fwp%2Fv2%2Fcategories&post=6865"},{"taxonomy":"post_tag","embeddable":true,"href":"https:\/\/pasaenmendoza.com\/index.php?rest_route=%2Fwp%2Fv2%2Ftags&post=6865"}],"curies":[{"name":"wp","href":"https:\/\/api.w.org\/{rel}","templated":true}]}}