{"id":6868,"date":"2024-04-17T23:37:59","date_gmt":"2024-04-17T21:37:59","guid":{"rendered":"https:\/\/pasaenmendoza.com\/?p=6868"},"modified":"2024-04-17T23:38:00","modified_gmt":"2024-04-17T21:38:00","slug":"las-exportaciones-de-malbec-en-dolares-en-2023-fueron-las-mas-bajas-de-los-ultimos-12-anos","status":"publish","type":"post","link":"https:\/\/pasaenmendoza.com\/?p=6868","title":{"rendered":"Las exportaciones de Malbec en d\u00f3lares en 2023 fueron las m\u00e1s bajas de los \u00faltimos 12 a\u00f1os"},"content":{"rendered":"\n<p>El\u00a0<strong>Instituto Nacional de Vitivinicultura (INV)\u00a0<\/strong>public\u00f3 un informe actualizado sobre el mercado interno y externo del\u00a0<strong>Malbec<\/strong>, cepa insignia de Mendoza que celebra su d\u00eda internacional cada 17 de abril. En el mismo se consigna que las exportaciones en d\u00f3lares durante el a\u00f1o pasado fueron las m\u00e1s bajas de los \u00faltimos 12, aunque en volumen ha habido un crecimiento.<\/p>\n\n\n\n<p>La comercializaci\u00f3n total de vinos varietales Malbec (puro m\u00e1s cortes) ha aumentado en los \u00faltimos diez a\u00f1os un 31,4%. Pero&nbsp;<strong>las ventas de este varietal puro hacia el mercado externo vienen en baja&nbsp;<\/strong>en los \u00faltimos dos a\u00f1os.<\/p>\n\n\n\n<p>Durante el\u00a0<strong>a\u00f1o 2023<\/strong>\u00a0las\u00a0<strong>exportaciones\u00a0<\/strong>de vinos elaborados con Malbec alcanzaron un total de 1.250.977 hect\u00f3litros, lo que\u00a0<strong>signific\u00f3 a valor FOB unos 434 millones de d\u00f3lares<\/strong>, lo que determin\u00f3 un precio promedio del litro de vino de 3,47 d\u00f3lares.<\/p>\n\n\n\n<p><strong>Esas cifras en d\u00f3lares son las m\u00e1s bajas de los \u00faltimos 12 a\u00f1os<\/strong>. Los valores m\u00e1s altos se registraron en 2021. Lo mismo pasa en el caso del Malbec puro, cuyo valor FOB baj\u00f3 14,2% en un a\u00f1o, de 2022 a 2023.<\/p>\n\n\n\n<p>En 2023 el varietal&nbsp;<strong>Malbec puro se export\u00f3 a 122 pa\u00edses<\/strong>, siendo los principales destinos Reino Unido (35,2%) y Estados Unidos (22,7%). Luego figuran Brasil, Canad\u00e1 y M\u00e9xico.<\/p>\n\n\n\n<p>En tanto que, para el Malbec con cortes los principales destinatarios fueron: Brasil, Estados Unidos, Canad\u00e1, Colombia y Reino Unido.<\/p>\n\n\n\n<p>Los mercados que han crecido considerablemente son los de Reino Unido, Brasil, M\u00e9xico, Colombia y Per\u00fa. Mientras que<strong>\u00a0se ha registrado una baja importante, de m\u00e1s del 50%, en la venta de vinos a Estados Unidos en los \u00faltimos 8 a\u00f1os.<\/strong><\/p>\n\n\n\n<h2 class=\"wp-block-heading\">Malbec en exportaci\u00f3n<\/h2>\n\n\n\n<p>A pesar de las bajas registradas en los \u00faltimos a\u00f1os, lo cierto es que el Malbec y sus cortes participan con el 71,5% en el volumen total de varietales exportados y con el 70,4% en el ingreso de divisas.<\/p>\n\n\n\n<p>En volumen bajaron en 2023 el 0,4% y en valor, el 10,7% con respecto al a\u00f1o 2014.<\/p>\n\n\n\n<p>Lo que ha aumentado considerablemente desde ese a\u00f1o es la participaci\u00f3n de vinos Malbec y sus cortes en el volumen total de varietales exportados (26,1%). En 2014 representaban el 56,7%, mientras que en 2023 alcanzaron el 71,5%.<\/p>\n\n\n\n<p>La tendencia es de crecimiento en las exportaciones de Malbec puro (3,7% de hect\u00f3litros m\u00e1s), aunque con descenso en los \u00faltimos dos a\u00f1os.<\/p>\n\n\n\n<p>En cambio, los varietales de Malbec en cortes con otras variedades est\u00e1n en tendencia a la baja. En 9 a\u00f1os disminuyeron un 55,5%.<\/p>\n\n\n\n<figure class=\"wp-block-image\"><img decoding=\"async\" src=\"https:\/\/media.diariouno.com.ar\/p\/1b84deafb4ba38e81a4f003e855ee68a\/adjuntos\/298\/imagenes\/009\/322\/0009322809\/1200x0\/smart\/malbec-mercado-externojpg.jpg\" alt=\"\" title=\"\"\/><\/figure>\n\n\n\n<h2 class=\"wp-block-heading\">Hacia d\u00f3nde va el Malbec argentino<\/h2>\n\n\n\n<p>En 2023 el varietal Malbec puro se export\u00f3 a 122 pa\u00edses, siendo los principales destinos Reino Unido (35,2%) y Estados Unidos (22,7%). Luego figuran Brasil, Canad\u00e1 y M\u00e9xico.<\/p>\n\n\n\n<p>En tanto que, para el Malbec con cortes los principales destinatarios fueron: Brasil, Estados Unidos, Canad\u00e1, Colombia y Reino Unido.<\/p>\n\n\n\n<p>Cabe destacar el aumento en los \u00faltimos a\u00f1os en las exportaciones a Reino Unido, Brasil, M\u00e9xico, Colombia y Per\u00fa.<\/p>\n\n\n\n<figure class=\"wp-block-image\"><img decoding=\"async\" src=\"https:\/\/media.diariouno.com.ar\/p\/9a8089f7d1f83697c0d58b9f0f062ca1\/adjuntos\/298\/imagenes\/009\/322\/0009322811\/1200x0\/smart\/imagepng.png\" alt=\"\" title=\"\"\/><\/figure>\n\n\n\n<h2 class=\"wp-block-heading\">El cultivo del Malbec<\/h2>\n\n\n\n<p>El varietal est\u00e1 presente en 17 provincias vitivin\u00edcolas de Argentina. En el a\u00f1o 2023, registr\u00f3 un total de 46.941 ha cultivadas, lo cual representa el 22,9% del total de vid del pa\u00eds y el 41,5% de las variedades tintas aptas para elaboraci\u00f3n de vinos y\/o mostos.<\/p>\n\n\n\n<p>La&nbsp;<strong>superficie cultivada de Malbec&nbsp;<\/strong>en todo el pa\u00eds ha aumentado un 22% en el per\u00edodo 2014-2023 (+8.456 ha).<\/p>\n\n\n\n<figure class=\"wp-block-image\"><img decoding=\"async\" src=\"https:\/\/media.diariouno.com.ar\/p\/4d99a9995f5fe054020840e9d5dd5640\/adjuntos\/298\/imagenes\/009\/317\/0009317597\/1200x0\/smart\/malbec-uvajpg.jpg\" alt=\"Mendoza tiene la superficie m\u00e1s extensa de Malbec en el pa\u00eds.\" title=\"Mendoza tiene la superficie m\u00e1s extensa de Malbec en el pa\u00eds.\"\/><\/figure>\n\n\n\n<p>Mendoza tiene la superficie m\u00e1s extensa de Malbec en el pa\u00eds.<\/p>\n\n\n\n<p>En Mendoza creci\u00f3 un 19%, en San Juan un 41,7% y en el resto del pa\u00eds un 40,6%.<\/p>\n\n\n\n<p><strong>Mendoza tiene la mayor cantidad de Malbec del pa\u00eds<\/strong>, alcanzando en 2023 las 39.635 ha (84,4%), seguida por San Juan con 2.906 ha (6,2%) y el resto de las provincias con 4.401 ha (9,4%).<\/p>\n\n\n\n<p><strong>Fuente: www.diariouno.com.ar<\/strong><\/p>\n","protected":false},"excerpt":{"rendered":"<p>El\u00a0Instituto Nacional de Vitivinicultura (INV)\u00a0public\u00f3 un informe actualizado sobre el mercado interno y externo del\u00a0Malbec, cepa insignia de Mendoza que celebra su d\u00eda internacional cada 17 de abril. En el mismo se consigna que las exportaciones en d\u00f3lares durante el a\u00f1o pasado fueron las m\u00e1s bajas de los \u00faltimos 12, aunque en volumen ha habido [&hellip;]<\/p>\n","protected":false},"author":2,"featured_media":6869,"comment_status":"open","ping_status":"open","sticky":false,"template":"","format":"standard","meta":[],"categories":[85],"tags":[],"_links":{"self":[{"href":"https:\/\/pasaenmendoza.com\/index.php?rest_route=\/wp\/v2\/posts\/6868"}],"collection":[{"href":"https:\/\/pasaenmendoza.com\/index.php?rest_route=\/wp\/v2\/posts"}],"about":[{"href":"https:\/\/pasaenmendoza.com\/index.php?rest_route=\/wp\/v2\/types\/post"}],"author":[{"embeddable":true,"href":"https:\/\/pasaenmendoza.com\/index.php?rest_route=\/wp\/v2\/users\/2"}],"replies":[{"embeddable":true,"href":"https:\/\/pasaenmendoza.com\/index.php?rest_route=%2Fwp%2Fv2%2Fcomments&post=6868"}],"version-history":[{"count":1,"href":"https:\/\/pasaenmendoza.com\/index.php?rest_route=\/wp\/v2\/posts\/6868\/revisions"}],"predecessor-version":[{"id":6870,"href":"https:\/\/pasaenmendoza.com\/index.php?rest_route=\/wp\/v2\/posts\/6868\/revisions\/6870"}],"wp:featuredmedia":[{"embeddable":true,"href":"https:\/\/pasaenmendoza.com\/index.php?rest_route=\/wp\/v2\/media\/6869"}],"wp:attachment":[{"href":"https:\/\/pasaenmendoza.com\/index.php?rest_route=%2Fwp%2Fv2%2Fmedia&parent=6868"}],"wp:term":[{"taxonomy":"category","embeddable":true,"href":"https:\/\/pasaenmendoza.com\/index.php?rest_route=%2Fwp%2Fv2%2Fcategories&post=6868"},{"taxonomy":"post_tag","embeddable":true,"href":"https:\/\/pasaenmendoza.com\/index.php?rest_route=%2Fwp%2Fv2%2Ftags&post=6868"}],"curies":[{"name":"wp","href":"https:\/\/api.w.org\/{rel}","templated":true}]}}