{"id":6871,"date":"2024-04-17T23:54:20","date_gmt":"2024-04-17T21:54:20","guid":{"rendered":"https:\/\/pasaenmendoza.com\/?p=6871"},"modified":"2024-04-17T23:56:16","modified_gmt":"2024-04-17T21:56:16","slug":"aumento-del-agua-a-cuanto-se-ira-la-boleta-en-mendoza","status":"publish","type":"post","link":"https:\/\/pasaenmendoza.com\/?p=6871","title":{"rendered":"Aumento del agua: a cu\u00e1nto se ir\u00e1 la boleta en Mendoza"},"content":{"rendered":"\n<p>Este mi\u00e9rcoles se desarroll\u00f3 la audiencia p\u00fablica donde Aguas Mendocinas (<strong>Aysam)<\/strong>&nbsp;defendi\u00f3 su solicitud de aumento tarifario para el segundo semestre del a\u00f1o. El encuentro no vinculante, organizado por el&nbsp;<strong>Ente Provincial de Agua y Saneamiento (EPAS)<\/strong>, es un paso legal previo a la implementaci\u00f3n del ajuste, cuya definici\u00f3n est\u00e1 en manos del gobernador Alfredo Cornejo.<\/p>\n\n\n\n<p>La empresa estatal solicit\u00f3 un incremento escalonado del 65,52%, dividido en tres tramos de 18,29% cada uno, acumulables entre s\u00ed, a aplicarse a partir del primer d\u00eda de agosto, octubre y diciembre, respectivamente.<\/p>\n\n\n\n<p>Tomando en cuenta esos porcentajes, si finalmente el Ejecutivo acepta el pedido de Aysam,&nbsp;<strong>la boleta promedio de los usuarios dom\u00e9sticos y residenciales<\/strong>&nbsp;(91% del total) tendr\u00e1 el siguiente impacto:<\/p>\n\n\n\n<ul>\n<li><strong>Abril:<\/strong>&nbsp;$6.898<\/li>\n\n\n\n<li><strong>Junio:<\/strong>&nbsp;$9.175<\/li>\n\n\n\n<li><strong>Agosto:<\/strong>&nbsp;$10.853<\/li>\n\n\n\n<li><strong>Octubre:&nbsp;<\/strong>$12.838<\/li>\n\n\n\n<li><strong>Diciembre:<\/strong>&nbsp;$15.186<\/li>\n<\/ul>\n\n\n\n<p>En tal sentido, desde la empresa advirtieron que en 2023 la inflaci\u00f3n fue de el&nbsp;<strong>211,4%,&nbsp;<\/strong>mientras que el incremento de tarifa otorgado a Aysam para el mismo per\u00edodo fue de&nbsp;<strong>161,5%.<\/strong><\/p>\n\n\n\n<p>En tanto, para 2024 el Poder Ejecutivo autoriz\u00f3 tres ajustes bimestrales, alcanzando a junio un acumulado de&nbsp;<strong>135,26%<\/strong>, frente a una inflaci\u00f3n pronosticada para todo el a\u00f1o de&nbsp;<strong>227%.<\/strong><\/p>\n\n\n\n<p><em>\u201cLo que estamos planteando es una recomposici\u00f3n por el rezago tarifario producto de la inflaci\u00f3n\u201d,&nbsp;<\/em>asegur\u00f3 el gerente general de la empresa,&nbsp;<strong>Dar\u00edo Hern\u00e1ndez.<\/strong>&nbsp;<em>\u201cQueremos que la tarifa se mantenga en t\u00e9rminos reales para continuar con la pol\u00edtica de la empresa de no necesitar financiamiento de la provincia para gastos corrientes\u201d<\/em>, agreg\u00f3.<\/p>\n\n\n\n<h2 class=\"wp-block-heading\" id=\"h-ajuste-bimestral\">Ajuste bimestral<\/h2>\n\n\n\n<p><strong>Aysam&nbsp;<\/strong>tambi\u00e9n defendi\u00f3 su propuesta para modificar el mecanismo de revisiones tarifarias. En concreto, el plan tiene dos aristas:<\/p>\n\n\n\n<ul>\n<li><strong>Una revisi\u00f3n anual integral<\/strong>, con base en el presupuesto de la empresa, que decantar\u00eda en seis actualizaciones bimestrales de la tarifa, de forma autom\u00e1tica.<\/li>\n\n\n\n<li><strong>Una revisi\u00f3n peri\u00f3dica<\/strong>&nbsp;que tendr\u00e1 en cuenta el efecto&nbsp;<strong>inflacionario&nbsp;<\/strong>y que puede provocar un incremento tarifario superior.<\/li>\n<\/ul>\n\n\n\n<p>En el primer caso, el esquema determina que cada 20 de septiembre, la empresa deber\u00e1 emitir al ente regulador su&nbsp;<strong>presupuesto&nbsp;<\/strong>econ\u00f3mico y financiero correspondiente al ejercicio contable del a\u00f1o siguiente.<\/p>\n\n\n\n<p>Ese presupuesto&nbsp;<em>\u201cdebe permitir una revisi\u00f3n profunda e integral de los lineamientos, planes de acci\u00f3n, niveles de ejecuci\u00f3n, programas y actividades que prev\u00e9 desarrollar la empresa para el pr\u00f3ximo a\u00f1o\u201d<\/em>, indicaron desde Aysam. Luego el EPAS deber\u00e1 analizar el aumento tarifario necesario para cumplir con los objetivos de la empresa y convocar a una audiencia p\u00fablica.<\/p>\n\n\n\n<p>Posteriormente, el ente tendr\u00e1 que expedirse sobre el incremento solicitado por Aysam y remitir un informe al Poder Ejecutivo, para su aprobaci\u00f3n final a trav\u00e9s de un decreto. Ese ajuste tarifario predeterminado se aplicar\u00e1 en&nbsp;<strong>seis cuotas&nbsp;<\/strong><em>(31 de enero, 31 de marzo, 31 de mayo, 31 de julio, 30 de septiembre y 30 de noviembre).<\/em><\/p>\n\n\n\n<p>Mientras que la revisi\u00f3n peri\u00f3dica analizar\u00e1 la variaci\u00f3n de los costos de la empresa a causa de la inflaci\u00f3n. En concreto, cada dos meses (los d\u00edas 20 de marzo, mayo, julio, septiembre y noviembre) se calcular\u00e1 el&nbsp;<strong>Coeficiente de Revisi\u00f3n Tarifario (CRT)<\/strong>, que se comparar\u00e1 con el incremento ya definido por un decreto del Poder Ejecutivo.<\/p>\n\n\n\n<p><em>\u201cSi de la comparaci\u00f3n en cada fecha de c\u00e1lculo\u2026 surgiera una diferencia superior al 4%, se proceder\u00e1 a adicionar dicha diferencia de variaci\u00f3n sobre el porcentaje de aumento tarifario dispuesto originalmente por el Poder Ejecutivo para el citado bimestre\u201d,<\/em>\u00a0explicaron desde Aysam.<\/p>\n\n\n\n<p><strong>Fuente: www.elsol.com.ar<\/strong><\/p>\n","protected":false},"excerpt":{"rendered":"<p>Este mi\u00e9rcoles se desarroll\u00f3 la audiencia p\u00fablica donde Aguas Mendocinas (Aysam)&nbsp;defendi\u00f3 su solicitud de aumento tarifario para el segundo semestre del a\u00f1o. El encuentro no vinculante, organizado por el&nbsp;Ente Provincial de Agua y Saneamiento (EPAS), es un paso legal previo a la implementaci\u00f3n del ajuste, cuya definici\u00f3n est\u00e1 en manos del gobernador Alfredo Cornejo. La [&hellip;]<\/p>\n","protected":false},"author":2,"featured_media":6872,"comment_status":"open","ping_status":"open","sticky":false,"template":"","format":"standard","meta":[],"categories":[79],"tags":[],"_links":{"self":[{"href":"https:\/\/pasaenmendoza.com\/index.php?rest_route=\/wp\/v2\/posts\/6871"}],"collection":[{"href":"https:\/\/pasaenmendoza.com\/index.php?rest_route=\/wp\/v2\/posts"}],"about":[{"href":"https:\/\/pasaenmendoza.com\/index.php?rest_route=\/wp\/v2\/types\/post"}],"author":[{"embeddable":true,"href":"https:\/\/pasaenmendoza.com\/index.php?rest_route=\/wp\/v2\/users\/2"}],"replies":[{"embeddable":true,"href":"https:\/\/pasaenmendoza.com\/index.php?rest_route=%2Fwp%2Fv2%2Fcomments&post=6871"}],"version-history":[{"count":3,"href":"https:\/\/pasaenmendoza.com\/index.php?rest_route=\/wp\/v2\/posts\/6871\/revisions"}],"predecessor-version":[{"id":6876,"href":"https:\/\/pasaenmendoza.com\/index.php?rest_route=\/wp\/v2\/posts\/6871\/revisions\/6876"}],"wp:featuredmedia":[{"embeddable":true,"href":"https:\/\/pasaenmendoza.com\/index.php?rest_route=\/wp\/v2\/media\/6872"}],"wp:attachment":[{"href":"https:\/\/pasaenmendoza.com\/index.php?rest_route=%2Fwp%2Fv2%2Fmedia&parent=6871"}],"wp:term":[{"taxonomy":"category","embeddable":true,"href":"https:\/\/pasaenmendoza.com\/index.php?rest_route=%2Fwp%2Fv2%2Fcategories&post=6871"},{"taxonomy":"post_tag","embeddable":true,"href":"https:\/\/pasaenmendoza.com\/index.php?rest_route=%2Fwp%2Fv2%2Ftags&post=6871"}],"curies":[{"name":"wp","href":"https:\/\/api.w.org\/{rel}","templated":true}]}}