{"id":6877,"date":"2024-04-18T15:02:36","date_gmt":"2024-04-18T13:02:36","guid":{"rendered":"https:\/\/pasaenmendoza.com\/?p=6877"},"modified":"2024-04-18T15:02:37","modified_gmt":"2024-04-18T13:02:37","slug":"asumio-el-titular-de-anses-en-mendoza-que-hara-con-las-oficinas-cerradas-y-como-sera-su-gestion","status":"publish","type":"post","link":"https:\/\/pasaenmendoza.com\/?p=6877","title":{"rendered":"Asumi\u00f3 el titular de Anses en Mendoza: qu\u00e9 har\u00e1 con las oficinas cerradas y c\u00f3mo ser\u00e1 su gesti\u00f3n"},"content":{"rendered":"\n<p>Finalmente, Jos\u00e9 Emilio Agu asumi\u00f3 oficialmente al frente del organismo nacional en Mendoza. Los desaf\u00edos que deber\u00e1 afrontar y qu\u00e9 caracter\u00edsticas tendr\u00e1 su gesti\u00f3n.<\/p>\n\n\n\n<p><strong>Jos\u00e9 Emilio Agu<\/strong>\u00a0se convirti\u00f3 oficialmente en el nuevo jefe regional en la\u00a0regi\u00f3n Cuyo\u00a0de la Administraci\u00f3n Nacional de la Seguridad Social (<strong>Anses<\/strong>). Tras varios d\u00edas de espera, la resoluci\u00f3n del hombre vinculado al ministro de Defensa, Luis Petri, lleg\u00f3 finalmente a la provincia y, en consecuencia, el funcionario qued\u00f3 al frente del organismo nacional.<\/p>\n\n\n\n<p><strong>Agu\u00a0<\/strong>tendr\u00e1 el desaf\u00edo de encabezar una gesti\u00f3n marcada por despidos en casi\u00a0todas las dependencias de<strong>\u00a0Anses<\/strong>\u00a0de Mendoza y\u00a0el cierre de edificios que bajaron sus persianas por decisi\u00f3n pol\u00edtica -como el de\u00a0La Paz- o debido a problemas edilicios -como el de Las Heras-. Todo, en\u00a0un contexto donde la ayuda social aparece en el horizonte como un basti\u00f3n fundamental para afrontar la crisis econ\u00f3mica que atraviesa el pa\u00eds, sobre todo, para los sectores m\u00e1s vulnerables.<\/p>\n\n\n\n<p>En di\u00e1logo con el nuevo jefe regional habl\u00f3 de todo. En el caso de La Paz, queda claro que la dependencia continuar\u00e1 sin abrir sus puertas. &#8220;La oficina se encuentra cerrada por motivos de p\u00fablico conocimiento. Es importante aclarar que\u00a0<strong>Anses\u00a0<\/strong>va a seguir prestando servicios en el lugar, se va a enviar gente con una frecuencia semanal de acuerdo a estad\u00edsticas de p\u00fablico afluente&#8221;, se\u00f1al\u00f3 el funcionario.<\/p>\n\n\n\n<p>El pasado domingo,\u00a0se informaba que\u00a0una oficina de Las Heras llevaba 100 d\u00edas cerrada\u00a0debido a un ins\u00f3lito motivo: las obras destinadas a reparar los da\u00f1os que la dependencia sufri\u00f3 durante las tormentas que se desarrollaron en la provincia durante diciembre y enero, estaban totalmente paralizadas. Se trata del edificio ubicado en calle Rivadavia de ese departamento. Sobre esto, Agu se\u00f1al\u00f3 que &#8220;iniciamos las tratativas para arreglar los temas menores de la planta baja y lograr una inmediata reinauguraci\u00f3n; hay que arreglar una parte del techo e impermeabilizar ese arreglo, presentar nuevos planos de electricidad y repintar. Lo de la planta alta es m\u00e1s complicado debido a que la empresa constructora oportunamente contratada, no respet\u00f3 los protocolos antis\u00edsmicos y se necesita contratar una nueva empresa constructora mediante una nueva licitaci\u00f3n p\u00fablica que solucione los errores existentes y concluya la obra&#8221;. En s\u00edntesis, el inmueble necesita importantes mejoras pero a\u00fan no hay datos espec\u00edficos que permitan pensar en una reapertura de la oficina en el corto plazo.<\/p>\n\n\n\n<p>Por otra parte, una de las dependencias m\u00e1s importantes que tiene el organismo nacional en\u00a0Ciudad, volvi\u00f3 a interrumpir su atenci\u00f3n al p\u00fablico debido a problemas de infraestructura durante la jornada de ayer. Incluso,\u00a0se\u00a0accedi\u00f3 a fotograf\u00edas que muestran el deterioro que existe en el interior del inmueble. &#8220;El edificio donde funciona la Oficina de Eusebio Blanco es alquilado y es una edificaci\u00f3n que presenta signos claros del paso del tiempo. Los arreglos, si se hace algo a conciencia, pueden llegar a costar lo mismo que una construcci\u00f3n nueva de menores dimensiones obviamente. Dependemos de un plan que nos excede en presupuesto&#8221;, explic\u00f3\u00a0<strong>Agu<\/strong>.\u00a0<\/p>\n\n\n\n<p>Sobre los desaf\u00edos que deber\u00e1 afrontar en los pr\u00f3ximos meses, el nuevo jefe regional fue contundente. &#8220;Mi intenci\u00f3n es desempe\u00f1arme por y para la instituci\u00f3n y los beneficiarios de\u00a0<strong>Anses<\/strong>. No estoy por cuestiones pol\u00edticas, quiero tener una gesti\u00f3n limpia, transparente y sobre todo trazable. Soy una persona que me gusta mejorar los procesos, si algo funciona, pero puede ser mejorado ah\u00ed estaremos&#8221;, cerr\u00f3.<\/p>\n\n\n\n<p>FUENTE: MDZonline.<\/p>\n","protected":false},"excerpt":{"rendered":"<p>Finalmente, Jos\u00e9 Emilio Agu asumi\u00f3 oficialmente al frente del organismo nacional en Mendoza. Los desaf\u00edos que deber\u00e1 afrontar y qu\u00e9 caracter\u00edsticas tendr\u00e1 su gesti\u00f3n. Jos\u00e9 Emilio Agu\u00a0se convirti\u00f3 oficialmente en el nuevo jefe regional en la\u00a0regi\u00f3n Cuyo\u00a0de la Administraci\u00f3n Nacional de la Seguridad Social (Anses). Tras varios d\u00edas de espera, la resoluci\u00f3n del hombre vinculado [&hellip;]<\/p>\n","protected":false},"author":2,"featured_media":6805,"comment_status":"open","ping_status":"open","sticky":true,"template":"","format":"standard","meta":[],"categories":[47],"tags":[],"_links":{"self":[{"href":"https:\/\/pasaenmendoza.com\/index.php?rest_route=\/wp\/v2\/posts\/6877"}],"collection":[{"href":"https:\/\/pasaenmendoza.com\/index.php?rest_route=\/wp\/v2\/posts"}],"about":[{"href":"https:\/\/pasaenmendoza.com\/index.php?rest_route=\/wp\/v2\/types\/post"}],"author":[{"embeddable":true,"href":"https:\/\/pasaenmendoza.com\/index.php?rest_route=\/wp\/v2\/users\/2"}],"replies":[{"embeddable":true,"href":"https:\/\/pasaenmendoza.com\/index.php?rest_route=%2Fwp%2Fv2%2Fcomments&post=6877"}],"version-history":[{"count":1,"href":"https:\/\/pasaenmendoza.com\/index.php?rest_route=\/wp\/v2\/posts\/6877\/revisions"}],"predecessor-version":[{"id":6878,"href":"https:\/\/pasaenmendoza.com\/index.php?rest_route=\/wp\/v2\/posts\/6877\/revisions\/6878"}],"wp:featuredmedia":[{"embeddable":true,"href":"https:\/\/pasaenmendoza.com\/index.php?rest_route=\/wp\/v2\/media\/6805"}],"wp:attachment":[{"href":"https:\/\/pasaenmendoza.com\/index.php?rest_route=%2Fwp%2Fv2%2Fmedia&parent=6877"}],"wp:term":[{"taxonomy":"category","embeddable":true,"href":"https:\/\/pasaenmendoza.com\/index.php?rest_route=%2Fwp%2Fv2%2Fcategories&post=6877"},{"taxonomy":"post_tag","embeddable":true,"href":"https:\/\/pasaenmendoza.com\/index.php?rest_route=%2Fwp%2Fv2%2Ftags&post=6877"}],"curies":[{"name":"wp","href":"https:\/\/api.w.org\/{rel}","templated":true}]}}