{"id":6879,"date":"2024-04-18T15:11:50","date_gmt":"2024-04-18T13:11:50","guid":{"rendered":"https:\/\/pasaenmendoza.com\/?p=6879"},"modified":"2024-04-18T15:11:51","modified_gmt":"2024-04-18T13:11:51","slug":"el-gobierno-confirmo-que-funcionarios-y-cientificos-argentinos-visitaran-la-base-europea-en-malargue","status":"publish","type":"post","link":"https:\/\/pasaenmendoza.com\/?p=6879","title":{"rendered":"El Gobierno confirm\u00f3 qu\u00e9 funcionarios y cient\u00edficos argentinos visitar\u00e1n la base europea en Malarg\u00fce"},"content":{"rendered":"\n<p>Una comitiva oficial tambi\u00e9n recorrer\u00e1 la base china en Neuqu\u00e9n. El objetivo ser\u00e1 \u201cevaluar el estado operativo, la seguridad y el cumplimiento de los est\u00e1ndares establecidos para estas infraestructuras\u201d.<\/p>\n\n\n\n<p>El Gobierno nacional enviar\u00e1 este viernes una delegaci\u00f3n de funcionarios, cient\u00edficos y expertos a la estaci\u00f3n espacial que tiene la&nbsp;<strong>Uni\u00f3n Europea en Malarg\u00fce<\/strong>. Un d\u00eda antes ser\u00e1 el turno de la base de observaci\u00f3n espacial que China tiene en una zona des\u00e9rtica de Neuqu\u00e9n. El objetivo de las visitas ser\u00e1&nbsp;<em>\u201cevaluar el estado operativo, la seguridad y el cumplimiento de los est\u00e1ndares establecidos para estas infraestructuras\u201d.<\/em><\/p>\n\n\n\n<p>Las dudas planteadas por Estados Unidos\u00a0sobre la actividad de la base china, que depende de las Fuerzas Armadas del gigante asi\u00e1tico, obligaron a la Casa Rosada a tomar medidas. En tal sentido, la Jefatura de Gabinete orden\u00f3 ambas visitas,\u00a0<strong>que no tendr\u00e1n la caracter\u00edstica de \u201cinspecci\u00f3n\u201d.<\/strong><\/p>\n\n\n\n<p>Seg\u00fan public\u00f3 el portal&nbsp;<strong><em>Infobae<\/em><\/strong>, la comitiva estar\u00e1 compuesta por representantes de la Secretar\u00eda de Innovaci\u00f3n, Ciencia y Tecnolog\u00eda; la Secretar\u00eda de Estrategia Nacional; la Canciller\u00eda; as\u00ed como expertos de ENACOM y Comisi\u00f3n Nacional de Actividades Espaciales (CONAE). La misma estar\u00e1 presidida por&nbsp;<strong>Alejandro Cosentino<\/strong>, secretario de Innovaci\u00f3n, Ciencia y Tecnolog\u00eda, quien estar\u00e1 acompa\u00f1ado por el secretario de Estrategia Nacional,&nbsp;<strong>Jorge Antelo<\/strong>, hombre de confianza del jefe de Gabinete,&nbsp;<strong>Nicol\u00e1s Posse.<\/strong><\/p>\n\n\n\n<p><em>\u201cEl prop\u00f3sito de esta visita es evaluar el estado operativo, la seguridad y el cumplimiento de los est\u00e1ndares establecidos para estas infraestructuras, adem\u00e1s de fortalecer la transparencia y las relaciones entre Argentina y sus contrapartes europeas y chinas, en el marco de los acuerdos de cooperaci\u00f3n vigentes. Es importante destacar que esta ser\u00e1 la primera visita oficial realizada por el actual gobierno\u201d<\/em>, inform\u00f3 el Gobierno al mismo medio.<\/p>\n\n\n\n<p>Y agreg\u00f3 que\u00a0<em>\u201cla coordinaci\u00f3n de esta visita se llev\u00f3 a cabo en estrecha colaboraci\u00f3n con ambas agencias, quienes han mostrado una disposici\u00f3n ejemplar y han brindado todas las facilidades necesarias\u201d, al tiempo que resalt\u00f3 que el gobierno argentino \u201cconsidera esta visita como una oportunidad para revitalizar las cooperaciones con ambas contrapartes y dar inicio a un mayor intercambio y presencia por parte de Argentina en las estaciones espaciales\u201d.<\/em><\/p>\n\n\n\n<p>La Agencia Espacial Europea instal\u00f3 Mendoza la antena&nbsp;<strong>Deep Space 3<\/strong>, destinada al seguimiento de misiones de exploraci\u00f3n del espacio profundo.<\/p>\n\n\n\n<p>Se inaugur\u00f3 el 14 de diciembre de 2012 y seg\u00fan destaca el Gobierno,\u00a0<em>\u201cla comunidad cient\u00edfica argentina dispone de tiempo de uso de la antena de exploraci\u00f3n del espacio profundo DS3 para investigaciones en radioastronom\u00eda entre otras aplicaciones. Contar con estas capacidades instaladas en nuestro pa\u00eds significa el acceso al uso de tecnolog\u00eda de punta para investigaciones cient\u00edficas, teniendo en cuenta que la estaci\u00f3n de Malarg\u00fce es la m\u00e1s moderna de la Red de Espacio Profundo de la agencia europea\u201d.<\/em><\/p>\n\n\n\n<p>FUENTE: Elsol.com.ar <\/p>\n","protected":false},"excerpt":{"rendered":"<p>Una comitiva oficial tambi\u00e9n recorrer\u00e1 la base china en Neuqu\u00e9n. El objetivo ser\u00e1 \u201cevaluar el estado operativo, la seguridad y el cumplimiento de los est\u00e1ndares establecidos para estas infraestructuras\u201d. El Gobierno nacional enviar\u00e1 este viernes una delegaci\u00f3n de funcionarios, cient\u00edficos y expertos a la estaci\u00f3n espacial que tiene la&nbsp;Uni\u00f3n Europea en Malarg\u00fce. Un d\u00eda antes [&hellip;]<\/p>\n","protected":false},"author":2,"featured_media":6880,"comment_status":"open","ping_status":"open","sticky":true,"template":"","format":"standard","meta":[],"categories":[47],"tags":[],"_links":{"self":[{"href":"https:\/\/pasaenmendoza.com\/index.php?rest_route=\/wp\/v2\/posts\/6879"}],"collection":[{"href":"https:\/\/pasaenmendoza.com\/index.php?rest_route=\/wp\/v2\/posts"}],"about":[{"href":"https:\/\/pasaenmendoza.com\/index.php?rest_route=\/wp\/v2\/types\/post"}],"author":[{"embeddable":true,"href":"https:\/\/pasaenmendoza.com\/index.php?rest_route=\/wp\/v2\/users\/2"}],"replies":[{"embeddable":true,"href":"https:\/\/pasaenmendoza.com\/index.php?rest_route=%2Fwp%2Fv2%2Fcomments&post=6879"}],"version-history":[{"count":1,"href":"https:\/\/pasaenmendoza.com\/index.php?rest_route=\/wp\/v2\/posts\/6879\/revisions"}],"predecessor-version":[{"id":6881,"href":"https:\/\/pasaenmendoza.com\/index.php?rest_route=\/wp\/v2\/posts\/6879\/revisions\/6881"}],"wp:featuredmedia":[{"embeddable":true,"href":"https:\/\/pasaenmendoza.com\/index.php?rest_route=\/wp\/v2\/media\/6880"}],"wp:attachment":[{"href":"https:\/\/pasaenmendoza.com\/index.php?rest_route=%2Fwp%2Fv2%2Fmedia&parent=6879"}],"wp:term":[{"taxonomy":"category","embeddable":true,"href":"https:\/\/pasaenmendoza.com\/index.php?rest_route=%2Fwp%2Fv2%2Fcategories&post=6879"},{"taxonomy":"post_tag","embeddable":true,"href":"https:\/\/pasaenmendoza.com\/index.php?rest_route=%2Fwp%2Fv2%2Ftags&post=6879"}],"curies":[{"name":"wp","href":"https:\/\/api.w.org\/{rel}","templated":true}]}}