{"id":6882,"date":"2024-04-18T15:19:57","date_gmt":"2024-04-18T13:19:57","guid":{"rendered":"https:\/\/pasaenmendoza.com\/?p=6882"},"modified":"2024-04-18T15:19:59","modified_gmt":"2024-04-18T13:19:59","slug":"la-pareja-feliz-del-senado-y-los-invitados-que-no-salieron-en-la-foto","status":"publish","type":"post","link":"https:\/\/pasaenmendoza.com\/?p=6882","title":{"rendered":"la &#8220;pareja feliz&#8221; del Senado y los invitados que no salieron en la foto"},"content":{"rendered":"\n<p>El primero en llegar al caf\u00e9 fue el Flaco Dani que, antes de sentarse a esperar a sus amigos, salud\u00f3 con un abrazo a los tres mozos que, a esas horas de la tarde, se preparaban para el cambio de turno. En ese momento cay\u00f3 el Omar, sorpresivamente elegante, con un traje impecable, y un diario bajo el brazo, una postal anacr\u00f3nica por los tiempos que corren y por la hora del d\u00eda: a las 7 de la tarde ninguna novedad ofrece un peri\u00f3dico papel.<\/p>\n\n\n\n<p>A la primera l\u00f3gica inquietud del Dani, el Omar explic\u00f3 que llevaba puesto un traje porque, terminada la reuni\u00f3n en el caf\u00e9, ir\u00eda a una cena &#8220;top, top&#8221; con su esposa y no tendr\u00eda tiempo para cambiarse. Y antes de que le preguntaran por el diario bajo el brazo, explic\u00f3 que se le hab\u00eda acabado la materia prima para hacer el fuego y limpiar la parrilla en los asados, entonces estaba &#8220;acopiando material&#8221;.<\/p>\n\n\n\n<p>-Ten\u00e9s que apurarte a juntar, dentro de poco seguro deja de salir el diario papel -dijo el Flaco Dani, el peronista del grupo-.<\/p>\n\n\n\n<p>-Vos sab\u00e9s que con la venta de&nbsp;<strong>Los Andes<\/strong>, que estar\u00eda encaminada a una &#8220;UTE&#8221; de los Barbera, Badaloni y Alonso, yo pens\u00e9 que lo primero que apuntar\u00edan a hacer ser\u00eda dejar de imprimirlo y focalizarse en la versi\u00f3n online, pero parece que no.<\/p>\n\n\n\n<p>-\u00bfSeguir\u00eda saliendo en papel?<\/p>\n\n\n\n<p>-Si bien est\u00e1 todo en veremos, uno de los eventuales socios quiere darle una impronta m\u00e1s &#8220;productiva&#8221; al diario, darle visibilidad a actividades no tradicionales, en formato digital y papel, con suplementos tal vez. No focalizarse en la discusi\u00f3n pol\u00edtica, sino crear una unidad de negocios que promocione actividades econ\u00f3micas.<\/p>\n\n\n\n<p>-Mir\u00e1 vos. Una especie de Diario de Cuyo de San Juan.<\/p>\n\n\n\n<p>-Claro, m\u00e1s o menos. Y a lo mejor con la miner\u00eda ya funcionando en Mendoza, tal como pasa en San Juan. Igual, si bien van para adelante con la compra al Grupo Clar\u00edn, est\u00e1 todo verde. Es s\u00f3lo una idea. A lo mejor hasta terminan vendiendo el predio donde est\u00e1 la planta impresora. Qui\u00e9n sabe.<\/p>\n\n\n\n<p>La charla se interrumpi\u00f3 brevemente para hacer lugar en la mesa para el Ruso, el economista del grupete, y Ludovico, el del PRO, que acababa de cortar con la vicegobernadora, quien a\u00fan estaba en Australia participando de la feria minera de Perth. Ah\u00ed nom\u00e1s, comparti\u00f3 data con los amigos.<\/p>\n\n\n\n<p>-A la Hebe le perdieron la valija, as\u00ed que la estoy ayudando desde ac\u00e1, comunic\u00e1ndome con la aerol\u00ednea.\u00a0\u00bfVieron que en las fotos sale en modo canchero?\u00a0Tuvo que comprarse rompa en un &#8220;\u00c1tomo&#8221; de Perth.<\/p>\n\n\n\n<p>-As\u00ed y todo, del otro lado del mundo,\u00a0se las ingeni\u00f3 para armar tremendo quilombo ac\u00e1\u00a0-dijo el Omar-.<\/p>\n\n\n\n<p>-\u00bfPor?<\/p>\n\n\n\n<p>-Por lo que dijo en una radio de la Ley 7722, que\u00a0es un invento est\u00fapido de los mendocinos. Al pedo. Justo hab\u00eda reuni\u00f3n de la comisi\u00f3n de miner\u00eda y hab\u00eda senadores radicales que se molestaron un poco.<\/p>\n\n\n\n<p>-No est\u00e1 en tratamiento la 7722. Que se queden tranquilos los anti progreso que defienden eso -remat\u00f3 Ludovico-.&nbsp;<\/p>\n\n\n\n<p>(&#8230;)<\/p>\n\n\n\n<p>La &#8220;pareja feliz&#8221; de la Legislatura<\/p>\n\n\n\n<p>Asiduo visitante de la Legislatura, adonde suele recorrer los despachos de los compa\u00f1eros diputados y senadores para pedir alg\u00fan que otro favor, el Flaco Dani conoce bien lo que pasa en los pasillos y oficinas, cosas que no se ven en las transmisiones de las sesiones. Y, de vez en cuando, se molesta por cosas que est\u00e1n mal o, sobre todo, por lo que considera que es una persecuci\u00f3n hacia el peronismo y s\u00f3lo contra el peronismo.<\/p>\n\n\n\n<p>-Estoy re caliente -lanz\u00f3 el Dani-.<\/p>\n\n\n\n<p>-\u00bfQu\u00e9 pas\u00f3 ahora? \u00a1C\u00f3mo te encanta renegar! -respondi\u00f3 el Omar, ya acostumbrado a las quejas de su amigo-.<\/p>\n\n\n\n<p>-Es que estoy cansado de que nosotros estemos bajo la lupa permanentemente, y el resto no.<\/p>\n\n\n\n<p>-\u00bfPor qu\u00e9 lo dec\u00eds?<\/p>\n\n\n\n<p>-A\u00f1o 2006, todo el mundo escandalizado porque la compa\u00f1era y entonces diputada Leticia Mayorga hab\u00eda nombrado a familiares de asesores -empez\u00f3 a retrotraerse el Dani-. La persiguieron, la indagaron, le pidieron la renuncia, la mataron&#8230;<\/p>\n\n\n\n<p>-&#8230;es que est\u00e1 mal. \u00bfO vos banc\u00e1s el nepotismo? -dijo Ludovico, el del PRO-.<\/p>\n\n\n\n<p>-\u00a1Dejame terminar! -reclam\u00f3 el Dani-. \u00bfY qu\u00e9 pas\u00f3 desde entonces? \u00bfNing\u00fan legislador tuvo familiares de asesores? Sigui\u00f3 pasando, pero como s\u00f3lo nos miran a nosotros, los peronistas, nadie se enter\u00f3.<\/p>\n\n\n\n<p>-\u00bfCon qui\u00e9n pas\u00f3? Si te victimiz\u00e1s tir\u00e1 medio dato -volvi\u00f3 a intervenir Ludovico, y la tensi\u00f3n fue creciendo-.<\/p>\n\n\n\n<p>-Te tiro un dato completo. Hoy, hay un senador de La Uni\u00f3n Mendocina, o la Coalici\u00f3n de no s\u00e9 qu\u00e9, o como se llame, que nombr\u00f3 como asesora a su pareja. Entre los dos levantan m\u00e1s de 2 palos, o 2 y medio, guita nuestra, con recibo de sueldo, todo en blanco, les pagan a t\u00e9rmino, con aumentos, aguinaldos, cero riesgo. Pero claro, como no es peronista, no es nepotismo, es trabajo digno.<\/p>\n\n\n\n<p>-\u00bfQui\u00e9n es?<\/p>\n\n\n\n<p>-El&nbsp;<strong>Marcos Quattrini<\/strong>, que nombr\u00f3 a dos asesoras: una es su pareja y la otra es pareja de un amigo&#8230;<\/p>\n\n\n\n<p>-Ahhhhh. El Marcos es de la Coalici\u00f3n C\u00edvica que se fue con el Tintura el a\u00f1o pasado -explic\u00f3 Ludovico-. Era funcionario del Marcelino en Guaymall\u00e9n y terminaron peleados por el tema de la reina. Justamente la pareja es la\u00a0<strong>Luz Fern\u00e1ndez<\/strong>, que fue reina y es presidenta de la Coreguay. Es nutricionista creo, \u00bfqu\u00e9 hace de asesora?<\/p>\n\n\n\n<p>-No tengo idea. Te podr\u00eda decir que como nutricionista podr\u00eda asesorar a la C\u00e1mara para armar los desayunos de los senadores.<\/p>\n\n\n\n<p>-No podr\u00eda.<\/p>\n\n\n\n<p>-\u00bfPor qu\u00e9?<\/p>\n\n\n\n<p>-Porque la Hebe cort\u00f3 todo eso cuando pas\u00f3 la &#8220;motosierra&#8221;. Se acabaron refrigerios, caf\u00e9, sobrecitos de az\u00facar, tortitas&#8230; Salvo cuestiones muy espec\u00edficas. Ahora est\u00e1n a pura agua y el senador que quiere algo tiene que garparlo. Sacaron la fotocopiadora. En fin. Donde no pudo ajustar es en algunos cargos que consideran improductivos, porque es personal sindicalizado: no est\u00e1n en planta, pero al ser delegados gremiales, no los pod\u00e9s tocar. Y ah\u00ed ten\u00e9s tambi\u00e9n algunos casos de padres e hijos.<\/p>\n\n\n\n<p>-Es como dec\u00eda el Paco -sorprendi\u00f3 el Ruso, sin dejar de mirar el tel\u00e9fono-: &#8220;\u00bfD\u00f3nde est\u00e1 el delito? Si estamos dando trabajo y el trabajo es dignidad&#8221;.<\/p>\n\n\n\n<p>La interna del PJ y una consecuencia inesperada: \u00bfRam\u00f3n y Vadillo otra vez juntos?<\/p>\n\n\n\n<p>La noche sorprendi\u00f3 a los cuatro amigos, que descubrieron c\u00f3mo se van acortando los d\u00edas, ya entrado el oto\u00f1o. Entonces, antes de que partiera el Omar, vestido de gala, rumbo a la cena &#8220;top, top&#8221;, el Flaco Dani pidi\u00f3 que limpiaran la mesa y que las tazas de caf\u00e9 sean cambiadas por una picada y cuatro gaseosas que impuso Ludovico. &#8220;Es muy mi\u00e9rcoles y los cuatro andamos en auto, si no ped\u00edamos una cervecita&#8221;, aclar\u00f3.<\/p>\n\n\n\n<p>-Est\u00e1s como mis&nbsp;<strong>compa\u00f1eros peronistas que se juntaron el lunes en San Rafael<\/strong>&nbsp;-se meti\u00f3 el Dani-.<\/p>\n\n\n\n<p>-\u00bfPor qu\u00e9?<\/p>\n\n\n\n<p>-El lunes hubo&nbsp;<strong>almuerzo<\/strong>&nbsp;en San Rafael del grupo del&nbsp;<strong>&#8220;peronismo no K&#8221;<\/strong>, y todos tomaron gaseosa. La mayor\u00eda pidi\u00f3 carne a la olla y hubo empanadas tambi\u00e9n. Me contaron algunos compa\u00f1eros que viajaron del Gran Mendoza que no llegaron a la Ciudad, porque la juntada fue en&nbsp;<strong>L&#8217;Obrador<\/strong>, un restaurante que est\u00e1 en Las Paredes, frente al aeropuerto, y de ah\u00ed pegaron la vuelta.<\/p>\n\n\n\n<p>-\u00bfNo me dig\u00e1s que fueron en avi\u00f3n?<\/p>\n\n\n\n<p>-Jajaja. No. Fueron en auto, en distintos autos. En uno se subieron el\u00a0<strong>Mat\u00edas Stevanato<\/strong>\u00a0y los &#8220;suyos&#8221; de Maip\u00fa, como el Juan Pablo Gulino, que es diputado. Y en otro viajaron dos legisladoras: la Adriana Cano y la Ver\u00f3nica Valverde, con el\u00a0<strong>Carlos Ciurca<\/strong>\u00a0de chofer, jefe de ese grupo, y marido de Valverde. Tambi\u00e9n estuvieron los dos intendentes que responden al amiiiiiigo: la Flor Dest\u00e9fanis y el Pirincho Ubieta. Y en San Rafael los esperaban los turcos\u00a0<strong>F\u00e9lix<\/strong>\u00a0con el Gustavo Perret, diputado, y el Gustavo Valls, que ser\u00eda &#8220;el Ciurca de los F\u00e9lix&#8221;.<\/p>\n\n\n\n<p>-Pero Ciurca no est\u00e1 en la foto.<\/p>\n\n\n\n<p>-Creo que fue el que sac\u00f3 la foto.&nbsp;<\/p>\n\n\n\n<p>-Jajaja.<\/p>\n\n\n\n<p>-Tampoco posaron para la foto dos personajes m\u00e1s que siguen arrim\u00e1ndose a este grupo de peronistas.&nbsp;<strong>Estuvieron en el almuerzo, pero sin foto.<\/strong><\/p>\n\n\n\n<p>-\u00bf\u00bf\u00bfQui\u00e9nes???<\/p>\n\n\n\n<p>-El&nbsp;<strong>Ema Fugazzotto<\/strong>&nbsp;y el&nbsp;<strong>Mario Vadillo<\/strong>. El otro d\u00eda les cont\u00e9 que est\u00e1n culo y calz\u00f3n los peronistas no K con los del Partido Verde. Bueno, el lunes estuvieron en la joda frente al aeropuerto de San Rafael.<\/p>\n\n\n\n<p>-\u00bfO sea que\u00a0<strong>el peronismo va a volver a unir a Ram\u00f3n y Vadillo<\/strong>?<\/p>\n\n\n\n<p>-Jajajajaja. As\u00ed parece. No lo hab\u00eda pensado. Pero s\u00ed.\u00a0<strong>Podr\u00edan terminar los dos cantando la marcha juntos<\/strong>. Ram\u00f3n sigue como Protectora, dentro del interbloque peronista. Y si avanza la relaci\u00f3n PJ-PV, Vadillo ser\u00e1 central porque es el presidente del Partido Verde.<\/p>\n\n\n\n<p>-Ojo con Vadillo -sorprendi\u00f3 el Ruso-.<\/p>\n\n\n\n<p>-\u00bfPor?<\/p>\n\n\n\n<p>-Yo hago algo que la pol\u00edtica mendocina no hace, pero deber\u00eda: mirar TikTok. Y Vadillo es el pol\u00edtico de Mendoza que m\u00e1s likes y seguidores tiene. La rompe en esa red que cada vez tiene m\u00e1s usuarios. Me parece que es el \u00fanico que &#8220;la vio&#8221;.<\/p>\n\n\n\n<p>-Todo muy lindo, \u00bfpero para qu\u00e9 se juntaron?<\/p>\n\n\n\n<p>-Hab\u00eda que mostrar fuerza. Y ah\u00ed en la foto ten\u00edas al PJ del sur, el sector de Ciurca, al PJ de Maip\u00fa y la mayor\u00eda de los intendentes.\u00a0<strong>Yo creo que tambi\u00e9n tuvo que ver la foto de la semana anterior de la Anabel con el Celso y el Emir Andraos<\/strong>, en un acto de la CTA, que es kirchnerismo puro. Hab\u00eda que empatarla, me parece.<\/p>\n\n\n\n<p>-Est\u00e1 \u00e1spera la pelea, y encima tienen elecciones de autoridades este a\u00f1o.<\/p>\n\n\n\n<p>-S\u00ed, pero nadie se piensa sin el otro. Ni los intendentes ven un peronismo sin kirchneristas, ni los kirchneristas se ven sin sus compa\u00f1eros intendentes.&nbsp;<\/p>\n\n\n\n<p>-\u00bfY hablaron de algo al final en el almuerzo de San Rafael?<\/p>\n\n\n\n<p>-Temas varios, huevadas, cosas serias&#8230; Se habl\u00f3 de dar pelea todos juntos por algunos fondos nacionales que se achicaron o dejaron de llegar a los municipios. Y de la reforma de coparticipaci\u00f3n que mand\u00f3 el Peque Fayad a la Legislatura.<\/p>\n\n\n\n<p>Reuni\u00f3n Stevanato-Fayad<\/p>\n\n\n\n<p>-Escuch\u00e9 a algunos compa\u00f1eros tuyos decir que iban a dar pelea juntos, pero no tiene sentido, porque la modificaci\u00f3n del coeficiente de equilibrio, que dividi\u00f3 las aguas entre los intendentes de Mendoza, perjudica a Maip\u00fa, pero le da m\u00e1s guita a San Rafael -coment\u00f3 el Omar-. \u00bfQu\u00e9 va a hacer el bloque peronista?<\/p>\n\n\n\n<p>-Van a acompa\u00f1ar el pedido de Maip\u00fa. Ac\u00e1 el tema es la legitimidad de la reforma, porque el Gobierno tiene votos suficientes para sacarla, pero ser\u00eda \u00f3ptimo que lograra un respaldo un\u00e1nime o casi, sobre todo porque es un tema muy sensible, que regir\u00e1 por muchos a\u00f1os y repercutir\u00e1 en muchos millones para uno u otro departamento.<\/p>\n\n\n\n<p>-\u00bfEntonces?<\/p>\n\n\n\n<p>-Tengo entendido que van a tratar de acercar posiciones.&nbsp;<strong>Este jueves, tu ministro Fayad va a reunirse con Stevanato<\/strong>, algo que deber\u00eda haber sucedido hace rato. Pero bueno, veremos qu\u00e9 le explican al intendente y su equipo de Maip\u00fa y si de alguna forma le compensan la guita que le est\u00e1n sacando del coeficiente de equilibrio. O por ah\u00ed surge una idea superadora: que le saquen la guita a Maip\u00fa, pero que no se la den a otro municipio. Que se arme un fondo, por ejemplo, destinado a mejorar la actividad econ\u00f3mica, recaud\u00e1s m\u00e1s y entonces ten\u00e9s m\u00e1s guita para repartir. O tal vez no pasa nada de eso y la pelea sigue igual.<\/p>\n\n\n\n<p>-Tambi\u00e9n hay radicales que, por m\u00e1s que no pataleen, esperan alguna &#8220;compensaci\u00f3n&#8221; de su gobierno -sum\u00f3 el Omar-.&nbsp;<\/p>\n\n\n\n<p>-A algunos les hab\u00edan mandado un Excel de c\u00f3mo quedar\u00eda el fondo compensador y terminaron incluyendo otro muy distinto en el proyecto de ley final -retom\u00f3 el Flaco Dani-.<\/p>\n\n\n\n<p>-No hay margen para peleas. Van a terminar arreglando -cerr\u00f3 tajantemente el Ruso-.<\/p>\n\n\n\n<p>(&#8230;)<\/p>\n\n\n\n<p>Los primeros en irse del caf\u00e9 c\u00e9ntrico fueron los que llegaron \u00faltimos, el Ruso y Ludovico, dejando nuevamente solos al Flaco Dani y el Omar, que antes de partir raudamente a buscar a su esposa quiso evacuar una duda. &#8220;Che, me qued\u00f3 algo dando vueltas. \u00bfPor qu\u00e9 abrazaste a los mozos cuando llegaste?&#8221;, pregunt\u00f3 el radical, y el amigo peronista respondi\u00f3: &#8220;Te cuento la semana que viene&#8221;.<\/p>\n\n\n\n<p>FUENTE: Mendozapost.<\/p>\n","protected":false},"excerpt":{"rendered":"<p>El primero en llegar al caf\u00e9 fue el Flaco Dani que, antes de sentarse a esperar a sus amigos, salud\u00f3 con un abrazo a los tres mozos que, a esas horas de la tarde, se preparaban para el cambio de turno. En ese momento cay\u00f3 el Omar, sorpresivamente elegante, con un traje impecable, y un [&hellip;]<\/p>\n","protected":false},"author":2,"featured_media":6883,"comment_status":"open","ping_status":"open","sticky":true,"template":"","format":"standard","meta":[],"categories":[47],"tags":[],"_links":{"self":[{"href":"https:\/\/pasaenmendoza.com\/index.php?rest_route=\/wp\/v2\/posts\/6882"}],"collection":[{"href":"https:\/\/pasaenmendoza.com\/index.php?rest_route=\/wp\/v2\/posts"}],"about":[{"href":"https:\/\/pasaenmendoza.com\/index.php?rest_route=\/wp\/v2\/types\/post"}],"author":[{"embeddable":true,"href":"https:\/\/pasaenmendoza.com\/index.php?rest_route=\/wp\/v2\/users\/2"}],"replies":[{"embeddable":true,"href":"https:\/\/pasaenmendoza.com\/index.php?rest_route=%2Fwp%2Fv2%2Fcomments&post=6882"}],"version-history":[{"count":1,"href":"https:\/\/pasaenmendoza.com\/index.php?rest_route=\/wp\/v2\/posts\/6882\/revisions"}],"predecessor-version":[{"id":6884,"href":"https:\/\/pasaenmendoza.com\/index.php?rest_route=\/wp\/v2\/posts\/6882\/revisions\/6884"}],"wp:featuredmedia":[{"embeddable":true,"href":"https:\/\/pasaenmendoza.com\/index.php?rest_route=\/wp\/v2\/media\/6883"}],"wp:attachment":[{"href":"https:\/\/pasaenmendoza.com\/index.php?rest_route=%2Fwp%2Fv2%2Fmedia&parent=6882"}],"wp:term":[{"taxonomy":"category","embeddable":true,"href":"https:\/\/pasaenmendoza.com\/index.php?rest_route=%2Fwp%2Fv2%2Fcategories&post=6882"},{"taxonomy":"post_tag","embeddable":true,"href":"https:\/\/pasaenmendoza.com\/index.php?rest_route=%2Fwp%2Fv2%2Ftags&post=6882"}],"curies":[{"name":"wp","href":"https:\/\/api.w.org\/{rel}","templated":true}]}}