{"id":6892,"date":"2024-04-18T15:37:10","date_gmt":"2024-04-18T13:37:10","guid":{"rendered":"https:\/\/pasaenmendoza.com\/?p=6892"},"modified":"2024-04-18T15:37:11","modified_gmt":"2024-04-18T13:37:11","slug":"el-tragico-final-de-los-hermanos-duenos-de-avicola-lujan","status":"publish","type":"post","link":"https:\/\/pasaenmendoza.com\/?p=6892","title":{"rendered":"El tr\u00e1gico final de los hermanos due\u00f1os de Av\u00edcola Luj\u00e1n"},"content":{"rendered":"\n<p>Un motociclista de 69 a\u00f1os falleci\u00f3 minutos antes de las 13 de este mi\u00e9rcoles luego de\u00a0chocar contra un auto a la altura del kil\u00f3metro 1141 de ruta 7, en la localidad de Uspallata, en Las Heras. Con el paso de las horas, se conoci\u00f3 que la v\u00edctima fatal era uno de los due\u00f1os de la reconocida empresa\u00a0<strong>Av\u00edcola Luj\u00e1n<\/strong>,\u00a0<mark>Antonio Olmo, quien iba al mando de una KTM 190 cc.<\/mark><\/p>\n\n\n\n<p><strong>Esta es la segunda tragedia que golpea a la familia Olmo<\/strong>. Hace m\u00e1s de 14 a\u00f1os,<strong>&nbsp;Juan Manuel<\/strong>, hermano de Antonio,&nbsp;<mark>muri\u00f3 luego de recibir un piedrazo en la cabeza mientras conduc\u00eda una camioneta Ford F-100 por Maip\u00fa<\/mark>. Tres menores, de 10, 12 y 13 a\u00f1os, arrojaron el proyectil desde la pasarela de&nbsp;<strong>Paso y Terrada&nbsp;<\/strong>y el impacto termin\u00f3 siendo letal para el empresario, minutos antes de las 23.<\/p>\n\n\n\n<p>Muri\u00f3 el 10 de noviembre del 2009. Los investigadores contaron por aquellos d\u00edas que era un modus operandi para que los conductores frenaran y luego les robaran.<\/p>\n\n\n\n<p><strong>Juan Manuel ten\u00eda 59 a\u00f1os y era padre de tres hijos<\/strong>. De nacionalidad espa\u00f1ola, fan\u00e1tico del Real Madrid, vivi\u00f3 toda su vida como un trabajador, tal como lo definieron desde su entorno cuando se produjo el homicidio. El hecho caus\u00f3 gran conmoci\u00f3n en las personas que lo conoc\u00edan, como as\u00ed tambi\u00e9n en sus familiares.<\/p>\n\n\n\n<p><em>\u201cEsto dura dos semanas y despu\u00e9s todo el mundo se olvida. Y para colmo, nadie hace nada\u201d,<\/em>&nbsp;expres\u00f3, angustiada, Mariela, una de las hijas de Juan Manuel, en su casa un par de d\u00edas despu\u00e9s del hecho de sangre. Y agreg\u00f3:&nbsp;<em>\u201cVivi\u00f3 toda la vida para trabajar. Empez\u00f3 a los 8 a\u00f1os y estaba todo el d\u00eda trabajando\u201d.<\/em><\/p>\n\n\n\n<p><strong>El golpe para la familia volvi\u00f3 a ser duro este mi\u00e9rcoles con la muerte de Antonio<\/strong>. La reconstrucci\u00f3n del siniestro vial se\u00f1ala que el motociclista intent\u00f3 sobrepasar a un\u00a0<strong>Toyota Corolla\u00a0<\/strong>y termin\u00f3 impactando contra la parte trasera de ese rodado por causas que son motivo de investigaci\u00f3n.<\/p>\n\n\n\n<p>Luego de la colisi\u00f3n, el motociclista perdi\u00f3 el control del rodado y derrap\u00f3 en el costado oeste de la calzada, perdiendo la vida en cuesti\u00f3n de minutos.<\/p>\n\n\n\n<p><strong>Juan Manuel y Antonio crearon Av\u00edcola Luj\u00e1n con otro hermano, Miguel<\/strong>. La firma tuvo su primera sede en calle Tropero Sosa, en Maip\u00fa. Luego se mud\u00f3 al Acceso Sur, a la altura del kil\u00f3metro 9,5 de Carrodilla, lugar donde se encuentra actualmente.<\/p>\n\n\n\n<p><strong>Fuente: www.elsol.com.ar<\/strong><\/p>\n","protected":false},"excerpt":{"rendered":"<p>Un motociclista de 69 a\u00f1os falleci\u00f3 minutos antes de las 13 de este mi\u00e9rcoles luego de\u00a0chocar contra un auto a la altura del kil\u00f3metro 1141 de ruta 7, en la localidad de Uspallata, en Las Heras. Con el paso de las horas, se conoci\u00f3 que la v\u00edctima fatal era uno de los due\u00f1os de la [&hellip;]<\/p>\n","protected":false},"author":2,"featured_media":6893,"comment_status":"open","ping_status":"open","sticky":false,"template":"","format":"standard","meta":[],"categories":[48],"tags":[],"_links":{"self":[{"href":"https:\/\/pasaenmendoza.com\/index.php?rest_route=\/wp\/v2\/posts\/6892"}],"collection":[{"href":"https:\/\/pasaenmendoza.com\/index.php?rest_route=\/wp\/v2\/posts"}],"about":[{"href":"https:\/\/pasaenmendoza.com\/index.php?rest_route=\/wp\/v2\/types\/post"}],"author":[{"embeddable":true,"href":"https:\/\/pasaenmendoza.com\/index.php?rest_route=\/wp\/v2\/users\/2"}],"replies":[{"embeddable":true,"href":"https:\/\/pasaenmendoza.com\/index.php?rest_route=%2Fwp%2Fv2%2Fcomments&post=6892"}],"version-history":[{"count":1,"href":"https:\/\/pasaenmendoza.com\/index.php?rest_route=\/wp\/v2\/posts\/6892\/revisions"}],"predecessor-version":[{"id":6894,"href":"https:\/\/pasaenmendoza.com\/index.php?rest_route=\/wp\/v2\/posts\/6892\/revisions\/6894"}],"wp:featuredmedia":[{"embeddable":true,"href":"https:\/\/pasaenmendoza.com\/index.php?rest_route=\/wp\/v2\/media\/6893"}],"wp:attachment":[{"href":"https:\/\/pasaenmendoza.com\/index.php?rest_route=%2Fwp%2Fv2%2Fmedia&parent=6892"}],"wp:term":[{"taxonomy":"category","embeddable":true,"href":"https:\/\/pasaenmendoza.com\/index.php?rest_route=%2Fwp%2Fv2%2Fcategories&post=6892"},{"taxonomy":"post_tag","embeddable":true,"href":"https:\/\/pasaenmendoza.com\/index.php?rest_route=%2Fwp%2Fv2%2Ftags&post=6892"}],"curies":[{"name":"wp","href":"https:\/\/api.w.org\/{rel}","templated":true}]}}