{"id":6898,"date":"2024-04-18T15:42:01","date_gmt":"2024-04-18T13:42:01","guid":{"rendered":"https:\/\/pasaenmendoza.com\/?p=6898"},"modified":"2024-04-18T15:42:03","modified_gmt":"2024-04-18T13:42:03","slug":"murio-una-adolescente-en-un-accidente-en-las-heras","status":"publish","type":"post","link":"https:\/\/pasaenmendoza.com\/?p=6898","title":{"rendered":"Muri\u00f3 una adolescente en un accidente en Las Heras"},"content":{"rendered":"\n<p>Una chica menor de edad muri\u00f3 durante la madrugada de este jueves en el departamento de Las Heras tras un accidente vial.<\/p>\n\n\n\n<p>El hecho ocurri\u00f3 cerca de las 3 de la ma\u00f1ana en el interior del barrio Integraci\u00f3n. All\u00ed la adolescente viajaba con un joven de 17 a\u00f1os en una moto Rowser Bajaj 200cc. El conductor perdi\u00f3 el control de la moto por el estado de la calzada, derrap\u00f3 y cay\u00f3 al suelo.<\/p>\n\n\n\n<p>La chica, identificada como&nbsp;<strong>Brisa Quiroga<\/strong>, cay\u00f3 al suelo y se golpe\u00f3 fuertemente y muri\u00f3 en el lugar.&nbsp;<\/p>\n\n\n\n<p>El joven motociclista fue trasladado con heridas al Hospital Central. Interviene personal de la Comisar\u00eda 16\u00b0.<\/p>\n\n\n\n<p><strong>Fuente: www.mendozapost.com<\/strong><\/p>\n","protected":false},"excerpt":{"rendered":"<p>Una chica menor de edad muri\u00f3 durante la madrugada de este jueves en el departamento de Las Heras tras un accidente vial. El hecho ocurri\u00f3 cerca de las 3 de la ma\u00f1ana en el interior del barrio Integraci\u00f3n. All\u00ed la adolescente viajaba con un joven de 17 a\u00f1os en una moto Rowser Bajaj 200cc. El [&hellip;]<\/p>\n","protected":false},"author":2,"featured_media":6899,"comment_status":"open","ping_status":"open","sticky":false,"template":"","format":"standard","meta":[],"categories":[48],"tags":[],"_links":{"self":[{"href":"https:\/\/pasaenmendoza.com\/index.php?rest_route=\/wp\/v2\/posts\/6898"}],"collection":[{"href":"https:\/\/pasaenmendoza.com\/index.php?rest_route=\/wp\/v2\/posts"}],"about":[{"href":"https:\/\/pasaenmendoza.com\/index.php?rest_route=\/wp\/v2\/types\/post"}],"author":[{"embeddable":true,"href":"https:\/\/pasaenmendoza.com\/index.php?rest_route=\/wp\/v2\/users\/2"}],"replies":[{"embeddable":true,"href":"https:\/\/pasaenmendoza.com\/index.php?rest_route=%2Fwp%2Fv2%2Fcomments&post=6898"}],"version-history":[{"count":1,"href":"https:\/\/pasaenmendoza.com\/index.php?rest_route=\/wp\/v2\/posts\/6898\/revisions"}],"predecessor-version":[{"id":6900,"href":"https:\/\/pasaenmendoza.com\/index.php?rest_route=\/wp\/v2\/posts\/6898\/revisions\/6900"}],"wp:featuredmedia":[{"embeddable":true,"href":"https:\/\/pasaenmendoza.com\/index.php?rest_route=\/wp\/v2\/media\/6899"}],"wp:attachment":[{"href":"https:\/\/pasaenmendoza.com\/index.php?rest_route=%2Fwp%2Fv2%2Fmedia&parent=6898"}],"wp:term":[{"taxonomy":"category","embeddable":true,"href":"https:\/\/pasaenmendoza.com\/index.php?rest_route=%2Fwp%2Fv2%2Fcategories&post=6898"},{"taxonomy":"post_tag","embeddable":true,"href":"https:\/\/pasaenmendoza.com\/index.php?rest_route=%2Fwp%2Fv2%2Ftags&post=6898"}],"curies":[{"name":"wp","href":"https:\/\/api.w.org\/{rel}","templated":true}]}}