{"id":6901,"date":"2024-04-18T22:36:06","date_gmt":"2024-04-18T20:36:06","guid":{"rendered":"https:\/\/pasaenmendoza.com\/?p=6901"},"modified":"2024-04-18T22:36:07","modified_gmt":"2024-04-18T20:36:07","slug":"turismo-el-plan-de-descuentos-que-se-sumara-a-una-nueva-version-de-mendoza-sale","status":"publish","type":"post","link":"https:\/\/pasaenmendoza.com\/?p=6901","title":{"rendered":"Turismo: el plan de descuentos que se sumar\u00e1 a una nueva versi\u00f3n de Mendoza Sale"},"content":{"rendered":"\n<p>Semana Santa fue una bocanada de aire para la mayor\u00eda de los destinos tur\u00edsticos del pa\u00eds, pero el panorama hacia adelante y fuera de temporada no es para nada alentador en el sector. Frente a esto, el Gobierno de<strong>\u00a0Javier Milei<\/strong>\u00a0acord\u00f3 descuentos con el sector para pasajes de larga distancia, hoteles y promociones para paquetes y servicios.<\/p>\n\n\n\n<p>La intenci\u00f3n es&nbsp;<em>\u201cpromover el turismo durante la temporada baja\u201d,&nbsp;<\/em>una iniciativa que la provincia ya aplic\u00f3 en el verano con el plan<strong>&nbsp;\u201cSale Mendoza\u201d<\/strong>, destacaron desde la administraci\u00f3n de&nbsp;<strong>Alfredo Cornejo<\/strong>.<\/p>\n\n\n\n<h2 class=\"wp-block-heading\" id=\"h-el-programa-de-nacion\">El programa de Naci\u00f3n<\/h2>\n\n\n\n<p>Al frente de las negociaciones y del armado del plan de descuentos, que se llamar\u00e1&nbsp;<strong>\u201cPrograma Argentina Emerge\u201d<\/strong>, estuvieron el ministro del Interior,&nbsp;<strong>Guillermo Francos<\/strong>, y el secretario de Turismo,&nbsp;<strong>Daniel Scioli,<\/strong>&nbsp;quienes recibieron a las principales c\u00e1maras empresarias del sector.<\/p>\n\n\n\n<p>El programa incluir\u00e1<em>&nbsp;\u201ccuotas para paquetes, reducci\u00f3n del precio de pasajes y otros incentivos que dinamizar\u00e1n la actividad\u201d.<\/em><\/p>\n\n\n\n<p>A su vez, confirmaron un descuento del 30% en los pasajes de larga distancia para los meses previos a las vacaciones de invierno; rebajas del 20% en tarifas de hoteler\u00eda, paquetes de turismo interno en cuotas con financiaci\u00f3n bancaria y promociones 7\u00d76 en pases de centros de esqu\u00ed.<\/p>\n\n\n\n<p><strong>Gabriela Testa<\/strong>&nbsp;titular del&nbsp;<strong>Ente Mendoza Turismo<\/strong>&nbsp;(EMETUR), celebr\u00f3 la propuesta de Naci\u00f3n y aclar\u00f3 que a\u00fan resta que se delimite la implementaci\u00f3n del programa en todo el pa\u00eds.<\/p>\n\n\n\n<p>Adem\u00e1s, destac\u00f3 que para Mendoza va a ser m\u00e1s sencillo sumarse porque \u201c<em>es muy similar\u201d a \u201cSale Mendoza\u201d<\/em>,\u00a0un programa de incentivo que fue aplicado en el verano\u00a0y que volver\u00e1 a regir desde el 1\u00b0 de mayo en toda la provincia.<\/p>\n\n\n\n<p><em>\u201cEs una buena decisi\u00f3n del Gobierno. Entendemos que se va a parecer a \u2018Sale Mendoza\u2019, aunque desde Naci\u00f3n a\u00fan no tienen definida la parte operativa\u201d,&nbsp;<\/em>rescat\u00f3&nbsp;<strong>Testa&nbsp;<\/strong>y aclar\u00f3 que ambos programas<em>&nbsp;\u201cpueden convivir\u201d<\/em>&nbsp;sin inconvenientes.<\/p>\n\n\n\n<p>El 8 de mayo se llevar\u00e1 a cabo una reuni\u00f3n del Consejo Federal de Turismo donde se dar\u00e1 la informaci\u00f3n detallada de este programa de Gobierno que anunciaron Scioli y Francos.<\/p>\n\n\n\n<p>Para Testa es importante que este tipo de promociones tenga el compromiso y el esfuerzo tanto del sector privado como el p\u00fablico. En el caso de la provincia -cont\u00f3- se acompa\u00f1an los descuentos de&nbsp;<em>\u201cSale Mendoza\u201d<\/em>&nbsp;que ofrecen los efectores con una fuerte campa\u00f1a publicitaria, con especial hincapi\u00e9 en las redes sociales.<\/p>\n\n\n\n<h2 class=\"wp-block-heading\" id=\"h-los-planes-de-mendoza\">Los planes de Mendoza<\/h2>\n\n\n\n<p>La titular del Ente Mendoza Turismo (EMETUR),\u00a0<strong>Gabriela Testa<\/strong>,\u00a0adelant\u00f3 que el 1\u00b0 de mayo se relanzar\u00e1\u00a0<mark>\u201cSale Mendoza\u201d, el programa local que permite que mendocinos y turistas nacionales disfruten de beneficios de hasta un 30%<\/mark>\u00a0y que se extender\u00e1 hasta finales de junio.<\/p>\n\n\n\n<figure class=\"wp-block-image\"><img decoding=\"async\" src=\"https:\/\/i0.wp.com\/newspack-elsol.s3.amazonaws.com\/wp-content\/uploads\/2021\/08\/1630060984380sale20mendoza-1024x680.jpg?resize=780%2C518&amp;ssl=1\" alt=\"\" class=\"wp-image-1705632\"\/><\/figure>\n\n\n\n<p>Las opciones son en todos los rubros:&nbsp;<strong>gastronom\u00eda, turismo aventura y excursiones, enoturismo y alojamiento.&nbsp;<\/strong>Adem\u00e1s, el programa permite seleccionar la zona elegida de la provincia: Gran Mendoza, Precordillera y Alta Monta\u00f1a, Valle de Uco, zona Sur y Este.<\/p>\n\n\n\n<p><mark>El \u00fanico requisito para acceder a este beneficio es ser ciudadano argentino<\/mark>, es decir, quedan excluidos los visitantes extranjeros.\u00a0<em>\u201cEn estos tiempos, el turismo es un consumo de lujo y la idea es generar promociones atractivas para incentivarlo\u201d,<\/em>\u00a0consign\u00f3 Testa.<\/p>\n\n\n\n<p><strong>Fuente: www.elsol.com.ar<\/strong><\/p>\n","protected":false},"excerpt":{"rendered":"<p>Semana Santa fue una bocanada de aire para la mayor\u00eda de los destinos tur\u00edsticos del pa\u00eds, pero el panorama hacia adelante y fuera de temporada no es para nada alentador en el sector. Frente a esto, el Gobierno de\u00a0Javier Milei\u00a0acord\u00f3 descuentos con el sector para pasajes de larga distancia, hoteles y promociones para paquetes y [&hellip;]<\/p>\n","protected":false},"author":2,"featured_media":6902,"comment_status":"open","ping_status":"open","sticky":false,"template":"","format":"standard","meta":[],"categories":[64],"tags":[],"_links":{"self":[{"href":"https:\/\/pasaenmendoza.com\/index.php?rest_route=\/wp\/v2\/posts\/6901"}],"collection":[{"href":"https:\/\/pasaenmendoza.com\/index.php?rest_route=\/wp\/v2\/posts"}],"about":[{"href":"https:\/\/pasaenmendoza.com\/index.php?rest_route=\/wp\/v2\/types\/post"}],"author":[{"embeddable":true,"href":"https:\/\/pasaenmendoza.com\/index.php?rest_route=\/wp\/v2\/users\/2"}],"replies":[{"embeddable":true,"href":"https:\/\/pasaenmendoza.com\/index.php?rest_route=%2Fwp%2Fv2%2Fcomments&post=6901"}],"version-history":[{"count":1,"href":"https:\/\/pasaenmendoza.com\/index.php?rest_route=\/wp\/v2\/posts\/6901\/revisions"}],"predecessor-version":[{"id":6903,"href":"https:\/\/pasaenmendoza.com\/index.php?rest_route=\/wp\/v2\/posts\/6901\/revisions\/6903"}],"wp:featuredmedia":[{"embeddable":true,"href":"https:\/\/pasaenmendoza.com\/index.php?rest_route=\/wp\/v2\/media\/6902"}],"wp:attachment":[{"href":"https:\/\/pasaenmendoza.com\/index.php?rest_route=%2Fwp%2Fv2%2Fmedia&parent=6901"}],"wp:term":[{"taxonomy":"category","embeddable":true,"href":"https:\/\/pasaenmendoza.com\/index.php?rest_route=%2Fwp%2Fv2%2Fcategories&post=6901"},{"taxonomy":"post_tag","embeddable":true,"href":"https:\/\/pasaenmendoza.com\/index.php?rest_route=%2Fwp%2Fv2%2Ftags&post=6901"}],"curies":[{"name":"wp","href":"https:\/\/api.w.org\/{rel}","templated":true}]}}