{"id":6910,"date":"2024-04-18T23:19:59","date_gmt":"2024-04-18T21:19:59","guid":{"rendered":"https:\/\/pasaenmendoza.com\/?p=6910"},"modified":"2024-04-18T23:20:00","modified_gmt":"2024-04-18T21:20:00","slug":"este-viernes-se-vota-la-nueva-conduccion-del-colegio-de-abogados","status":"publish","type":"post","link":"https:\/\/pasaenmendoza.com\/?p=6910","title":{"rendered":"Este viernes se vota la nueva conducci\u00f3n del Colegio de Abogados"},"content":{"rendered":"\n<p>El&nbsp;<strong>Colegio de Abogados y Procuradores de la Primera Circunscripci\u00f3n Judicial de Mendoza elegir\u00e1 a sus nuevas autoridades por el per\u00edodo 2024-2026<\/strong>.&nbsp;<\/p>\n\n\n\n<p>Se votar\u00e1 por miembros del Directorio, compuesto por un presidente, un vicepresidente, cinco vocales titulares y tres vocales suplentes. Adem\u00e1s, se elegir\u00e1 el Tribunal de \u00c9tica y Disciplina, integrado por siete miembros titulares y siete miembros suplentes por igual per\u00edodo.<\/p>\n\n\n\n<p><strong>Las elecciones ser\u00e1n el viernes 19 de abril, de 8 a 20, en la sede de Pedro Molina 447 de la Ciudad de Mendoza.<\/strong><\/p>\n\n\n\n<p><strong>Est\u00e1n habilitados para votar todos los profesionales que se encuentren incluidos en los padrones definitivos.\u00a0<\/strong><\/p>\n\n\n\n<p>Desde la entidad, se destac\u00f3 que &#8220;los profesionales que se encontraban al d\u00eda en sus cuotas sociales al 31 de diciembre de 2023, o en su defecto regularizaron su situaci\u00f3n antes del 31 de marzo de 2024, podr\u00e1n votar para autoridades de Directorio y Tribunal de \u00c9tica y Disciplina, por lo que se encuentran incluidos en dicho padr\u00f3n definitivo&#8221;.<\/p>\n\n\n\n<p>Agregaron que &#8220;por su parte, los profesionales que al 31 de diciembre de 2023 no se encontraban al d\u00eda en sus cuotas sociales, ni regularizaron su situaci\u00f3n antes del 31 de marzo de 2024, solamente podr\u00e1n votar autoridades para Tribunal de \u00c9tica y Disciplina, por lo que se encuentran incluidos en ese padr\u00f3n definitivo&#8221;.<\/p>\n\n\n\n<h3 class=\"wp-block-heading\">Las tres listas<\/h3>\n\n\n\n<p>El oficialismo est\u00e1 representado en la lista&nbsp;<strong>Abogac\u00eda Independiente<\/strong>&nbsp;y presenta como candidatos a&nbsp;<strong>Sergio Molina<\/strong>&nbsp;y&nbsp;<strong>Jazminka Mihaljevic<\/strong>, como presidente y vicepresidente, respectivamente.&nbsp;<\/p>\n\n\n\n<p>Molina ya fue parte del directorio entre 2016 y 2021, pero se propone como &#8220;lo nuevo&#8221; tras los encontronazos que viviera la entidad el a\u00f1o pasado, contaminado por la campa\u00f1a electoral. Hay gente que responde a Cambia Mendoza, pero tambi\u00e9n algunos peronistas, como es el caso de&nbsp;<strong>Florencia Becerra<\/strong>, es&nbsp;hija de Nicol\u00e1s Becerra.<\/p>\n\n\n\n<p>La oposici\u00f3n qued\u00f3 divida en dos:<\/p>\n\n\n\n<p>&#8211; Se presenta&nbsp;<strong>Alternativa Independiente y Plural<\/strong>, que tiene como candidato a&nbsp;<strong>Jer\u00f3nimo Gil Di Paola<\/strong>&nbsp;y a&nbsp;<strong>Guadalupe Simone Cajal<\/strong>, como presidente y vice, respectivamente, con anclaje en la<strong>&nbsp;ONG de Derechos Humanos y antimineros Xumec.<\/strong><\/p>\n\n\n\n<p>&#8211; La tercera se llama\u00a0<strong>Foro Abierto<\/strong>\u00a0y est\u00e1 encabezada por\u00a0<strong>Facundo Marquesini<\/strong>\u00a0y\u00a0<strong>Anabel Gazali<\/strong>, como presidente y vice, respectivamente. Si bien hay peronistas, otros la vinculan a\u00a0<strong>Omar De Marchi.<\/strong>\u00a0Uno de sus apoderados es\u00a0<strong>Pablo Cazab\u00e1n\u00a0<\/strong>y la<strong>\u00a0integra Ra\u00fal Rodr\u00edguez<\/strong>, referente de la actividad prominera en Mendoza.<\/p>\n\n\n\n<p><strong>Fuente: www.memo.com.ar<\/strong><\/p>\n","protected":false},"excerpt":{"rendered":"<p>El&nbsp;Colegio de Abogados y Procuradores de la Primera Circunscripci\u00f3n Judicial de Mendoza elegir\u00e1 a sus nuevas autoridades por el per\u00edodo 2024-2026.&nbsp; Se votar\u00e1 por miembros del Directorio, compuesto por un presidente, un vicepresidente, cinco vocales titulares y tres vocales suplentes. Adem\u00e1s, se elegir\u00e1 el Tribunal de \u00c9tica y Disciplina, integrado por siete miembros titulares y [&hellip;]<\/p>\n","protected":false},"author":2,"featured_media":6911,"comment_status":"open","ping_status":"open","sticky":false,"template":"","format":"standard","meta":[],"categories":[50],"tags":[],"_links":{"self":[{"href":"https:\/\/pasaenmendoza.com\/index.php?rest_route=\/wp\/v2\/posts\/6910"}],"collection":[{"href":"https:\/\/pasaenmendoza.com\/index.php?rest_route=\/wp\/v2\/posts"}],"about":[{"href":"https:\/\/pasaenmendoza.com\/index.php?rest_route=\/wp\/v2\/types\/post"}],"author":[{"embeddable":true,"href":"https:\/\/pasaenmendoza.com\/index.php?rest_route=\/wp\/v2\/users\/2"}],"replies":[{"embeddable":true,"href":"https:\/\/pasaenmendoza.com\/index.php?rest_route=%2Fwp%2Fv2%2Fcomments&post=6910"}],"version-history":[{"count":1,"href":"https:\/\/pasaenmendoza.com\/index.php?rest_route=\/wp\/v2\/posts\/6910\/revisions"}],"predecessor-version":[{"id":6912,"href":"https:\/\/pasaenmendoza.com\/index.php?rest_route=\/wp\/v2\/posts\/6910\/revisions\/6912"}],"wp:featuredmedia":[{"embeddable":true,"href":"https:\/\/pasaenmendoza.com\/index.php?rest_route=\/wp\/v2\/media\/6911"}],"wp:attachment":[{"href":"https:\/\/pasaenmendoza.com\/index.php?rest_route=%2Fwp%2Fv2%2Fmedia&parent=6910"}],"wp:term":[{"taxonomy":"category","embeddable":true,"href":"https:\/\/pasaenmendoza.com\/index.php?rest_route=%2Fwp%2Fv2%2Fcategories&post=6910"},{"taxonomy":"post_tag","embeddable":true,"href":"https:\/\/pasaenmendoza.com\/index.php?rest_route=%2Fwp%2Fv2%2Ftags&post=6910"}],"curies":[{"name":"wp","href":"https:\/\/api.w.org\/{rel}","templated":true}]}}