{"id":6914,"date":"2024-04-19T15:09:39","date_gmt":"2024-04-19T13:09:39","guid":{"rendered":"https:\/\/pasaenmendoza.com\/?p=6914"},"modified":"2024-04-19T15:09:41","modified_gmt":"2024-04-19T13:09:41","slug":"los-4-demarchistas-que-competiran-contra-hebe-casado-en-las-elecciones-del-pro","status":"publish","type":"post","link":"https:\/\/pasaenmendoza.com\/?p=6914","title":{"rendered":"Los 4 demarchistas que competir\u00e1n contra Hebe Casado en las elecciones del PRO"},"content":{"rendered":"\n<p>Se trata de Gabriel Pradines, \u00c1lvaro Mart\u00ednez, Laura Balsells Mir\u00f3 y Germ\u00e1n Vicchi. Hoy vence el plazo de presentaci\u00f3n de las listas del PRO. Las elecciones internas ser\u00e1n el 2 de junio.<\/p>\n\n\n\n<p>A un a\u00f1o de la intervenci\u00f3n del\u00a0<strong>PRO\u00a0mendocino<\/strong>, los afiliados se preparan para elegir autoridades. La primera en anotarse en la carrera y buscar el apoyo de dirigentes nacionales fue la vicegobernadora,\u00a0<strong>Hebe Casado<\/strong>. Tambi\u00e9n se sum\u00f3 a la contienda la diputada provincial, Sol Salinas, pero esta noche se sabr\u00e1 con exactitud si logr\u00f3 reunir los requisitos para presentar su lista.\u00a0<\/p>\n\n\n\n<p>Por el momento, todo indica que\u00a0<strong>Hebe Casado<\/strong>\u00a0se enfrentar\u00e1 al sector liderado por Omar De Marchi. El excandidato a gobernador por La Uni\u00f3n Mendocina no encabezar\u00e1 la lista porque actualmente es funcionario de Javier Milei y est\u00e1 instalado en Buenos Aires. Sin embargo, el exintendente de Luj\u00e1n de Cuyo dej\u00f3 un equipo armado para presentarse en las elecciones\u00a0<strong>internas\u00a0<\/strong>del\u00a0<strong>PROmendocino<\/strong>.\u00a0<\/p>\n\n\n\n<p>Aunque desde el demarchismo se manejan con cautela -y esperar\u00e1n hasta esta noche para revelar el nombre del candidato a presidente del\u00a0<strong>PRO mendocino<\/strong>-, s\u00ed se sabe que hay cuatro dirigentes en el armado: \u00c1lvaro Mart\u00ednez,\u00a0 Germ\u00e1n Vicchi, Laura Balsells Mir\u00f3 y Gabriel Pradines. Este \u00faltimo es el que suena m\u00e1s fuerte para encabezar la lista. Los cuatro tienen algo en com\u00fan, son fieles a Omar De Marchi y lo siguieron sin dudar a La Uni\u00f3n Mendocina. Ahora buscan recuperar la presidencia del\u00a0<strong>PRO mendocino<\/strong>.\u00a0<\/p>\n\n\n\n<h2 class=\"wp-block-heading\">Los cuatro demarchistas del PRO mendocino<\/h2>\n\n\n\n<p><strong>Laura &#8220;Lula&#8221; Balsells Mir\u00f3\u00a0<\/strong>es una de las mujeres clave del sector de Omar De Marchi. La docente es muy cercana a la exlegisladora Cecilia P\u00e1ez y fue una de las encargadas de organizar a las mujeres demarchistas el a\u00f1o pasado durante la campa\u00f1a electoral. Lula lider\u00f3 los grupos que sal\u00edan a tocar el timbre, hablar con los vecinos, escuchar reclamos y dar a conocer las propuestas.<\/p>\n\n\n\n<p>Adem\u00e1s de tener una larga trayectoria en la carrera docente, la actual diputada provincial es la hermana menor del auditor general de la Oficina de Investigaciones Administrativas y \u00c9tica P\u00fablica, Gabriel Balsells Mir\u00f3.<\/p>\n\n\n\n<p>Por el momento, todo indica que\u00a0<strong>Gabriel Pradines\u00a0<\/strong>encabezar\u00eda la lista. El ingeniero industrial es diputado provincial desde 2021. El a\u00f1o pasado fue candidato a intendente de Guaymall\u00e9n por La Uni\u00f3n Mendocina.<\/p>\n\n\n\n<p>Gabriel Pradines es hijo del hist\u00f3rico dirigente del PD Roberto Pradines. Sus primeros pasos en la pol\u00edtica fueron en el partido dem\u00f3crata, en 2014 se uni\u00f3 a las filas el&nbsp;<strong>PRO mendocino<\/strong>&nbsp;y desde ese momento trabaja junto a Omar De Marchi.&nbsp;<\/p>\n\n\n\n<p>Otro de los demarchistas es\u00a0<strong>Germ\u00e1n Vicchi<\/strong>. El senador provincial viene de los cuadros t\u00e9cnicos del\u00a0<strong>PRO<\/strong>. Desde 2013 es parte de la Fundaci\u00f3n Pensar, el think tank del\u00a0<strong>PRO mendocino<\/strong>, donde se elaboraron las propuestas y programas del partido.\u00a0<\/p>\n\n\n\n<p>German Vicchi dej\u00f3 los equipos t\u00e9cnicos para pasar a la arena pol\u00edtica en las elecciones de 2021 donde gan\u00f3 una banca en la Legislatura. Actualmente, es jefe de bloque de La Uni\u00f3n Mendocina en el Senado.&nbsp;<\/p>\n\n\n\n<p>El cuarto alfil de Omar De Marchi en Mendoza es\u00a0<strong>\u00c1lvaro Mart\u00ednez<\/strong>. El actual diputado nacional hace m\u00e1s de 20 a\u00f1os que trabaja junto a Omar De Marchi. Sus primeros pasos fueron en la juventud del PD, en 2014 se fue al\u00a0<strong>PRO\u00a0<\/strong>y<strong>\u00a0<\/strong>en 2017 consigui\u00f3 una banca en la Legislatura. En 2021 se consagr\u00f3 presidente del\u00a0<strong>PRO\u00a0mendocino<\/strong>\u00a0y ocup\u00f3 ese cargo hasta la intervenci\u00f3n del partido. Despu\u00e9s ocup\u00f3 un lugar en el Congreso y el a\u00f1o pasado fue el jefe de campa\u00f1a de Omar De Marchi.<\/p>\n\n\n\n<p>En el Congreso, al inicio represent\u00f3 al\u00a0<strong>PRO<\/strong>, despu\u00e9s arm\u00f3 un monobloque de LAUM y este a\u00f1o, cuando Omar De Marchi consolid\u00f3 su relaci\u00f3n con Javier Milei, oficializ\u00f3 su incorporaci\u00f3n al interbloque de La Libertad Avanza.\u00a0<\/p>\n\n\n\n<p>FUENTE: <\/p>\n","protected":false},"excerpt":{"rendered":"<p>Se trata de Gabriel Pradines, \u00c1lvaro Mart\u00ednez, Laura Balsells Mir\u00f3 y Germ\u00e1n Vicchi. Hoy vence el plazo de presentaci\u00f3n de las listas del PRO. Las elecciones internas ser\u00e1n el 2 de junio. A un a\u00f1o de la intervenci\u00f3n del\u00a0PRO\u00a0mendocino, los afiliados se preparan para elegir autoridades. La primera en anotarse en la carrera y buscar [&hellip;]<\/p>\n","protected":false},"author":2,"featured_media":6915,"comment_status":"open","ping_status":"open","sticky":true,"template":"","format":"standard","meta":[],"categories":[47],"tags":[],"_links":{"self":[{"href":"https:\/\/pasaenmendoza.com\/index.php?rest_route=\/wp\/v2\/posts\/6914"}],"collection":[{"href":"https:\/\/pasaenmendoza.com\/index.php?rest_route=\/wp\/v2\/posts"}],"about":[{"href":"https:\/\/pasaenmendoza.com\/index.php?rest_route=\/wp\/v2\/types\/post"}],"author":[{"embeddable":true,"href":"https:\/\/pasaenmendoza.com\/index.php?rest_route=\/wp\/v2\/users\/2"}],"replies":[{"embeddable":true,"href":"https:\/\/pasaenmendoza.com\/index.php?rest_route=%2Fwp%2Fv2%2Fcomments&post=6914"}],"version-history":[{"count":1,"href":"https:\/\/pasaenmendoza.com\/index.php?rest_route=\/wp\/v2\/posts\/6914\/revisions"}],"predecessor-version":[{"id":6916,"href":"https:\/\/pasaenmendoza.com\/index.php?rest_route=\/wp\/v2\/posts\/6914\/revisions\/6916"}],"wp:featuredmedia":[{"embeddable":true,"href":"https:\/\/pasaenmendoza.com\/index.php?rest_route=\/wp\/v2\/media\/6915"}],"wp:attachment":[{"href":"https:\/\/pasaenmendoza.com\/index.php?rest_route=%2Fwp%2Fv2%2Fmedia&parent=6914"}],"wp:term":[{"taxonomy":"category","embeddable":true,"href":"https:\/\/pasaenmendoza.com\/index.php?rest_route=%2Fwp%2Fv2%2Fcategories&post=6914"},{"taxonomy":"post_tag","embeddable":true,"href":"https:\/\/pasaenmendoza.com\/index.php?rest_route=%2Fwp%2Fv2%2Ftags&post=6914"}],"curies":[{"name":"wp","href":"https:\/\/api.w.org\/{rel}","templated":true}]}}