{"id":6917,"date":"2024-04-19T15:14:20","date_gmt":"2024-04-19T13:14:20","guid":{"rendered":"https:\/\/pasaenmendoza.com\/?p=6917"},"modified":"2024-04-19T15:14:22","modified_gmt":"2024-04-19T13:14:22","slug":"rodolfo-suarez-critico-el-aumento-en-senadores-es-un-divorcio-entre-la-politica-y-la-sociedad","status":"publish","type":"post","link":"https:\/\/pasaenmendoza.com\/?p=6917","title":{"rendered":"Rodolfo Su\u00e1rez critic\u00f3 el aumento en Senadores: \u201cEs un divorcio entre la pol\u00edtica y la sociedad\u201d"},"content":{"rendered":"\n<p>El legislador nacional de Mendoza asegur\u00f3 que \u201cno fueron avisados\u201d sobre el tratamiento del incremento de los sueldos.<\/p>\n\n\n\n<p>Tras el revuelo social que provoc\u00f3 el\u00a0aumento de la dieta de los senadores de la Naci\u00f3n\u00a0que pasar\u00e1n a cobrar m\u00e1s de cuatro millones de pesos, el legislador nacional de Mendoza,\u00a0<strong>Rodolfo Suarez,\u00a0<\/strong>explic\u00f3 los motivos por los que vot\u00f3 en contra. El exgobernador revel\u00f3 que se enter\u00f3 \u201c<em>cinco minutos<\/em>\u201d antes del comienzo de la sesi\u00f3n.<\/p>\n\n\n\n<p>Mediante una resoluci\u00f3n presentada durante la jornada del jueves, los miembros de la C\u00e1mara alta del&nbsp;<strong>Congreso de la Naci\u00f3n<\/strong>&nbsp;trataron sobre tablas&nbsp;un nuevo mecanismo de actualizaci\u00f3n de sus salarios. La iniciativa presentada por el dirigente de&nbsp;<strong>La Libertad Avanza<\/strong>,&nbsp;<strong>Juan Carlos Romero<\/strong>, no estaba en la orden del d\u00eda y tuvo el apoyo de dos tercios del recinto para su tratamiento.<\/p>\n\n\n\n<p>\u201c<em>Nos enteramos en el comedor del Congreso que se iba a tratar el tema. De ah\u00ed fuimos directo a tener una reuni\u00f3n de bloque donde planteamos que no era correcto tratar algo de esta magnitud en el contexto social en el que estamos<\/em>\u201d, revel\u00f3 Suarez <\/p>\n\n\n\n<p>Tanto el exmandatario provincial como su compa\u00f1era de banca,\u00a0<strong>Mariana Juri<\/strong>\u00a0votaron en contra del tratamiento\u00a0y del posterior aumento. En cambio, la senadora de Uni\u00f3n por la Patria,\u00a0<strong>Anabel Fern\u00e1ndez Sagasti<\/strong>\u00a0voto afirmativamente.<\/p>\n\n\n\n<p>\u201c<em>En un contexto donde gran parte de la sociedad la est\u00e1 pasando mal no nos parec\u00eda correcto tratar un tema como este. Nunca pens\u00e9 que iba a ocurrir, nos agarr\u00f3 por sorpresa. Esto es un divorcio entre la pol\u00edtica y la socieda<\/em>d\u201d, enfatiz\u00f3 Suarez.<\/p>\n\n\n\n<p>El senador nacional revel\u00f3 que luego de haber debatido los pliegos de los embajadores, un asistente de la C\u00e1mara pas\u00f3 entregando por la banca de cada legislador la resoluci\u00f3n que fue tratada minutos m\u00e1s tarde. &nbsp;<\/p>\n\n\n\n<p>\u201c<em>Luego del tratamiento de los pliegos de los embajadores pas\u00f3 una persona dejando una resoluci\u00f3n en la banca de cada senador y con Mariana decidimos votar en contra tanto de la medida como del modo en el que se estaba planteando<\/em>\u201d, sostuvo.<\/p>\n\n\n\n<p>A pesar de estar en contra del tratamiento, Suarez explic\u00f3 que el modo en el que se hizo se encuentra dentro del reglamento&nbsp;legal del Senado y que en labor parlamentaria los presidentes de bloques acordaron que no habr\u00eda lista de oradores.<\/p>\n\n\n\n<p>\u00a0\u201c<em>No pudimos hablar porque esto se acuerda en labor parlamentaria, pero no fuimos notificados. No existi\u00f3 la posibilidad de manifestarnos porque no es una ley. Uno no est\u00e1 a gusto de trabajar de esta manera<\/em>\u201d, grafic\u00f3.<\/p>\n\n\n\n<p>Una vez que culmin\u00f3 la sesi\u00f3n y ya con la resoluci\u00f3n aprobada,\u00a0Suarez y Juri presentaron una nota a la Secretar\u00eda Legislativa\u00a0para no cobrar la nueva dieta. Adem\u00e1s, el dirigente de<strong>\u00a0Juntos por el Cambio<\/strong>\u00a0se opuso a las actitudes de legisladores de donar o sortear su sueldo.<\/p>\n\n\n\n<p>\u201c<em>Lo que hicimos una vez que termin\u00f3 la sesi\u00f3n con Mariana Juri fue enviar una nota a Secretar\u00eda de Naci\u00f3n para no cobrar el aumento. Lo de donar el sueldo es una mentira porque est\u00e1s cobrando igual y adem\u00e1s haces beneficencia y est\u00e1 mal, porque solo se busca el r\u00e9dito pol\u00edtico y no comparto esas actitudes<\/em>\u201d, finaliz\u00f3 Suarez.<\/p>\n\n\n\n<p>FUENTE: Elsol.com.ar <\/p>\n","protected":false},"excerpt":{"rendered":"<p>El legislador nacional de Mendoza asegur\u00f3 que \u201cno fueron avisados\u201d sobre el tratamiento del incremento de los sueldos. Tras el revuelo social que provoc\u00f3 el\u00a0aumento de la dieta de los senadores de la Naci\u00f3n\u00a0que pasar\u00e1n a cobrar m\u00e1s de cuatro millones de pesos, el legislador nacional de Mendoza,\u00a0Rodolfo Suarez,\u00a0explic\u00f3 los motivos por los que vot\u00f3 [&hellip;]<\/p>\n","protected":false},"author":2,"featured_media":6919,"comment_status":"open","ping_status":"open","sticky":true,"template":"","format":"standard","meta":[],"categories":[47],"tags":[],"_links":{"self":[{"href":"https:\/\/pasaenmendoza.com\/index.php?rest_route=\/wp\/v2\/posts\/6917"}],"collection":[{"href":"https:\/\/pasaenmendoza.com\/index.php?rest_route=\/wp\/v2\/posts"}],"about":[{"href":"https:\/\/pasaenmendoza.com\/index.php?rest_route=\/wp\/v2\/types\/post"}],"author":[{"embeddable":true,"href":"https:\/\/pasaenmendoza.com\/index.php?rest_route=\/wp\/v2\/users\/2"}],"replies":[{"embeddable":true,"href":"https:\/\/pasaenmendoza.com\/index.php?rest_route=%2Fwp%2Fv2%2Fcomments&post=6917"}],"version-history":[{"count":1,"href":"https:\/\/pasaenmendoza.com\/index.php?rest_route=\/wp\/v2\/posts\/6917\/revisions"}],"predecessor-version":[{"id":6920,"href":"https:\/\/pasaenmendoza.com\/index.php?rest_route=\/wp\/v2\/posts\/6917\/revisions\/6920"}],"wp:featuredmedia":[{"embeddable":true,"href":"https:\/\/pasaenmendoza.com\/index.php?rest_route=\/wp\/v2\/media\/6919"}],"wp:attachment":[{"href":"https:\/\/pasaenmendoza.com\/index.php?rest_route=%2Fwp%2Fv2%2Fmedia&parent=6917"}],"wp:term":[{"taxonomy":"category","embeddable":true,"href":"https:\/\/pasaenmendoza.com\/index.php?rest_route=%2Fwp%2Fv2%2Fcategories&post=6917"},{"taxonomy":"post_tag","embeddable":true,"href":"https:\/\/pasaenmendoza.com\/index.php?rest_route=%2Fwp%2Fv2%2Ftags&post=6917"}],"curies":[{"name":"wp","href":"https:\/\/api.w.org\/{rel}","templated":true}]}}