{"id":692,"date":"2023-08-14T15:40:59","date_gmt":"2023-08-14T13:40:59","guid":{"rendered":"https:\/\/pasaenmendoza.com\/?p=692"},"modified":"2023-08-14T15:41:00","modified_gmt":"2023-08-14T13:41:00","slug":"ola-libertaria-mendoza-quedo-en-el-podio-de-mejores-resultados-para-javier-milei-en-las-elecciones","status":"publish","type":"post","link":"https:\/\/pasaenmendoza.com\/?p=692","title":{"rendered":"Ola libertaria: Mendoza qued\u00f3 en el podio de mejores resultados para Javier Milei en las elecciones"},"content":{"rendered":"\n<p>Este domingo pas\u00f3 un hurac\u00e1n libertario a nivel nacional, pero sobre todo en\u00a0<strong>Mendoza<\/strong>.\u00a0<strong>Javier Milei y su boleta violeta<\/strong><a rel=\"noreferrer noopener\" href=\"https:\/\/www.losandes.com.ar\/politica\/mapa-interactivo-mira-como-se-voto-y-quien-gano-en-tu-departamento\/\" target=\"_blank\"><strong> <\/strong><\/a><strong>de La Libertad Avanza fue la m\u00e1s elegida en la provincia<\/strong>, que recibi\u00f3 en t\u00e9rminos pol\u00edticos resultado casi impensados. El<a rel=\"noreferrer noopener\" href=\"https:\/\/www.losandes.com.ar\/politica\/euforia-en-la-sede-del-pd-festejo-con-criticas-al-populismo-kirchnerista-y-cornejista\/\" target=\"_blank\"><strong>\u00a0<\/strong><\/a><strong>44,8% de los electores se<\/strong><a rel=\"noreferrer noopener\" href=\"https:\/\/www.losandes.com.ar\/politica\/euforia-en-la-sede-del-pd-festejo-con-criticas-al-populismo-kirchnerista-y-cornejista\/\" target=\"_blank\"><strong> <\/strong><\/a><strong>inclinaron por el diputado libertario<\/strong>; mientras que lejos qued\u00f3\u00a0<strong>Juntos por el Cambio,<\/strong><a rel=\"noreferrer noopener\" href=\"https:\/\/www.losandes.com.ar\/politica\/cambia-mendoza-asegura-que-orilla-los-40-puntos-y-bullrich-supera-ampliamente-en-votos-a-rodriguez-larreta\/\" target=\"_blank\"><strong> <\/strong><\/a><strong>con un 28,2%<\/strong>; y peor a\u00fan\u00a0<strong>Uni\u00f3n por la Patria, que solamente le alcanz\u00f3 para un 16,8%<\/strong>.<\/p>\n\n\n\n<p>La elecci\u00f3n reconfigura en t\u00e9rminos pol\u00edticos la estrategia de todos los espacios pol\u00edticos, al ser el dirigente opositor m\u00e1s votado a nivel nacional, en un comicio distribuido en tercios.\u00a0<strong>Javier Milei<\/strong>\u00a0tuvo un 30% de los votos, frente un 28,2% de\u00a0<strong>Juntos por el Cambio (Patricia Bullrich le gan\u00f3 la interna a Horacio<\/strong><a rel=\"noreferrer noopener\" href=\"https:\/\/www.losandes.com.ar\/politica\/bullrich-le-gano-la-interna-a-larreta-y-se-abre-un-nuevo-escenario-por-el-ascenso-de-milei\/\" target=\"_blank\"><strong> <\/strong><\/a><strong>Rodr\u00edguez Larreta)<\/strong>\u00a0y un 27,2% para\u00a0<strong>Uni\u00f3n por<\/strong><a rel=\"noreferrer noopener\" href=\"https:\/\/www.losandes.com.ar\/politica\/sin-festejos-en-union-por-la-patria-massa-convoco-a-la-construccion-de-una-nueva-mayoria-de-cara-a-octubre\/\" target=\"_blank\"><strong> <\/strong><\/a><strong>la Patria, con un Sergio Massa que qued\u00f3 debilitado de cara a la general.<\/strong><\/p>\n\n\n\n<p>Pero lo cierto es que\u00a0<strong>Mendoza result\u00f3 ser una de las jurisdicciones donde mejor le fue a Milei<\/strong>,\u00a0que gan\u00f3 en 15 provincias. De hecho, fue el tercer mejor resultado para La Libertad Avanza a nivel nacional. Primero qued\u00f3\u00a0<strong>Salta<\/strong>, donde el libertario orill\u00f3 el 50% (tuvo un 49,3%); mientras que en<strong>\u00a0San Luis<\/strong>\u00a0lleg\u00f3 al 47,8%.<\/p>\n\n\n\n<p>Como se dijo, nuestra provincia qued\u00f3 en el podio tuvo un 44,8% de votos para el diputado libertario; mientras que otros buenos resultados se dieron tambi\u00e9n en\u00a0<strong>Chubut\u00a0<\/strong>(39,4%) y\u00a0<strong>Neuqu\u00e9n\u00a0<\/strong>(39%).<\/p>\n\n\n\n<p><strong>OLA LIBERTARIA<\/strong><\/p>\n\n\n\n<p>Adentr\u00e1ndonos en los resultados por departamento,\u00a0<strong>Milei\u00a0<\/strong>rompi\u00f3 todas las expectativas -incluso al encuestador\u00a0<strong>Elbio Rodr\u00edguez,<\/strong>\u00a0que dijo que ganaba pero no tanto como termin\u00f3 siendo- y triunf\u00f3 en\u00a0<strong>16 de los 18 departamentos<\/strong>, muchos de los cuales han sabido ser bastiones radicales como peronistas.<\/p>\n\n\n\n<p>En este sentido, s\u00f3lo no gan\u00f3 en\u00a0<strong>Capital<\/strong>, \u00fanica comuna que qued\u00f3 de color amarillo con<strong>\u00a0Juntos por el Cambio<\/strong>\u00a0primero; as\u00ed como tampoco en\u00a0<strong>La Paz<\/strong>, que fue tambi\u00e9n una \u00fanica comuna, pero en este caso pintada de celeste por una victoria de<strong>\u00a0Uni\u00f3n por la Patria.<\/strong><\/p>\n\n\n\n<p>En el ranking provincial, en dos departamentos Javier Milei super\u00f3 el 50%, y ambos son del<strong>\u00a0Valle de Uco<\/strong>. Uno de ellas fue\u00a0<strong>San Carlos<\/strong>, donde lleg\u00f3 al 55,5%; mientras que el otro fue\u00a0<strong>Tupungato<\/strong>, con un 54,8%.<\/p>\n\n\n\n<p>La tercera comuna donde le fue mejor al libertario fue\u00a0<strong>Maip\u00fa<\/strong>, municipio gobernado hist\u00f3ricamente por el peronismo, donde lleg\u00f3 al 49,8%.<\/p>\n\n\n\n<p>A partir de all\u00ed, el resto de los departamentos donde gan\u00f3\u00a0<strong>Milei\u00a0<\/strong>son comunas que ampliamente han sabido acompa\u00f1ar, por ejemplo, a<strong>\u00a0Juntos por el Cambio<\/strong>, como por ejemplo\u00a0<strong>Jun\u00edn<\/strong>, donde el libertario tuvo un 47,9%;\u00a0<strong>Rivadavia<\/strong>, con un 46,7%;\u00a0<strong>Las Heras<\/strong>, con un 46%;\u00a0<strong>Guaymall\u00e9n<\/strong>, con 45,7%;\u00a0<strong>Luj\u00e1n de Cuyo<\/strong>, con un 45%; y\u00a0<strong>Malarg\u00fce<\/strong>, con un 44%.<\/p>\n\n\n\n<p>En tanto, lo mismo ocurri\u00f3 con comunas gobernadas por el peronismo. Adem\u00e1s de la mencionada\u00a0<strong>Maip\u00fa<\/strong>, en\u00a0<strong>Tunuy\u00e1n<\/strong>, donde\u00a0<strong>Uni\u00f3n por la Patria<\/strong>\u00a0presentaba al\u00a0<strong>intendente Mart\u00edn Aveiro\u00a0<\/strong>como el precandidato a diputado nacional en primer t\u00e9rmino,\u00a0<strong>Milei\u00a0<\/strong>obtuvo un gran 49%. En\u00a0<strong>Lavalle<\/strong>, gan\u00f3 con un 46,7%; mientras que en\u00a0<strong>San Rafael<\/strong>\u00a0lleg\u00f3 al 46,4%.<\/p>\n\n\n\n<p>Ahora bien, no deja de sorprender tambi\u00e9n el resultado en\u00a0<strong>San Mart\u00edn<\/strong>, de donde es oriundo<strong>\u00a0Luis Petr<\/strong>i, compa\u00f1ero de f\u00f3rmula de\u00a0<strong>Patricia Bullrich<\/strong>\u00a0y que gan\u00f3 la interna en\u00a0<strong>Juntos por el Cambio.<\/strong>\u00a0En este caso,\u00a0<strong>Petri\u00a0<\/strong>no fue profeta en su tierra, ya que\u00a0<strong>Milei\u00a0<\/strong>tuvo el 42,9% de los sufragios, mientras que\u00a0<strong>Bullrich<\/strong>&#8211;<strong>Petri\u00a0<\/strong>llegaron solamente al 24% (sumando a\u00a0<strong>Rodr\u00edguez Larreta,\u00a0<\/strong>la coalici\u00f3n tuvo un 28,5%).<\/p>\n\n\n\n<p><strong>EL RANKING DEL VOTO A MILEI EN MENDOZA<\/strong><\/p>\n\n\n\n<ul>\n<li><strong>San Carlos:<\/strong>&nbsp;55,5%<\/li>\n\n\n\n<li><strong>Tupungato<\/strong>: 54,8%<\/li>\n\n\n\n<li><strong>Maip\u00fa<\/strong>: 49,8%<\/li>\n\n\n\n<li><strong>Tunuy\u00e1n<\/strong>: 49%<\/li>\n\n\n\n<li><strong>Jun\u00edn<\/strong>: 47,9%<\/li>\n\n\n\n<li><strong>Lavalle<\/strong>: 46,7%<\/li>\n\n\n\n<li><strong>Rivadavia<\/strong>: 46,7%<\/li>\n\n\n\n<li><strong>San Rafael<\/strong>: 46,4%<\/li>\n\n\n\n<li><strong>Las Heras<\/strong>: 46%<\/li>\n\n\n\n<li><strong>Guaymall\u00e9n<\/strong>: 45,7%<\/li>\n\n\n\n<li><strong>Luj\u00e1n de<\/strong>&nbsp;<strong>Cuyo<\/strong>: 45%<\/li>\n\n\n\n<li><strong>Malarg\u00fce<\/strong>: 44%<\/li>\n\n\n\n<li><strong>San Mart\u00edn<\/strong>: 42,9%<\/li>\n\n\n\n<li><strong>Godoy Cruz<\/strong>: 40%<\/li>\n\n\n\n<li><strong>General Alvear<\/strong>: 39,3%<\/li>\n\n\n\n<li><strong>Santa Rosa<\/strong>: 37,6%<\/li>\n\n\n\n<li><strong>Capital<\/strong>: 33,4% (gan\u00f3 Juntos por el Cambio con un 42,6%)<\/li>\n\n\n\n<li><strong>La Paz<\/strong>: 27,1% (gan\u00f3 Uni\u00f3n por la Patria con un 40,1%)<\/li>\n<\/ul>\n\n\n\n<p><strong>Fuente: www.losandes.com.ar<\/strong><\/p>\n","protected":false},"excerpt":{"rendered":"<p>Este domingo pas\u00f3 un hurac\u00e1n libertario a nivel nacional, pero sobre todo en\u00a0Mendoza.\u00a0Javier Milei y su boleta violeta de La Libertad Avanza fue la m\u00e1s elegida en la provincia, que recibi\u00f3 en t\u00e9rminos pol\u00edticos resultado casi impensados. El\u00a044,8% de los electores se inclinaron por el diputado libertario; mientras que lejos qued\u00f3\u00a0Juntos por el Cambio, con [&hellip;]<\/p>\n","protected":false},"author":2,"featured_media":693,"comment_status":"open","ping_status":"open","sticky":false,"template":"","format":"standard","meta":[],"categories":[47],"tags":[],"_links":{"self":[{"href":"https:\/\/pasaenmendoza.com\/index.php?rest_route=\/wp\/v2\/posts\/692"}],"collection":[{"href":"https:\/\/pasaenmendoza.com\/index.php?rest_route=\/wp\/v2\/posts"}],"about":[{"href":"https:\/\/pasaenmendoza.com\/index.php?rest_route=\/wp\/v2\/types\/post"}],"author":[{"embeddable":true,"href":"https:\/\/pasaenmendoza.com\/index.php?rest_route=\/wp\/v2\/users\/2"}],"replies":[{"embeddable":true,"href":"https:\/\/pasaenmendoza.com\/index.php?rest_route=%2Fwp%2Fv2%2Fcomments&post=692"}],"version-history":[{"count":1,"href":"https:\/\/pasaenmendoza.com\/index.php?rest_route=\/wp\/v2\/posts\/692\/revisions"}],"predecessor-version":[{"id":694,"href":"https:\/\/pasaenmendoza.com\/index.php?rest_route=\/wp\/v2\/posts\/692\/revisions\/694"}],"wp:featuredmedia":[{"embeddable":true,"href":"https:\/\/pasaenmendoza.com\/index.php?rest_route=\/wp\/v2\/media\/693"}],"wp:attachment":[{"href":"https:\/\/pasaenmendoza.com\/index.php?rest_route=%2Fwp%2Fv2%2Fmedia&parent=692"}],"wp:term":[{"taxonomy":"category","embeddable":true,"href":"https:\/\/pasaenmendoza.com\/index.php?rest_route=%2Fwp%2Fv2%2Fcategories&post=692"},{"taxonomy":"post_tag","embeddable":true,"href":"https:\/\/pasaenmendoza.com\/index.php?rest_route=%2Fwp%2Fv2%2Ftags&post=692"}],"curies":[{"name":"wp","href":"https:\/\/api.w.org\/{rel}","templated":true}]}}