{"id":6921,"date":"2024-04-19T15:18:29","date_gmt":"2024-04-19T13:18:29","guid":{"rendered":"https:\/\/pasaenmendoza.com\/?p=6921"},"modified":"2024-04-19T15:18:30","modified_gmt":"2024-04-19T13:18:30","slug":"cornejo-se-reunio-con-autoridades-de-la-lider-mundial-en-produccion-de-cobre","status":"publish","type":"post","link":"https:\/\/pasaenmendoza.com\/?p=6921","title":{"rendered":"Cornejo se reuni\u00f3 con autoridades de la l\u00edder mundial en producci\u00f3n de cobre"},"content":{"rendered":"\n<p>El gobernador de Mendoza,<strong>Alfredo Cornejo<\/strong>,\u00a0mantuvo una reuni\u00f3n este jueves con los directivos de la empresa estatal chilena\u00a0<strong>Codelco<\/strong>, una de las m\u00e1s importantes a nivel mundial en la producci\u00f3n de cobre.\u00a0<\/p>\n\n\n\n<p>En el marco de la Cesco Week 2024,\u00a0 una de las ferias mineras dedicadas al cobre m\u00e1s importantes del mundo que se realiza en la capital trasandina y que re\u00fane a las principales firmas y autoridades de la industria,\u00a0<strong>Cornejo viaj\u00f3 junto a la ministra de Energ\u00eda y Ambiente, Jimena Latorre<\/strong>, para participar del evento y mantener reuniones con las empresas l\u00edderes.<\/p>\n\n\n\n<p>En su cuenta de X, el gobernador mendocino confirm\u00f3 la reuni\u00f3n, se\u00f1alando que hubo un encuentro con los directivos de Codelco &#8220;la empresa del Estado chileno que lidera la producci\u00f3n de cobre en el mundo. Esta corporaci\u00f3n se dedica a desarrollar y explotar recursos mineros, procesarlos para producir cobre refinado y subproductos, y luego comercializarlos a clientes en todo el mundo&#8221;.<\/p>\n\n\n\n<p>A su vez,\u00a0<strong>Cornejo<\/strong>\u00a0public\u00f3 que &#8220;CODELCO es reconocida internacionalmente por su excelencia en pr\u00e1cticas comerciales y compromiso con la sostenibilidad. En Mendoza queremos replicar ese modelo para impulsar el desarrollo de una miner\u00eda sostenible&#8221;.<\/p>\n\n\n\n<p>Mendoza, al igual que la Naci\u00f3n, quieren impulsar la industria minera en la Provincia, en una semana donde el Ejecutivo provincial se vio envuelto en pol\u00e9mica, por los dichos de la vicegobernadora, Hebe Casado, sobre la Ley N\u00b0 7722, a la que calific\u00f3 de &#8220;un invento est\u00fapido\u00a0 de los mendocinos&#8221;.<\/p>\n\n\n\n<p>FUENTE: Mendozapost.<\/p>\n","protected":false},"excerpt":{"rendered":"<p>El gobernador de Mendoza,Alfredo Cornejo,\u00a0mantuvo una reuni\u00f3n este jueves con los directivos de la empresa estatal chilena\u00a0Codelco, una de las m\u00e1s importantes a nivel mundial en la producci\u00f3n de cobre.\u00a0 En el marco de la Cesco Week 2024,\u00a0 una de las ferias mineras dedicadas al cobre m\u00e1s importantes del mundo que se realiza en la [&hellip;]<\/p>\n","protected":false},"author":2,"featured_media":6924,"comment_status":"open","ping_status":"open","sticky":true,"template":"","format":"standard","meta":[],"categories":[47],"tags":[],"_links":{"self":[{"href":"https:\/\/pasaenmendoza.com\/index.php?rest_route=\/wp\/v2\/posts\/6921"}],"collection":[{"href":"https:\/\/pasaenmendoza.com\/index.php?rest_route=\/wp\/v2\/posts"}],"about":[{"href":"https:\/\/pasaenmendoza.com\/index.php?rest_route=\/wp\/v2\/types\/post"}],"author":[{"embeddable":true,"href":"https:\/\/pasaenmendoza.com\/index.php?rest_route=\/wp\/v2\/users\/2"}],"replies":[{"embeddable":true,"href":"https:\/\/pasaenmendoza.com\/index.php?rest_route=%2Fwp%2Fv2%2Fcomments&post=6921"}],"version-history":[{"count":1,"href":"https:\/\/pasaenmendoza.com\/index.php?rest_route=\/wp\/v2\/posts\/6921\/revisions"}],"predecessor-version":[{"id":6925,"href":"https:\/\/pasaenmendoza.com\/index.php?rest_route=\/wp\/v2\/posts\/6921\/revisions\/6925"}],"wp:featuredmedia":[{"embeddable":true,"href":"https:\/\/pasaenmendoza.com\/index.php?rest_route=\/wp\/v2\/media\/6924"}],"wp:attachment":[{"href":"https:\/\/pasaenmendoza.com\/index.php?rest_route=%2Fwp%2Fv2%2Fmedia&parent=6921"}],"wp:term":[{"taxonomy":"category","embeddable":true,"href":"https:\/\/pasaenmendoza.com\/index.php?rest_route=%2Fwp%2Fv2%2Fcategories&post=6921"},{"taxonomy":"post_tag","embeddable":true,"href":"https:\/\/pasaenmendoza.com\/index.php?rest_route=%2Fwp%2Fv2%2Ftags&post=6921"}],"curies":[{"name":"wp","href":"https:\/\/api.w.org\/{rel}","templated":true}]}}