{"id":6927,"date":"2024-04-19T15:23:00","date_gmt":"2024-04-19T13:23:00","guid":{"rendered":"https:\/\/pasaenmendoza.com\/?p=6927"},"modified":"2024-04-19T15:23:01","modified_gmt":"2024-04-19T13:23:01","slug":"tambien-en-mendoza-convocan-para-marchar-el-martes-en-defensa-de-la-educacion-publica","status":"publish","type":"post","link":"https:\/\/pasaenmendoza.com\/?p=6927","title":{"rendered":"Tambi\u00e9n en Mendoza convocan para marchar el martes en defensa de la educaci\u00f3n p\u00fablica"},"content":{"rendered":"\n<p>La UNCuyo y agrupaciones universitarias, sindicales y pol\u00edticas convocaron a replicar en Mendoza la Marcha Federal por la Educaci\u00f3n P\u00fablica del pr\u00f3ximo martes<\/p>\n\n\n\n<p>La convocatoria a la\u00a0<strong>Marcha Federal por la Educaci\u00f3n P\u00fablica<\/strong>\u00a0que se har\u00e1 en Buenos Aires el martes 23 de abril ser\u00e1 replicada en Mendoza el mismo d\u00eda.<\/p>\n\n\n\n<p>La movilizaci\u00f3n en nuestra provincia es motorizada por la propia\u00a0<strong>UNCuyo<\/strong>, que si bien no dar\u00e1 asueto, &#8220;liberar\u00e1&#8221; de tareas tanto a docentes como no docentes y alumnos que decidan participar de la manifestaci\u00f3n.<strong>\u00a0No habr\u00e1 sanciones ni se computar\u00e1n faltas.<\/strong><\/p>\n\n\n\n<p>Adem\u00e1s de la casa de estudios, la convocatoria a marchar el martes parti\u00f3 tambi\u00e9n de\u00a0<strong>agrupaciones estudiantiles de casi todos los partidos, de asociaciones docentes y sindicales y de organizaciones sociales<\/strong>.<\/p>\n\n\n\n<h2 class=\"wp-block-heading\">La Marcha Federal en Mendoza en defensa de la educaci\u00f3n p\u00fablica<\/h2>\n\n\n\n<p>Como en Buenos Aires y en varios puntos del pa\u00eds en Mendoza habr\u00e1 Marcha Federal por la Educaci\u00f3n P\u00fablica.&nbsp;<strong>La convocatoria es a las 16 en la rotonda de ingreso a la UNCuyo<\/strong>.<\/p>\n\n\n\n<p>Desde el lugar de concentraci\u00f3n, directivos de la universidad, docentes, no docentes, estudiantes y quienes se sumen tiene previsto&nbsp;<strong>avanzar a la plaza Independencia<\/strong>.<\/p>\n\n\n\n<p>Todo indica que habr\u00e1 cortes de calles, lo que ocurri\u00f3 en la marcha anterior y motiv\u00f3 que la Municipalidad de la Ciudad de Mendoza multara en casi un mill\u00f3n de pesos a la FADIUNC&nbsp;<strong>(Federaci\u00f3n Nacional de Docentes, Investigadores y Creativos Universitarios).&nbsp;<\/strong>Esta situaci\u00f3n podr\u00eda repetirse el pr\u00f3ximo martes, salvo que los organizadores, incluido el rectorado de la UNCuyo, cuenten con los permisos correspondientes.<\/p>\n\n\n\n<p>Esta semana&nbsp;<strong>el Consejo Superior de la UNCuyo adhiri\u00f3 a la convocatoria del Consejo Interuniversitario Nacional<\/strong>&nbsp;que incluir\u00e1 una movilizaci\u00f3n desde el Congreso a Plaza de Mayo y marchas en cada universidad del pa\u00eds, entre otras acciones.<\/p>\n\n\n\n<p>La rectora&nbsp;<strong>Esther S\u00e1nchez<\/strong>&nbsp;estar\u00e1 ese d\u00eda en Buenos Aires junto a sus pares de las universidades de todo el pa\u00eds.<\/p>\n\n\n\n<p>Sanchez encabez\u00f3 la sesi\u00f3n ordinaria del\u00a0<strong>Consejo Superior<\/strong>\u00a0de la\u00a0UNCuyo. Puso en contexto la situaci\u00f3n actual con la lectura de la declaraci\u00f3n del\u00a0<strong>Consejo Interuniversitario Nacional\u00a0<\/strong>-que cuenta con nuevas autoridades<a rel=\"noreferrer noopener\" href=\"https:\/\/www.cin.edu.ar\/el-cin-eligio-nuevas-autoridades-3\/\" target=\"_blank\"><\/a>\u00a0electas- para visibilizar la cr\u00edtica situaci\u00f3n econ\u00f3mica que padece el sistema universitario p\u00fablico.<\/p>\n\n\n\n<p>El comunicado expresa la voluntad de convocar a una marcha en defensa de la educaci\u00f3n y del sistema universitario p\u00fablico argentino, que se realizar\u00e1 el martes&nbsp;<strong>23 de abril&nbsp;<\/strong>en la ciudad de&nbsp;<strong>Buenos Aires<\/strong>.<\/p>\n\n\n\n<p>As\u00ed, por pedido del&nbsp;<strong>CIN<\/strong>, la titular de la&nbsp;<strong>UNCuyo&nbsp;<\/strong>afirm\u00f3 su participaci\u00f3n all\u00ed, mientras que&nbsp;<strong>Gabriel Fidel&nbsp;<\/strong>encabezar\u00e1 la marcha<strong><\/strong>&nbsp;en Mendoza en su rol como vicerrector y docente, desde el Campus de la&nbsp;<strong>casa de estudios<\/strong>&nbsp;a partir de las 16.<\/p>\n\n\n\n<p>S\u00e1nchez sintetiz\u00f3 lo que fue el plenario&nbsp;<strong>de rectoras y rectores del CIN en la Universidad Nacional de San Mart\u00edn (UNSAM<\/strong>), donde uno de los temas m\u00e1s r\u00edspidos que se discuti\u00f3 fue el tema de adoctrinamiento.<\/p>\n\n\n\n<p><strong>&#8220;Las universidades no adoctrinan sino que democratizan la palabra.&nbsp;<\/strong>Las universidades son aquellos espacios en los que se escucha a las diversas voces, en las que se trabajan todas las ideas.&nbsp;<strong>La \u00fanica manera de generar pensamiento cr\u00edtico es conocer todas las posturas<\/strong>&nbsp;y de ah\u00ed en m\u00e1s trabajar en la propia&#8221;, manifest\u00f3 la rectora.<\/p>\n\n\n\n<p>Al respecto, detall\u00f3 los numerosos di\u00e1logos en los que se plante\u00f3 no solo la situaci\u00f3n actual sino que se busc\u00f3 poner en valor que&nbsp;<strong>&#8220;la universidad no es una casta&#8221;,<\/strong>&nbsp;que lo que se defiende no es un estatus, sino que la lucha tiene que ver con lo que es la educaci\u00f3n p\u00fablica y con lo que significa para el pueblo.<\/p>\n\n\n\n<p><strong>&#8220;En esta firme posici\u00f3n es que todos los rectores y rectoras estamos en esta tarea de visibilizar lo que est\u00e1 sucediendo con las universidades p\u00fablicas y con el sistema de ciencia y tecnolog\u00eda. Sin educaci\u00f3n y sin un sistema de ciencia y tecnolog\u00eda no podremos desarrollarnos como pa\u00eds&#8221;,\u00a0<\/strong>argument\u00f3.<\/p>\n\n\n\n<h2 class=\"wp-block-heading\"><strong>Gabriel Fidel: &#8220;Vamos a estar en la calle, en la plaza y en la peatonal&#8221;<\/strong><\/h2>\n\n\n\n<p><strong>Gabriel Fidel&nbsp;<\/strong>se\u00f1al\u00f3 que la idea es conformar una comisi\u00f3n coordinada por la<strong>&nbsp;secretaria general&nbsp;<\/strong>del&nbsp;<strong>Rectorado<\/strong>,&nbsp;<strong>Estefan\u00eda Villarruel<\/strong>, para encauzar todas las acciones.<\/p>\n\n\n\n<p>Explic\u00f3 que el reclamo se compone de 2 partes: la marcha en s\u00ed, desde el&nbsp;<strong>Campus<\/strong>&nbsp;de la&nbsp;<strong>UNCuyo<\/strong>, a las 16 y una convocatoria en la&nbsp;<strong>Plaza Independencia<\/strong>, a las 18.&nbsp;<strong>&#8220;Vamos a poner todo lo que tenemos como universidad en la calle: vamos a estar en la calle, en la plaza y en la peatonal, vamos a solicitar los espacios a la municipalidad. Queremos realmente visibilizar esto&#8221;.<\/strong><\/p>\n\n\n\n<p>Tambi\u00e9n pidi\u00f3 al personal no docente y estudiantil de cada unidad acad\u00e9mica que se sumen:&nbsp;<strong>&#8220;Esta es una acci\u00f3n de todo un colectivo nacional, el resto vamos a estar ac\u00e1 en Mendoza acompa\u00f1ando esas acciones.&#8221;<\/strong><\/p>\n\n\n\n<p>&#8220;Estamos convocando a una defensa de la universidad y la educaci\u00f3n p\u00fablica buscando visibilizar de tal manera\u00a0<strong>que sea la sociedad la que abrace esta causa<\/strong>&#8220;, enfatiz\u00f3 Fidel.<\/p>\n\n\n\n<p>FUENTE: Diariouno.com.ar <\/p>\n","protected":false},"excerpt":{"rendered":"<p>La UNCuyo y agrupaciones universitarias, sindicales y pol\u00edticas convocaron a replicar en Mendoza la Marcha Federal por la Educaci\u00f3n P\u00fablica del pr\u00f3ximo martes La convocatoria a la\u00a0Marcha Federal por la Educaci\u00f3n P\u00fablica\u00a0que se har\u00e1 en Buenos Aires el martes 23 de abril ser\u00e1 replicada en Mendoza el mismo d\u00eda. La movilizaci\u00f3n en nuestra provincia es [&hellip;]<\/p>\n","protected":false},"author":2,"featured_media":6928,"comment_status":"open","ping_status":"open","sticky":true,"template":"","format":"standard","meta":[],"categories":[47],"tags":[],"_links":{"self":[{"href":"https:\/\/pasaenmendoza.com\/index.php?rest_route=\/wp\/v2\/posts\/6927"}],"collection":[{"href":"https:\/\/pasaenmendoza.com\/index.php?rest_route=\/wp\/v2\/posts"}],"about":[{"href":"https:\/\/pasaenmendoza.com\/index.php?rest_route=\/wp\/v2\/types\/post"}],"author":[{"embeddable":true,"href":"https:\/\/pasaenmendoza.com\/index.php?rest_route=\/wp\/v2\/users\/2"}],"replies":[{"embeddable":true,"href":"https:\/\/pasaenmendoza.com\/index.php?rest_route=%2Fwp%2Fv2%2Fcomments&post=6927"}],"version-history":[{"count":1,"href":"https:\/\/pasaenmendoza.com\/index.php?rest_route=\/wp\/v2\/posts\/6927\/revisions"}],"predecessor-version":[{"id":6929,"href":"https:\/\/pasaenmendoza.com\/index.php?rest_route=\/wp\/v2\/posts\/6927\/revisions\/6929"}],"wp:featuredmedia":[{"embeddable":true,"href":"https:\/\/pasaenmendoza.com\/index.php?rest_route=\/wp\/v2\/media\/6928"}],"wp:attachment":[{"href":"https:\/\/pasaenmendoza.com\/index.php?rest_route=%2Fwp%2Fv2%2Fmedia&parent=6927"}],"wp:term":[{"taxonomy":"category","embeddable":true,"href":"https:\/\/pasaenmendoza.com\/index.php?rest_route=%2Fwp%2Fv2%2Fcategories&post=6927"},{"taxonomy":"post_tag","embeddable":true,"href":"https:\/\/pasaenmendoza.com\/index.php?rest_route=%2Fwp%2Fv2%2Ftags&post=6927"}],"curies":[{"name":"wp","href":"https:\/\/api.w.org\/{rel}","templated":true}]}}