{"id":6941,"date":"2024-04-19T23:23:09","date_gmt":"2024-04-19T21:23:09","guid":{"rendered":"https:\/\/pasaenmendoza.com\/?p=6941"},"modified":"2024-04-19T23:23:10","modified_gmt":"2024-04-19T21:23:10","slug":"despidieron-a-los-trabajadores-del-canal-acequia-tv","status":"publish","type":"post","link":"https:\/\/pasaenmendoza.com\/?p=6941","title":{"rendered":"Despidieron a los trabajadores del Canal Acequia TV"},"content":{"rendered":"\n<p>Unos<strong>\u00a030 empleados\u00a0<\/strong>que se desempe\u00f1aban en\u00a0<strong>Acequia TV\u00a0<\/strong>fueron\u00a0<strong>despedidos<\/strong>\u00a0este viernes por\u00a0<strong>Mendoza Fiduciaria<\/strong>, el ente que controlaba el canal p\u00fablico creado en marzo de 2014.<\/p>\n\n\n\n<p>Personal de Mendoza Fiduciaria notific\u00f3 a los trabajadores y les informaron que ser\u00e1n indemnizados. Figuran<strong>&nbsp;periodistas, camar\u00f3grafos y personal t\u00e9cnico<\/strong>.<\/p>\n\n\n\n<p>El posible cierre del canal fundado durante la gesti\u00f3n justicialista de\u00a0<strong>Francisco P\u00e9rez\u00a0<\/strong>hab\u00eda sido adelantado por el Gobierno en\u00a0la presentaci\u00f3n del paquete de reforma fiscal que hizo el ministro de Hacienda,\u00a0<strong>V\u00edctor Fayad<\/strong>, en la Legislatura, el 10 de abril.<\/p>\n\n\n\n<p>Concretamente, el pedido del Eejcutivo era para la enajenaci\u00f3n y\/o liquidaci\u00f3n del\u00a0Canal Acequia.<\/p>\n\n\n\n<p>En esa instancia, Fayad aclar\u00f3 que podr\u00edan ofrecerlo en primer lugar al sector privado o cerrarlo si no hab\u00eda ofertas.<\/p>\n\n\n\n<p><em>\u201cVamos a, en primer lugar, si es algo que le pueda interesar al sector privado administrar ese servicio, y en el caso de que no haya ofertas, liquidaremos los activos. Los tiempos han cambiado desde que el Gobierno decidi\u00f3 tomar un medio para la difusi\u00f3n de actos de gobierno<\/em>\u201c, contempl\u00f3 el funcionario en ese momento.<\/p>\n\n\n\n<p>El principal argumento para el cierre del canal estatal es netamente econ\u00f3mico. Fayad recalc\u00f3 que la idea es \u201c<em>dejar de utilizar dinero de los impuestos para financiar el medio<\/em>\u201c.<\/p>\n\n\n\n<p>En l\u00edneas generales, el destino del canal de televisi\u00f3n con 9 a\u00f1os de existencia en el aire estaba contemplado en el paquete fiscal como parte del cap\u00edtulo del manejo eficiente de activos del Estado, donde tambi\u00e9n se propuso mejorar la gesti\u00f3n de cobro del IPV, entre otros puntos.<\/p>\n\n\n\n<p><strong>Fuente: www.elsol.com.ar<\/strong><\/p>\n","protected":false},"excerpt":{"rendered":"<p>Unos\u00a030 empleados\u00a0que se desempe\u00f1aban en\u00a0Acequia TV\u00a0fueron\u00a0despedidos\u00a0este viernes por\u00a0Mendoza Fiduciaria, el ente que controlaba el canal p\u00fablico creado en marzo de 2014. Personal de Mendoza Fiduciaria notific\u00f3 a los trabajadores y les informaron que ser\u00e1n indemnizados. Figuran&nbsp;periodistas, camar\u00f3grafos y personal t\u00e9cnico. El posible cierre del canal fundado durante la gesti\u00f3n justicialista de\u00a0Francisco P\u00e9rez\u00a0hab\u00eda sido adelantado por [&hellip;]<\/p>\n","protected":false},"author":2,"featured_media":6942,"comment_status":"open","ping_status":"open","sticky":false,"template":"","format":"standard","meta":[],"categories":[106],"tags":[],"_links":{"self":[{"href":"https:\/\/pasaenmendoza.com\/index.php?rest_route=\/wp\/v2\/posts\/6941"}],"collection":[{"href":"https:\/\/pasaenmendoza.com\/index.php?rest_route=\/wp\/v2\/posts"}],"about":[{"href":"https:\/\/pasaenmendoza.com\/index.php?rest_route=\/wp\/v2\/types\/post"}],"author":[{"embeddable":true,"href":"https:\/\/pasaenmendoza.com\/index.php?rest_route=\/wp\/v2\/users\/2"}],"replies":[{"embeddable":true,"href":"https:\/\/pasaenmendoza.com\/index.php?rest_route=%2Fwp%2Fv2%2Fcomments&post=6941"}],"version-history":[{"count":1,"href":"https:\/\/pasaenmendoza.com\/index.php?rest_route=\/wp\/v2\/posts\/6941\/revisions"}],"predecessor-version":[{"id":6943,"href":"https:\/\/pasaenmendoza.com\/index.php?rest_route=\/wp\/v2\/posts\/6941\/revisions\/6943"}],"wp:featuredmedia":[{"embeddable":true,"href":"https:\/\/pasaenmendoza.com\/index.php?rest_route=\/wp\/v2\/media\/6942"}],"wp:attachment":[{"href":"https:\/\/pasaenmendoza.com\/index.php?rest_route=%2Fwp%2Fv2%2Fmedia&parent=6941"}],"wp:term":[{"taxonomy":"category","embeddable":true,"href":"https:\/\/pasaenmendoza.com\/index.php?rest_route=%2Fwp%2Fv2%2Fcategories&post=6941"},{"taxonomy":"post_tag","embeddable":true,"href":"https:\/\/pasaenmendoza.com\/index.php?rest_route=%2Fwp%2Fv2%2Ftags&post=6941"}],"curies":[{"name":"wp","href":"https:\/\/api.w.org\/{rel}","templated":true}]}}